{"id":315081,"date":"2019-02-14T06:03:24","date_gmt":"2019-02-14T10:03:24","guid":{"rendered":"http:\/\/primermomento.com\/?p=315081"},"modified":"2019-02-14T15:04:52","modified_gmt":"2019-02-14T19:04:52","slug":"vaticinan-debil-evento-de-el-nino-en-el-oceano-pacifico","status":"publish","type":"post","link":"https:\/\/primermomento.com\/?p=315081","title":{"rendered":"Vaticinan d\u00e9bil evento de El Ni\u00f1o en el Oc\u00e9ano Pac\u00edfico"},"content":{"rendered":"\n<p> El patr\u00f3n clim\u00e1tico conocido como El Ni\u00f1o  lleg\u00f3 al Oc\u00e9ano Pac\u00edfico, pero ser\u00e1 d\u00e9bil este a\u00f1o, pronostic\u00f3 hoy el  Centro de Predicci\u00f3n Clim\u00e1tica de la Administraci\u00f3n Nacional Oce\u00e1nica y  Atmosf\u00e9rica (NOAA), de Estados Unidos.                         <br>                          <\/p>\n\n\n\n<figure class=\"wp-block-image\"><img loading=\"lazy\" decoding=\"async\" width=\"1024\" height=\"681\" src=\"http:\/\/primermomento.com\/wp-content\/uploads\/2017\/05\/NOAA1-1024x681.jpg\" alt=\"\" class=\"wp-image-290537\" srcset=\"https:\/\/primermomento.com\/wp-content\/uploads\/2017\/05\/NOAA1-1024x681.jpg 1024w, https:\/\/primermomento.com\/wp-content\/uploads\/2017\/05\/NOAA1-300x200.jpg 300w, https:\/\/primermomento.com\/wp-content\/uploads\/2017\/05\/NOAA1-768x511.jpg 768w, https:\/\/primermomento.com\/wp-content\/uploads\/2017\/05\/NOAA1-73x50.jpg 73w, https:\/\/primermomento.com\/wp-content\/uploads\/2017\/05\/NOAA1-500x333.jpg 500w, https:\/\/primermomento.com\/wp-content\/uploads\/2017\/05\/NOAA1-280x186.jpg 280w, https:\/\/primermomento.com\/wp-content\/uploads\/2017\/05\/NOAA1-60x40.jpg 60w, https:\/\/primermomento.com\/wp-content\/uploads\/2017\/05\/NOAA1-638x425.jpg 638w, https:\/\/primermomento.com\/wp-content\/uploads\/2017\/05\/NOAA1-118x79.jpg 118w, https:\/\/primermomento.com\/wp-content\/uploads\/2017\/05\/NOAA1-479x319.jpg 479w\" sizes=\"auto, (max-width: 1024px) 100vw, 1024px\" \/><\/figure>\n\n\n\n<p>Si bien las  temperaturas de la superficie del mar est\u00e1n por encima del promedio, las  observaciones actuales y los modelos clim\u00e1ticos indican que este Ni\u00f1o  ser\u00e1 d\u00e9bil, anunci\u00f3 el director adjunto de la instituci\u00f3n cient\u00edfica,  Mike Halpert.<\/p>\n\n\n\n<p> Eso significa que no esperamos impactos globales \nsignificativos durante el resto del invierno y hasta la primavera, \nexplic\u00f3 el tambi\u00e9n pronosticador de ENSO (El Ni\u00f1o-Oscilaci\u00f3n del Sur).<\/p>\n\n\n\n<p>\n Seg\u00fan los expertos, algunas de las precipitaciones superiores a lo \nnormal este invierno en partes del oeste de Estados Unidos est\u00e1n \nrelacionadas con la variabilidad subestacional atribuida a otro fen\u00f3meno\n clim\u00e1tico, la Oscilaci\u00f3n de Madden Julian (OMJ).<\/p>\n\n\n\n<p> El Ni\u00f1o es un \nfen\u00f3meno natural, oce\u00e1nico-atmosf\u00e9rico, marcado por temperaturas de la \nsuperficie del mar m\u00e1s c\u00e1lidas que el promedio en el Oc\u00e9ano Pac\u00edfico \ncentral cerca del ecuador.<\/p>\n\n\n\n<p> La Ni\u00f1a -el fen\u00f3meno inverso a El \nNi\u00f1o- entr\u00f3 en vigencia durante el pasado invierno en octubre de 2017 y \ndur\u00f3 hasta abril de 2018 antes de volver a las condiciones neutrales.<\/p>\n\n\n\n<p>  Los cient\u00edficos de NOAA informaron que continuar\u00e1n monitoreando el  actual evento de el Pac\u00edfico y emitir\u00e1n la pr\u00f3xima actualizaci\u00f3n  mensual. <\/p>\n\n\n\n<p style=\"text-align:right\">PL<\/p>\n","protected":false},"excerpt":{"rendered":"<p>El patr\u00f3n clim\u00e1tico conocido como El Ni\u00f1o lleg\u00f3 al Oc\u00e9ano Pac\u00edfico, pero ser\u00e1 d\u00e9bil este a\u00f1o, pronostic\u00f3 hoy el Centro de Predicci\u00f3n Clim\u00e1tica de la Administraci\u00f3n Nacional Oce\u00e1nica y Atmosf\u00e9rica (NOAA), de Estados Unidos. Si bien las temperaturas de la superficie del mar est\u00e1n por encima del promedio, las observaciones actuales y los modelos clim\u00e1ticos [&hellip;]<\/p>\n","protected":false},"author":1,"featured_media":0,"comment_status":"open","ping_status":"open","sticky":false,"template":"","format":"standard","meta":{"_bbp_topic_count":0,"_bbp_reply_count":0,"_bbp_total_topic_count":0,"_bbp_total_reply_count":0,"_bbp_voice_count":0,"_bbp_anonymous_reply_count":0,"_bbp_topic_count_hidden":0,"_bbp_reply_count_hidden":0,"_bbp_forum_subforum_count":0,"footnotes":""},"categories":[37,60],"tags":[],"class_list":{"0":"post-315081","1":"post","2":"type-post","3":"status-publish","4":"format-standard","6":"category-ciencia-tecnologia","7":"category-titulares-del-dia"},"_links":{"self":[{"href":"https:\/\/primermomento.com\/index.php?rest_route=\/wp\/v2\/posts\/315081","targetHints":{"allow":["GET"]}}],"collection":[{"href":"https:\/\/primermomento.com\/index.php?rest_route=\/wp\/v2\/posts"}],"about":[{"href":"https:\/\/primermomento.com\/index.php?rest_route=\/wp\/v2\/types\/post"}],"author":[{"embeddable":true,"href":"https:\/\/primermomento.com\/index.php?rest_route=\/wp\/v2\/users\/1"}],"replies":[{"embeddable":true,"href":"https:\/\/primermomento.com\/index.php?rest_route=%2Fwp%2Fv2%2Fcomments&post=315081"}],"version-history":[{"count":1,"href":"https:\/\/primermomento.com\/index.php?rest_route=\/wp\/v2\/posts\/315081\/revisions"}],"predecessor-version":[{"id":315082,"href":"https:\/\/primermomento.com\/index.php?rest_route=\/wp\/v2\/posts\/315081\/revisions\/315082"}],"wp:attachment":[{"href":"https:\/\/primermomento.com\/index.php?rest_route=%2Fwp%2Fv2%2Fmedia&parent=315081"}],"wp:term":[{"taxonomy":"category","embeddable":true,"href":"https:\/\/primermomento.com\/index.php?rest_route=%2Fwp%2Fv2%2Fcategories&post=315081"},{"taxonomy":"post_tag","embeddable":true,"href":"https:\/\/primermomento.com\/index.php?rest_route=%2Fwp%2Fv2%2Ftags&post=315081"}],"curies":[{"name":"wp","href":"https:\/\/api.w.org\/{rel}","templated":true}]}}