{"id":315086,"date":"2019-02-14T15:14:29","date_gmt":"2019-02-14T19:14:29","guid":{"rendered":"http:\/\/primermomento.com\/?p=315086"},"modified":"2019-02-14T15:14:32","modified_gmt":"2019-02-14T19:14:32","slug":"canciller-desmiente-usaran-aeropuerto-para-intervenir-a-venezuela","status":"publish","type":"post","link":"https:\/\/primermomento.com\/?p=315086","title":{"rendered":"Canciller desmiente usar\u00e1n aeropuerto para intervenir a Venezuela"},"content":{"rendered":"\n<p>SANTO DOMINGO, Rep\u00fablica Dominicana.- El canciller  dominicano, Miguel Vargas, neg\u00f3 categ\u00f3ricamente este jueves la denuncia  del gobierno cubano de que desde la Base A\u00e9rea de San Isidro, al este  de Santo Domingo, se han estado produciendo aterrizajes de aviones  militares estadounidenses como parte de una supuesta acci\u00f3n b\u00e9lica en  contra de Venezuela.<\/p>\n\n\n\n<figure class=\"wp-block-image\"><img loading=\"lazy\" decoding=\"async\" width=\"748\" height=\"498\" src=\"http:\/\/primermomento.com\/wp-content\/uploads\/2018\/05\/Miguel-Vargas-y-comercio.jpg\" alt=\"\" class=\"wp-image-306852\" srcset=\"https:\/\/primermomento.com\/wp-content\/uploads\/2018\/05\/Miguel-Vargas-y-comercio.jpg 748w, https:\/\/primermomento.com\/wp-content\/uploads\/2018\/05\/Miguel-Vargas-y-comercio-300x200.jpg 300w, https:\/\/primermomento.com\/wp-content\/uploads\/2018\/05\/Miguel-Vargas-y-comercio-73x50.jpg 73w, https:\/\/primermomento.com\/wp-content\/uploads\/2018\/05\/Miguel-Vargas-y-comercio-500x333.jpg 500w, https:\/\/primermomento.com\/wp-content\/uploads\/2018\/05\/Miguel-Vargas-y-comercio-280x186.jpg 280w, https:\/\/primermomento.com\/wp-content\/uploads\/2018\/05\/Miguel-Vargas-y-comercio-60x40.jpg 60w, https:\/\/primermomento.com\/wp-content\/uploads\/2018\/05\/Miguel-Vargas-y-comercio-638x425.jpg 638w, https:\/\/primermomento.com\/wp-content\/uploads\/2018\/05\/Miguel-Vargas-y-comercio-118x79.jpg 118w, https:\/\/primermomento.com\/wp-content\/uploads\/2018\/05\/Miguel-Vargas-y-comercio-479x319.jpg 479w\" sizes=\"auto, (max-width: 748px) 100vw, 748px\" \/><figcaption>Miguel Vargas.<\/figcaption><\/figure>\n\n\n\n<p>El pronunciamiento de Vargas se produce despu\u00e9s de que Cuba acus\u00f3 \neste jueves a EE.UU. de realizar movimientos de tropas en el Caribe en \npreparaci\u00f3n de una futura \u201caventura militar disfrazada de intervenci\u00f3n \nhumanitaria\u201d en Venezuela, y llam\u00f3 a la movilizaci\u00f3n internacional para \nimpedir una escalada en las presiones contra el mandatario venezolano, \nNicol\u00e1s Maduro.<\/p>\n\n\n\n<p>La Habana asegur\u00f3 en un comunicado que entre el 6 y 10 de febrero  pasados se detectaron vuelos de aviones de transporte militar desde  Estados Unidos hacia bases en Puerto Rico, Rep\u00fablica Dominicana y otras  islas caribe\u00f1as, \u201cseguramente sin conocimiento de los Gobiernos de esas  naciones\u201d.<\/p>\n\n\n\n<p>\u201cDe forma tal que rechazamos esta versi\u00f3n, completamente alejada de la realidad\u201d dijo Vargas, al tiempo que insisti\u00f3 \u201cen la necesidad de un di\u00e1logo franco y revestido de todas las garant\u00edas para que Venezuela pueda abocarse a la celebraci\u00f3n de nuevas elecciones y superar la preocupante situaci\u00f3n por la que atraviesa\u201d.<\/p>\n\n\n\n<p>Sin embargo, Vargas, quien se encuentra en Italia acompa\u00f1ando al \npresidente del pa\u00eds, Danilo Medina, reiter\u00f3 en un comunicado que la \nRep\u00fablica Dominicana \u201ces una naci\u00f3n apegada al principio de no \nintervenci\u00f3n en los asuntos internos de otros pa\u00edses\u201d.<\/p>\n\n\n\n<p>Sobre la crisis venezolana, Vargas insisti\u00f3 por una salida pac\u00edfica y\n democr\u00e1tica \u201ctal como lo hemos dicho en otras ocasiones, la soluci\u00f3n \ndebe ser mediante la celebraci\u00f3n de elecciones libres, con la \nparticipaci\u00f3n de todos los actores pol\u00edticos venezolanos y con el \nacompa\u00f1amiento de la comunidad internacional\u201d.<\/p>\n\n\n\n<p>\u201cDe forma tal que rechazamos esta versi\u00f3n, completamente alejada de \nla realidad\u201d dijo Vargas, al tiempo que insisti\u00f3 \u201cen la necesidad de un \ndi\u00e1logo franco y revestido de todas las garant\u00edas para que Venezuela \npueda abocarse a la celebraci\u00f3n de nuevas elecciones y superar la \npreocupante situaci\u00f3n por la que atraviesa\u201d.<\/p>\n\n\n\n<p>La crisis venezolana se agrav\u00f3 el mes pasado tras la autoproclamaci\u00f3n\n como presidente interino del pa\u00eds del titular de la Asamblea Nacional, \nJuan Guaid\u00f3, logrando un contundente respaldo de la mayor\u00eda de los \nGobiernos de Am\u00e9rica, entre ellos, EE.UU.<\/p>\n\n\n\n<p>En foros internacionales, como la Organizaci\u00f3n de Estados Americanos \n(OEA), el Gobierno dominicano se sum\u00f3 el pasado 24 de enero a otros \nquince pa\u00edses, entre ellos EEUU, en una declaraci\u00f3n de apoyo al \nautoproclamado presidente de Venezuela, Juan Guaid\u00f3.<\/p>\n\n\n\n<p>No obstante, en su intervenci\u00f3n Rep\u00fablica Dominicana hizo la salvedad  de que solo a trav\u00e9s del di\u00e1logo con la participaci\u00f3n de todos los  actores pol\u00edticos venezolanos \u201cse podr\u00e1 alcanzar la reconciliaci\u00f3n  nacional y acordar las condiciones indispensables para celebrar un nuevo  proceso electoral que refleje realmente la voluntad de los ciudadanos y  se resuelva de manera pac\u00edfica la actual crisis en ese pa\u00eds\u201d. <\/p>\n\n\n\n<p style=\"text-align:right\">EFE<\/p>\n","protected":false},"excerpt":{"rendered":"<p>SANTO DOMINGO, Rep\u00fablica Dominicana.- El canciller dominicano, Miguel Vargas, neg\u00f3 categ\u00f3ricamente este jueves la denuncia del gobierno cubano de que desde la Base A\u00e9rea de San Isidro, al este de Santo Domingo, se han estado produciendo aterrizajes de aviones militares estadounidenses como parte de una supuesta acci\u00f3n b\u00e9lica en contra de Venezuela. El pronunciamiento de [&hellip;]<\/p>\n","protected":false},"author":1,"featured_media":0,"comment_status":"open","ping_status":"open","sticky":false,"template":"","format":"standard","meta":{"_bbp_topic_count":0,"_bbp_reply_count":0,"_bbp_total_topic_count":0,"_bbp_total_reply_count":0,"_bbp_voice_count":0,"_bbp_anonymous_reply_count":0,"_bbp_topic_count_hidden":0,"_bbp_reply_count_hidden":0,"_bbp_forum_subforum_count":0,"footnotes":""},"categories":[60,32],"tags":[],"class_list":{"0":"post-315086","1":"post","2":"type-post","3":"status-publish","4":"format-standard","6":"category-titulares-del-dia","7":"category-lo-ultimo"},"_links":{"self":[{"href":"https:\/\/primermomento.com\/index.php?rest_route=\/wp\/v2\/posts\/315086","targetHints":{"allow":["GET"]}}],"collection":[{"href":"https:\/\/primermomento.com\/index.php?rest_route=\/wp\/v2\/posts"}],"about":[{"href":"https:\/\/primermomento.com\/index.php?rest_route=\/wp\/v2\/types\/post"}],"author":[{"embeddable":true,"href":"https:\/\/primermomento.com\/index.php?rest_route=\/wp\/v2\/users\/1"}],"replies":[{"embeddable":true,"href":"https:\/\/primermomento.com\/index.php?rest_route=%2Fwp%2Fv2%2Fcomments&post=315086"}],"version-history":[{"count":1,"href":"https:\/\/primermomento.com\/index.php?rest_route=\/wp\/v2\/posts\/315086\/revisions"}],"predecessor-version":[{"id":315087,"href":"https:\/\/primermomento.com\/index.php?rest_route=\/wp\/v2\/posts\/315086\/revisions\/315087"}],"wp:attachment":[{"href":"https:\/\/primermomento.com\/index.php?rest_route=%2Fwp%2Fv2%2Fmedia&parent=315086"}],"wp:term":[{"taxonomy":"category","embeddable":true,"href":"https:\/\/primermomento.com\/index.php?rest_route=%2Fwp%2Fv2%2Fcategories&post=315086"},{"taxonomy":"post_tag","embeddable":true,"href":"https:\/\/primermomento.com\/index.php?rest_route=%2Fwp%2Fv2%2Ftags&post=315086"}],"curies":[{"name":"wp","href":"https:\/\/api.w.org\/{rel}","templated":true}]}}