{"id":315094,"date":"2019-02-14T15:53:35","date_gmt":"2019-02-14T19:53:35","guid":{"rendered":"http:\/\/primermomento.com\/?p=315094"},"modified":"2019-02-14T15:53:37","modified_gmt":"2019-02-14T19:53:37","slug":"bani-cinco-exatletas-seran-llevados-al-pabellon-de-la-inmortalidad","status":"publish","type":"post","link":"https:\/\/primermomento.com\/?p=315094","title":{"rendered":"BAN\u00cd | Cinco exatletas ser\u00e1n llevados al Pabell\u00f3n de la Inmortalidad"},"content":{"rendered":"\n<p> BAN\u00cd, Rep\u00fablica Dominicana.- El Comit\u00e9 Permanente del Pabell\u00f3n de los Inmortales del Deporte de la provincia Peravia, anunci\u00f3 a los deportistas que este a\u00f1o recibir\u00e1n la inmortalidad.<\/p>\n\n\n\n<figure class=\"wp-block-image\"><img loading=\"lazy\" decoding=\"async\" width=\"640\" height=\"466\" src=\"http:\/\/primermomento.com\/wp-content\/uploads\/2019\/02\/Pabellon-Inmortalidad-Bani.jpg\" alt=\"\" class=\"wp-image-315095\" srcset=\"https:\/\/primermomento.com\/wp-content\/uploads\/2019\/02\/Pabellon-Inmortalidad-Bani.jpg 640w, https:\/\/primermomento.com\/wp-content\/uploads\/2019\/02\/Pabellon-Inmortalidad-Bani-300x218.jpg 300w, https:\/\/primermomento.com\/wp-content\/uploads\/2019\/02\/Pabellon-Inmortalidad-Bani-500x364.jpg 500w, https:\/\/primermomento.com\/wp-content\/uploads\/2019\/02\/Pabellon-Inmortalidad-Bani-280x204.jpg 280w, https:\/\/primermomento.com\/wp-content\/uploads\/2019\/02\/Pabellon-Inmortalidad-Bani-638x465.jpg 638w, https:\/\/primermomento.com\/wp-content\/uploads\/2019\/02\/Pabellon-Inmortalidad-Bani-118x86.jpg 118w, https:\/\/primermomento.com\/wp-content\/uploads\/2019\/02\/Pabellon-Inmortalidad-Bani-479x349.jpg 479w\" sizes=\"auto, (max-width: 640px) 100vw, 640px\" \/><\/figure>\n\n\n\n<p>Este es el quinto ceremonial, a celebrarse el d\u00eda 09 de marzo del 2019.<\/p>\n\n\n\n<p>Cada dos a\u00f1os, el Ayuntamiento Municipal de Ban\u00ed, reconoce a destacados deportistas por las contribuciones en sus respectivas disciplinas.<\/p>\n\n\n\n<p>Se dijo que esos exatletas han puesto en alto el nombre de la provincia Peravia.<\/p>\n\n\n\n<p>Ser\u00e1n ingresados en el Pabell\u00f3n de la inmortalidad los exatletas:<\/p>\n\n\n\n<p>\u00b7 Wilton Guerrero (baseball profesional)<br>\n\u00b7 Jose Altagracia Pe\u00f1a EPD (Baseball aficionado)<br>\n\u00b7 Marino Henr\u00edquez Cruz (baseball aficionado)<br>\n\u00b7 Santa Nidia Lara (softtball)<br>\n\u00b7 Sobeyda Uribe Gonz\u00e1lez (atletismo)<\/p>\n\n\n\n<p>Se ha informado Ismael D\u00edaz Melo fungir\u00e1 como presidente de honor, mientras que Andr\u00e9s Bol\u00edvar Cordero se reconocer\u00e1 como propulsor, y ser\u00e1 dedicado a Rafael Domenech.<\/p>\n\n\n\n<p>Cada uno de los exaltados debe tener 45 o m\u00e1s a\u00f1os de edad, de haberse retirado del deporte y contar con una conducta intachable en la sociedad, antecedentes necesarios a la hora de ser tomados en cuenta para esta distinci\u00f3n.<\/p>\n\n\n\n<p>El comit\u00e9 Permanente del Pabell\u00f3n de los Inmortales est\u00e1 conformado por su presidente el alcalde Nelson Camilo Landestoy, Luis Manuel Hern\u00e1ndez, vicepresidente, el secretario Wilson Guerrero, los vocales licenciado Rafael Soto, Rudy Rafael D\u00edaz, el profesor V\u00edctor Manuel Gil, Gregorio Sierra, Ingeniero Rafael Landestoy, licenciado Marino Roa y la licenciada Niurka Herrera.<\/p>\n\n\n\n<p style=\"text-align:right\">Primer Momento<\/p>\n","protected":false},"excerpt":{"rendered":"<p>BAN\u00cd, Rep\u00fablica Dominicana.- El Comit\u00e9 Permanente del Pabell\u00f3n de los Inmortales del Deporte de la provincia Peravia, anunci\u00f3 a los deportistas que este a\u00f1o recibir\u00e1n la inmortalidad. Este es el quinto ceremonial, a celebrarse el d\u00eda 09 de marzo del 2019. Cada dos a\u00f1os, el Ayuntamiento Municipal de Ban\u00ed, reconoce a destacados deportistas por las [&hellip;]<\/p>\n","protected":false},"author":1,"featured_media":0,"comment_status":"open","ping_status":"open","sticky":false,"template":"","format":"standard","meta":{"_bbp_topic_count":0,"_bbp_reply_count":0,"_bbp_total_topic_count":0,"_bbp_total_reply_count":0,"_bbp_voice_count":0,"_bbp_anonymous_reply_count":0,"_bbp_topic_count_hidden":0,"_bbp_reply_count_hidden":0,"_bbp_forum_subforum_count":0,"footnotes":""},"categories":[60,32],"tags":[],"class_list":{"0":"post-315094","1":"post","2":"type-post","3":"status-publish","4":"format-standard","6":"category-titulares-del-dia","7":"category-lo-ultimo"},"_links":{"self":[{"href":"https:\/\/primermomento.com\/index.php?rest_route=\/wp\/v2\/posts\/315094","targetHints":{"allow":["GET"]}}],"collection":[{"href":"https:\/\/primermomento.com\/index.php?rest_route=\/wp\/v2\/posts"}],"about":[{"href":"https:\/\/primermomento.com\/index.php?rest_route=\/wp\/v2\/types\/post"}],"author":[{"embeddable":true,"href":"https:\/\/primermomento.com\/index.php?rest_route=\/wp\/v2\/users\/1"}],"replies":[{"embeddable":true,"href":"https:\/\/primermomento.com\/index.php?rest_route=%2Fwp%2Fv2%2Fcomments&post=315094"}],"version-history":[{"count":1,"href":"https:\/\/primermomento.com\/index.php?rest_route=\/wp\/v2\/posts\/315094\/revisions"}],"predecessor-version":[{"id":315096,"href":"https:\/\/primermomento.com\/index.php?rest_route=\/wp\/v2\/posts\/315094\/revisions\/315096"}],"wp:attachment":[{"href":"https:\/\/primermomento.com\/index.php?rest_route=%2Fwp%2Fv2%2Fmedia&parent=315094"}],"wp:term":[{"taxonomy":"category","embeddable":true,"href":"https:\/\/primermomento.com\/index.php?rest_route=%2Fwp%2Fv2%2Fcategories&post=315094"},{"taxonomy":"post_tag","embeddable":true,"href":"https:\/\/primermomento.com\/index.php?rest_route=%2Fwp%2Fv2%2Ftags&post=315094"}],"curies":[{"name":"wp","href":"https:\/\/api.w.org\/{rel}","templated":true}]}}