{"id":315099,"date":"2019-02-14T16:08:35","date_gmt":"2019-02-14T20:08:35","guid":{"rendered":"http:\/\/primermomento.com\/?p=315099"},"modified":"2019-02-14T16:08:37","modified_gmt":"2019-02-14T20:08:37","slug":"bani-anuncian-mas-de-35-millones-en-obras-barriales","status":"publish","type":"post","link":"https:\/\/primermomento.com\/?p=315099","title":{"rendered":"BAN\u00cd | Anuncian m\u00e1s de 35 millones en obras barriales"},"content":{"rendered":"\n<p> BAN\u00cd, Rep\u00fablica Dominicana.- La Oficina de Presupuesto Participativo de la Alcald\u00eda de aqu\u00ed, anunci\u00f3 el \u201cCalendario de Obras\u201d que ser\u00e1n puestas en ejecuci\u00f3n por la instituci\u00f3n edilicia, en el presente a\u00f1o fiscal 2019, las cuales alcanzan un monto de 35 millones 370 mil pesos dominicanos. <\/p>\n\n\n\n<figure class=\"wp-block-image\"><img loading=\"lazy\" decoding=\"async\" width=\"719\" height=\"523\" src=\"http:\/\/primermomento.com\/wp-content\/uploads\/2019\/02\/Lissette-Lara-ayuntamiento.jpg\" alt=\"\" class=\"wp-image-315100\" srcset=\"https:\/\/primermomento.com\/wp-content\/uploads\/2019\/02\/Lissette-Lara-ayuntamiento.jpg 719w, https:\/\/primermomento.com\/wp-content\/uploads\/2019\/02\/Lissette-Lara-ayuntamiento-300x218.jpg 300w, https:\/\/primermomento.com\/wp-content\/uploads\/2019\/02\/Lissette-Lara-ayuntamiento-500x364.jpg 500w, https:\/\/primermomento.com\/wp-content\/uploads\/2019\/02\/Lissette-Lara-ayuntamiento-280x204.jpg 280w, https:\/\/primermomento.com\/wp-content\/uploads\/2019\/02\/Lissette-Lara-ayuntamiento-638x464.jpg 638w, https:\/\/primermomento.com\/wp-content\/uploads\/2019\/02\/Lissette-Lara-ayuntamiento-118x86.jpg 118w, https:\/\/primermomento.com\/wp-content\/uploads\/2019\/02\/Lissette-Lara-ayuntamiento-479x348.jpg 479w\" sizes=\"auto, (max-width: 719px) 100vw, 719px\" \/><figcaption>Lissette Lara<\/figcaption><\/figure>\n\n\n\n<p>Previamente, los beneficiarios de importantes proyectos para el desarrollo de sus sectores, hab\u00edan hecho sus peticiones -a trav\u00e9s de las asambleas comunitarias celebradas en barrios y zonas inter-urbanas que componen el municipio de Ban\u00ed<\/p>\n\n\n\n<p>El profesor Dione Daniel, quien tuvo a cargo las palabras de bienvenida del evento, agradeci\u00f3 a los representantes del Presupuesto Participativo la confianza depositada en el alcalde Nelson Camilo Landestoy para administrar los fondos p\u00fablicos.<\/p>\n\n\n\n<p>La directora de la Oficina de Presupuesto Participativo, Lissette Lara, expres\u00f3 las autoridades del cabildo local estar\u00e1n abiertas a cualquier sugerencia por parte de los mun\u00edcipes, a quienes exhort\u00f3 velar de manera fiel por la preservaci\u00f3n de las obras que se construir\u00e1n en sus lugares de residencia.<\/p>\n\n\n\n<p>El encuentro cont\u00f3 con la presencia de l\u00edderes comunitarios, representantes de diferentes instituciones tanto p\u00fablicas como privadas, empleados del palacio municipal y representantes de la sociedad civil en general.<\/p>\n\n\n\n<p style=\"text-align:right\">Primer Momento<\/p>\n","protected":false},"excerpt":{"rendered":"<p>BAN\u00cd, Rep\u00fablica Dominicana.- La Oficina de Presupuesto Participativo de la Alcald\u00eda de aqu\u00ed, anunci\u00f3 el \u201cCalendario de Obras\u201d que ser\u00e1n puestas en ejecuci\u00f3n por la instituci\u00f3n edilicia, en el presente a\u00f1o fiscal 2019, las cuales alcanzan un monto de 35 millones 370 mil pesos dominicanos. Previamente, los beneficiarios de importantes proyectos para el desarrollo de [&hellip;]<\/p>\n","protected":false},"author":1,"featured_media":0,"comment_status":"open","ping_status":"open","sticky":false,"template":"","format":"standard","meta":{"_bbp_topic_count":0,"_bbp_reply_count":0,"_bbp_total_topic_count":0,"_bbp_total_reply_count":0,"_bbp_voice_count":0,"_bbp_anonymous_reply_count":0,"_bbp_topic_count_hidden":0,"_bbp_reply_count_hidden":0,"_bbp_forum_subforum_count":0,"footnotes":""},"categories":[30,60],"tags":[],"class_list":{"0":"post-315099","1":"post","2":"type-post","3":"status-publish","4":"format-standard","6":"category-actualidad","7":"category-titulares-del-dia"},"_links":{"self":[{"href":"https:\/\/primermomento.com\/index.php?rest_route=\/wp\/v2\/posts\/315099","targetHints":{"allow":["GET"]}}],"collection":[{"href":"https:\/\/primermomento.com\/index.php?rest_route=\/wp\/v2\/posts"}],"about":[{"href":"https:\/\/primermomento.com\/index.php?rest_route=\/wp\/v2\/types\/post"}],"author":[{"embeddable":true,"href":"https:\/\/primermomento.com\/index.php?rest_route=\/wp\/v2\/users\/1"}],"replies":[{"embeddable":true,"href":"https:\/\/primermomento.com\/index.php?rest_route=%2Fwp%2Fv2%2Fcomments&post=315099"}],"version-history":[{"count":1,"href":"https:\/\/primermomento.com\/index.php?rest_route=\/wp\/v2\/posts\/315099\/revisions"}],"predecessor-version":[{"id":315101,"href":"https:\/\/primermomento.com\/index.php?rest_route=\/wp\/v2\/posts\/315099\/revisions\/315101"}],"wp:attachment":[{"href":"https:\/\/primermomento.com\/index.php?rest_route=%2Fwp%2Fv2%2Fmedia&parent=315099"}],"wp:term":[{"taxonomy":"category","embeddable":true,"href":"https:\/\/primermomento.com\/index.php?rest_route=%2Fwp%2Fv2%2Fcategories&post=315099"},{"taxonomy":"post_tag","embeddable":true,"href":"https:\/\/primermomento.com\/index.php?rest_route=%2Fwp%2Fv2%2Ftags&post=315099"}],"curies":[{"name":"wp","href":"https:\/\/api.w.org\/{rel}","templated":true}]}}