{"id":315103,"date":"2019-02-15T11:25:37","date_gmt":"2019-02-15T15:25:37","guid":{"rendered":"http:\/\/primermomento.com\/?p=315103"},"modified":"2019-02-15T11:25:38","modified_gmt":"2019-02-15T15:25:38","slug":"republicanos-molestos-por-decision-de-trump-de-declarar-emergencia","status":"publish","type":"post","link":"https:\/\/primermomento.com\/?p=315103","title":{"rendered":"Republicanos molestos por decisi\u00f3n de Trump de declarar emergencia"},"content":{"rendered":"\n<p> WASHINGTON, Distrito de Columbia.- El Partido Republicano amaneci\u00f3 hoy  dividido y conmocionado tras el sorpresivo anuncio del presidente  norteamericano, Donald Trump, de declarar el estado de emergencia para  construir su pol\u00e9mico muro en la frontera con M\u00e9xico.                         <br>                          <\/p>\n\n\n\n<figure class=\"wp-block-image\"><img loading=\"lazy\" decoding=\"async\" width=\"748\" height=\"498\" src=\"http:\/\/primermomento.com\/wp-content\/uploads\/2019\/02\/eeuu-Mitch-McConnell.jpg\" alt=\"\" class=\"wp-image-315104\" srcset=\"https:\/\/primermomento.com\/wp-content\/uploads\/2019\/02\/eeuu-Mitch-McConnell.jpg 748w, https:\/\/primermomento.com\/wp-content\/uploads\/2019\/02\/eeuu-Mitch-McConnell-300x200.jpg 300w, https:\/\/primermomento.com\/wp-content\/uploads\/2019\/02\/eeuu-Mitch-McConnell-73x50.jpg 73w, https:\/\/primermomento.com\/wp-content\/uploads\/2019\/02\/eeuu-Mitch-McConnell-500x333.jpg 500w, https:\/\/primermomento.com\/wp-content\/uploads\/2019\/02\/eeuu-Mitch-McConnell-280x186.jpg 280w, https:\/\/primermomento.com\/wp-content\/uploads\/2019\/02\/eeuu-Mitch-McConnell-60x40.jpg 60w, https:\/\/primermomento.com\/wp-content\/uploads\/2019\/02\/eeuu-Mitch-McConnell-638x425.jpg 638w, https:\/\/primermomento.com\/wp-content\/uploads\/2019\/02\/eeuu-Mitch-McConnell-118x79.jpg 118w, https:\/\/primermomento.com\/wp-content\/uploads\/2019\/02\/eeuu-Mitch-McConnell-479x319.jpg 479w\" sizes=\"auto, (max-width: 748px) 100vw, 748px\" \/><figcaption> Mitch  McConnell <\/figcaption><\/figure>\n\n\n\n<p>El mandatario opt\u00f3 por esa opci\u00f3n tras la asignaci\u00f3n del Congreso de  solo de mil 375 millones de d\u00f3lares de los cinco mil 700 que exig\u00eda  Trump para erigir el muro.<\/p>\n\n\n\n<p> La disposici\u00f3n tiene lugar luego del \nllamado del l\u00edder de la mayor\u00eda en el Senado, el republicano Mitch \nMcConnell, de evitar esa estrategia, porque sepultar\u00eda cualquier \nconsenso bipartidista en el Capitolio.<\/p>\n\n\n\n<p> Pero el mandatario decidi\u00f3 desafiar la resoluci\u00f3n de su propia organizaci\u00f3n, advirti\u00f3 el portal noticioso Pol\u00edtico.<\/p>\n\n\n\n<p>\n No debi\u00f3 hacerlo, afirm\u00f3 el senador Chuck Grassley, quien augur\u00f3 una \nbatalla legal para dilucidar si el presidente tiene autoridad para \ngastar dinero sin consultar al parlamento.<\/p>\n\n\n\n<p> La Constituci\u00f3n es \nbastante clara: el gasto se origina y est\u00e1 dirigido por el Congreso, \ncoincidi\u00f3 el tambi\u00e9n miembro de la C\u00e1mara Alta Rand Paul.<\/p>\n\n\n\n<p> Su \ncolega Lamar Alexander consider\u00f3 el plan de Trump como &#8216;una mala idea&#8217; \nmientras Susan Collins, republicana de Maine, afirm\u00f3 que es un gran \nerror y pronostic\u00f3 que ser\u00e1 impugnado en los tribunales.<\/p>\n\n\n\n<p> Seg\u00fan \nPol\u00edtico, en los pr\u00f3ximos d\u00edas los dem\u00f3cratas impondr\u00e1n su mayor\u00eda en la\n C\u00e1mara de Representantes para emitir una declaraci\u00f3n contra el \ngobernante, lo cual obligar\u00e1 a una votaci\u00f3n tambi\u00e9n en el Senado.<\/p>\n\n\n\n<p>\n Es muy probable que en esa instancia tambi\u00e9n sea aprobada la reprimenda\n porque varios republicanos podr\u00edan sumarse a la minor\u00eda dem\u00f3crata.<\/p>\n\n\n\n<p>\n No obstante, el portal advierte que no se vislumbra una abierta \nrebeli\u00f3n en las filas de su partido debido al pr\u00f3ximo inicio de la \ncampa\u00f1a electoral de cara a las elecciones de 2020.<\/p>\n\n\n\n<p> &#8216;Hablar de \nuna declaraci\u00f3n de emergencia provoc\u00f3 de inmediato una divisi\u00f3n y en \nalgunos casos una reprimenda total por parte de los senadores \nrepublicanos, que Trump necesitar\u00e1 de su lado, destac\u00f3, por su parte, el\n diario The Hill, especializado en temas del Congreso.<\/p>\n\n\n\n<p> Los  legisladores de ambas formaciones se preparan para una dura lucha, y es  probable que la medida del gobernante sirva como salva de apertura para  una batalla pol\u00edtica y legal de alto perfil, subraya. <\/p>\n\n\n\n<p style=\"text-align:right\">PL<\/p>\n","protected":false},"excerpt":{"rendered":"<p>WASHINGTON, Distrito de Columbia.- El Partido Republicano amaneci\u00f3 hoy dividido y conmocionado tras el sorpresivo anuncio del presidente norteamericano, Donald Trump, de declarar el estado de emergencia para construir su pol\u00e9mico muro en la frontera con M\u00e9xico. El mandatario opt\u00f3 por esa opci\u00f3n tras la asignaci\u00f3n del Congreso de solo de mil 375 millones de [&hellip;]<\/p>\n","protected":false},"author":1,"featured_media":0,"comment_status":"open","ping_status":"open","sticky":false,"template":"","format":"standard","meta":{"_bbp_topic_count":0,"_bbp_reply_count":0,"_bbp_total_topic_count":0,"_bbp_total_reply_count":0,"_bbp_voice_count":0,"_bbp_anonymous_reply_count":0,"_bbp_topic_count_hidden":0,"_bbp_reply_count_hidden":0,"_bbp_forum_subforum_count":0,"footnotes":""},"categories":[60,31],"tags":[],"class_list":{"0":"post-315103","1":"post","2":"type-post","3":"status-publish","4":"format-standard","6":"category-titulares-del-dia","7":"category-estados-unidos"},"_links":{"self":[{"href":"https:\/\/primermomento.com\/index.php?rest_route=\/wp\/v2\/posts\/315103","targetHints":{"allow":["GET"]}}],"collection":[{"href":"https:\/\/primermomento.com\/index.php?rest_route=\/wp\/v2\/posts"}],"about":[{"href":"https:\/\/primermomento.com\/index.php?rest_route=\/wp\/v2\/types\/post"}],"author":[{"embeddable":true,"href":"https:\/\/primermomento.com\/index.php?rest_route=\/wp\/v2\/users\/1"}],"replies":[{"embeddable":true,"href":"https:\/\/primermomento.com\/index.php?rest_route=%2Fwp%2Fv2%2Fcomments&post=315103"}],"version-history":[{"count":1,"href":"https:\/\/primermomento.com\/index.php?rest_route=\/wp\/v2\/posts\/315103\/revisions"}],"predecessor-version":[{"id":315105,"href":"https:\/\/primermomento.com\/index.php?rest_route=\/wp\/v2\/posts\/315103\/revisions\/315105"}],"wp:attachment":[{"href":"https:\/\/primermomento.com\/index.php?rest_route=%2Fwp%2Fv2%2Fmedia&parent=315103"}],"wp:term":[{"taxonomy":"category","embeddable":true,"href":"https:\/\/primermomento.com\/index.php?rest_route=%2Fwp%2Fv2%2Fcategories&post=315103"},{"taxonomy":"post_tag","embeddable":true,"href":"https:\/\/primermomento.com\/index.php?rest_route=%2Fwp%2Fv2%2Ftags&post=315103"}],"curies":[{"name":"wp","href":"https:\/\/api.w.org\/{rel}","templated":true}]}}