{"id":315108,"date":"2019-02-15T11:32:58","date_gmt":"2019-02-15T15:32:58","guid":{"rendered":"http:\/\/primermomento.com\/?p=315108"},"modified":"2019-02-15T11:33:00","modified_gmt":"2019-02-15T15:33:00","slug":"indignacion-y-dolor-entre-dominicanos-por-asesinato-nino-de-9-anos","status":"publish","type":"post","link":"https:\/\/primermomento.com\/?p=315108","title":{"rendered":"Indignaci\u00f3n y dolor entre dominicanos por asesinato ni\u00f1o de 9 a\u00f1os"},"content":{"rendered":"\n<p>NUEVA YORK, Nueva York.- Con indignaci\u00f3n, repulsa y dolor reaccionaron los dominicanos residentes en esta ciudad por el asesinato el pasado lunes del ni\u00f1o Leonardo Montero, de nueve a\u00f1os, en el barrio El Hoyo de Mar\u00eda, del ensanche Isabelita, en la Rep\u00fablica Dominicana.<\/p>\n\n\n\n<figure class=\"wp-block-image\"><img loading=\"lazy\" decoding=\"async\" width=\"682\" height=\"319\" src=\"http:\/\/primermomento.com\/wp-content\/uploads\/2019\/02\/Indignaci\u00f3n-y-dolor-entre-dominicanos-NY-por-asesinato-ni\u00f1o-de-9-a\u00f1os-en-RD.jpg\" alt=\"\" class=\"wp-image-315109\" srcset=\"https:\/\/primermomento.com\/wp-content\/uploads\/2019\/02\/Indignaci\u00f3n-y-dolor-entre-dominicanos-NY-por-asesinato-ni\u00f1o-de-9-a\u00f1os-en-RD.jpg 682w, https:\/\/primermomento.com\/wp-content\/uploads\/2019\/02\/Indignaci\u00f3n-y-dolor-entre-dominicanos-NY-por-asesinato-ni\u00f1o-de-9-a\u00f1os-en-RD-300x140.jpg 300w, https:\/\/primermomento.com\/wp-content\/uploads\/2019\/02\/Indignaci\u00f3n-y-dolor-entre-dominicanos-NY-por-asesinato-ni\u00f1o-de-9-a\u00f1os-en-RD-500x234.jpg 500w, https:\/\/primermomento.com\/wp-content\/uploads\/2019\/02\/Indignaci\u00f3n-y-dolor-entre-dominicanos-NY-por-asesinato-ni\u00f1o-de-9-a\u00f1os-en-RD-280x131.jpg 280w, https:\/\/primermomento.com\/wp-content\/uploads\/2019\/02\/Indignaci\u00f3n-y-dolor-entre-dominicanos-NY-por-asesinato-ni\u00f1o-de-9-a\u00f1os-en-RD-638x298.jpg 638w, https:\/\/primermomento.com\/wp-content\/uploads\/2019\/02\/Indignaci\u00f3n-y-dolor-entre-dominicanos-NY-por-asesinato-ni\u00f1o-de-9-a\u00f1os-en-RD-118x55.jpg 118w, https:\/\/primermomento.com\/wp-content\/uploads\/2019\/02\/Indignaci\u00f3n-y-dolor-entre-dominicanos-NY-por-asesinato-ni\u00f1o-de-9-a\u00f1os-en-RD-479x224.jpg 479w\" sizes=\"auto, (max-width: 682px) 100vw, 682px\" \/><\/figure>\n\n\n\n\n\n<p>Por el hecho fue acusado Miguel \u00c1ngel Reynoso Jim\u00e9nez\n(El Negro), de 28 a\u00f1os, quien confes\u00f3 haberle propinado varias pu\u00f1aladas,\nviolarlo sexualmente y luego quemar su cuerpecito, aunque alega no recordar\nnada porque llevaba tres d\u00edas usando droga y tomando alcohol.<\/p>\n\n\n\n<p>Entre las expresiones que se pueden escuchar en el\nAlto Manhattan y El Bronx figuran: \u201cA parte de la pena m\u00e1xima, hay que\naplicarles torturas chinas\u201d; \u201cencerrarlo en la celda de homosexuales\u201d;\n\u201cprohibirle la comida y agua durante 30 d\u00edas\u201d; \u201cnueve latigazos inter diario\ncon alambres de p\u00faas durante 6 meses\u201d, y \u201cmeterle las manos en agua hirviendo\ncada tres d\u00edas\u201d, son algunos de los deseos manifestado por los criollos en NY.<\/p>\n\n\n\n<p>Otros sostienen que la sociedad dominicana tiene que\nrevisarse r\u00e1pidamente, porque los casos que se est\u00e1n dando con frecuencia en la\nnaci\u00f3n dejan indicar que una \u201cjungla\u201d ser\u00e1 un para\u00edso comparado con el pa\u00eds\ncaribe\u00f1o.<\/p>\n\n\n\n<p>\u201cHay demasiado descomposici\u00f3n social\u201d; \u201cfalta de\nvalores y formaci\u00f3n humana\u201d; \u201cno hay respeto por la vida ni a los derechos de\nlas personas\u201d; \u201clos padres tienen que retomar su rol de ense\u00f1ar y transmitir\nvalores en sus hijos\u201d, y la \u201cjusticia cumplir y jugar su papel verdaderamente\ncontra los violadores de la ley, sin importar bander\u00eda pol\u00edtica, estatus\nsocial, posici\u00f3n econ\u00f3mica o apellidos\u201d.<\/p>\n\n\n\n<p>Los que as\u00ed se expresaban rehusaron ser fotografiados por este reportero.<\/p>\n\n\n\n<p style=\"text-align:right\">Ram\u00f3n Mercedes<\/p>\n","protected":false},"excerpt":{"rendered":"<p>NUEVA YORK, Nueva York.- Con indignaci\u00f3n, repulsa y dolor reaccionaron los dominicanos residentes en esta ciudad por el asesinato el pasado lunes del ni\u00f1o Leonardo Montero, de nueve a\u00f1os, en el barrio El Hoyo de Mar\u00eda, del ensanche Isabelita, en la Rep\u00fablica Dominicana. Por el hecho fue acusado Miguel \u00c1ngel Reynoso Jim\u00e9nez (El Negro), de [&hellip;]<\/p>\n","protected":false},"author":1,"featured_media":0,"comment_status":"open","ping_status":"open","sticky":false,"template":"","format":"standard","meta":{"_bbp_topic_count":0,"_bbp_reply_count":0,"_bbp_total_topic_count":0,"_bbp_total_reply_count":0,"_bbp_voice_count":0,"_bbp_anonymous_reply_count":0,"_bbp_topic_count_hidden":0,"_bbp_reply_count_hidden":0,"_bbp_forum_subforum_count":0,"footnotes":""},"categories":[60,32],"tags":[],"class_list":{"0":"post-315108","1":"post","2":"type-post","3":"status-publish","4":"format-standard","6":"category-titulares-del-dia","7":"category-lo-ultimo"},"_links":{"self":[{"href":"https:\/\/primermomento.com\/index.php?rest_route=\/wp\/v2\/posts\/315108","targetHints":{"allow":["GET"]}}],"collection":[{"href":"https:\/\/primermomento.com\/index.php?rest_route=\/wp\/v2\/posts"}],"about":[{"href":"https:\/\/primermomento.com\/index.php?rest_route=\/wp\/v2\/types\/post"}],"author":[{"embeddable":true,"href":"https:\/\/primermomento.com\/index.php?rest_route=\/wp\/v2\/users\/1"}],"replies":[{"embeddable":true,"href":"https:\/\/primermomento.com\/index.php?rest_route=%2Fwp%2Fv2%2Fcomments&post=315108"}],"version-history":[{"count":1,"href":"https:\/\/primermomento.com\/index.php?rest_route=\/wp\/v2\/posts\/315108\/revisions"}],"predecessor-version":[{"id":315110,"href":"https:\/\/primermomento.com\/index.php?rest_route=\/wp\/v2\/posts\/315108\/revisions\/315110"}],"wp:attachment":[{"href":"https:\/\/primermomento.com\/index.php?rest_route=%2Fwp%2Fv2%2Fmedia&parent=315108"}],"wp:term":[{"taxonomy":"category","embeddable":true,"href":"https:\/\/primermomento.com\/index.php?rest_route=%2Fwp%2Fv2%2Fcategories&post=315108"},{"taxonomy":"post_tag","embeddable":true,"href":"https:\/\/primermomento.com\/index.php?rest_route=%2Fwp%2Fv2%2Ftags&post=315108"}],"curies":[{"name":"wp","href":"https:\/\/api.w.org\/{rel}","templated":true}]}}