{"id":315115,"date":"2019-02-15T10:35:58","date_gmt":"2019-02-15T14:35:58","guid":{"rendered":"http:\/\/primermomento.com\/?p=315115"},"modified":"2019-02-15T11:38:00","modified_gmt":"2019-02-15T15:38:00","slug":"mes-de-la-herencia-dominicana-en-ny-reconociendo-valores-a-george-alvarez","status":"publish","type":"post","link":"https:\/\/primermomento.com\/?p=315115","title":{"rendered":"Mes de la Herencia Dominicana en NY; reconociendo valores a George \u00c1lvarez"},"content":{"rendered":"\n<p>NUEVA YORK, Nueva York.- Es considerado uno de los j\u00f3venes hispanos m\u00e1s prominentes en materia pol\u00edtica electoral en esta ciudad y parte de los pa\u00edses del Caribe. Su capacidad pol\u00edtica trasciende fronteras, al asesorar candidatos en Estados Unidos, Am\u00e9rica Latina y M\u00e9xico.<\/p>\n\n\n\n<div class=\"wp-block-image\"><figure class=\"aligncenter\"><img loading=\"lazy\" decoding=\"async\" width=\"571\" height=\"392\" src=\"http:\/\/primermomento.com\/wp-content\/uploads\/2019\/02\/Mes-Herencia-Dominicana-en-NY..jpg\" alt=\"\" class=\"wp-image-315116\" srcset=\"https:\/\/primermomento.com\/wp-content\/uploads\/2019\/02\/Mes-Herencia-Dominicana-en-NY..jpg 571w, https:\/\/primermomento.com\/wp-content\/uploads\/2019\/02\/Mes-Herencia-Dominicana-en-NY.-300x206.jpg 300w, https:\/\/primermomento.com\/wp-content\/uploads\/2019\/02\/Mes-Herencia-Dominicana-en-NY.-73x50.jpg 73w, https:\/\/primermomento.com\/wp-content\/uploads\/2019\/02\/Mes-Herencia-Dominicana-en-NY.-110x77.jpg 110w, https:\/\/primermomento.com\/wp-content\/uploads\/2019\/02\/Mes-Herencia-Dominicana-en-NY.-500x343.jpg 500w, https:\/\/primermomento.com\/wp-content\/uploads\/2019\/02\/Mes-Herencia-Dominicana-en-NY.-280x192.jpg 280w, https:\/\/primermomento.com\/wp-content\/uploads\/2019\/02\/Mes-Herencia-Dominicana-en-NY.-60x40.jpg 60w, https:\/\/primermomento.com\/wp-content\/uploads\/2019\/02\/Mes-Herencia-Dominicana-en-NY.-118x81.jpg 118w, https:\/\/primermomento.com\/wp-content\/uploads\/2019\/02\/Mes-Herencia-Dominicana-en-NY.-479x329.jpg 479w\" sizes=\"auto, (max-width: 571px) 100vw, 571px\" \/><\/figure><\/div>\n\n\n\n<p>Se trata del dominicano George \u00c1lvarez, 46\na\u00f1os, graduado en ingenier\u00eda de tecnolog\u00eda, especialidad en redes de\ncomunicaci\u00f3n y maestr\u00eda en gesti\u00f3n log\u00edstica en la Escuela de Organizaci\u00f3n\nIndustrial (EOI), de Madrid, Espa\u00f1a, adem\u00e1s una maestr\u00eda en ciencias pol\u00edticas\nen la Universidad de Columbia, NY. <\/p>\n\n\n\n<p>Actualmente es el presidente de la firma\nConsultora Apple Political Consultants y miembro de la Asociaci\u00f3n Americana de\nConsultores Pol\u00edticos (AAPC).<\/p>\n\n\n\n<p>Asimismo, es especialista en marketing\npol\u00edtico electoral, ciencias de la tecnolog\u00eda avanzada aplicada a procesos\nelectorales y posee la propiedad intelectual del sofware \u00abApple Campaign\n365\u00bb, un sistema inform\u00e1tico para la gerencia eficaz pol\u00edtico-electoral.<\/p>\n\n\n\n<p>Ha dictado conferencias en centros de\nestudios superiores en NYC, Washington, California, Rep\u00fablica Dominicana, en la\nUASD durante la \u201cVII Cumbre Mundial de Comunicaci\u00f3n Pol\u00edtica 2015\u201d, en Ecuador,\nArgentina, M\u00e9xico, Hait\u00ed, Per\u00fa, entre otros pa\u00edses del continente.<\/p>\n\n\n\n<p>Entre los asesoramientos del polit\u00f3logo\nfiguran a Ollanta Humala, cuando compiti\u00f3 y gan\u00f3 la presidencia en Per\u00fa contra\nKeiko Fujimori (2011); a Jaime Rodr\u00edguez (El Bronco), como candidato\nindependiente a la gobernaci\u00f3n de Nuevo Le\u00f3n, M\u00e9xico y gan\u00f3 (octubre 2015); a\nJovenel Moise, actual presidente de Hait\u00ed, contratado por su partido Tet Kale\n(PHTK). Adem\u00e1s&nbsp; es analista en temas\npol\u00edticos latinoamericanos en la cadena de televisi\u00f3n Univisi\u00f3n-41.<\/p>\n\n\n\n<p>\u00c1lvarez tambi\u00e9n es el presidente de la\nComunidad Unida del Bronx (CUB), una organizaci\u00f3n que tiene como finalidad que\nlos m\u00e1s de 400 mil dominicanos residentes en el Bronx tomen conciencia sobre la\nnecesidad de participar en la pol\u00edtica local y que los habilitados para ejercer\nel sufragio participen para as\u00ed lograr mayor representaci\u00f3n en los estamentos\ngubernamentales.<\/p>\n\n\n\n<p>Ha explicado que el CUB est\u00e1 conformado\npor dirigentes de la mayor\u00eda de los partidos pol\u00edticos con representaci\u00f3n local\ny dirigentes de organizaciones comunitarias&nbsp;\npreocupados por el bienestar colectivo.<\/p>\n\n\n\n<p>En agosto pasado, la Universidad de\nCiencias&nbsp; Pol\u00edticas Georgetown lo\nreconoci\u00f3 con el premio al consultor pol\u00edtico m\u00e1s influyente en Latinoam\u00e9rica.\nAsimismo, lo incluy\u00f3 en su Sal\u00f3n de la Fama en un acto realizado en Washington\nD.C.<\/p>\n\n\n\n<p>\u201cPrensa &amp; Comunidad\u201d (Prenco) reconoce a \u00c1lvarez, durante el \u201cMes de la Herencia Dominicana\u201d, por poner la bandera dominicana en alto en playas extranjeras y lo escoge como uno de los valores dominicanos en NY.<\/p>\n\n\n\n<p style=\"text-align:right\">Ram\u00f3n Mercedes<br><\/p>\n","protected":false},"excerpt":{"rendered":"<p>NUEVA YORK, Nueva York.- Es considerado uno de los j\u00f3venes hispanos m\u00e1s prominentes en materia pol\u00edtica electoral en esta ciudad y parte de los pa\u00edses del Caribe. Su capacidad pol\u00edtica trasciende fronteras, al asesorar candidatos en Estados Unidos, Am\u00e9rica Latina y M\u00e9xico. Se trata del dominicano George \u00c1lvarez, 46 a\u00f1os, graduado en ingenier\u00eda de tecnolog\u00eda, [&hellip;]<\/p>\n","protected":false},"author":1,"featured_media":0,"comment_status":"open","ping_status":"open","sticky":false,"template":"","format":"standard","meta":{"_bbp_topic_count":0,"_bbp_reply_count":0,"_bbp_total_topic_count":0,"_bbp_total_reply_count":0,"_bbp_voice_count":0,"_bbp_anonymous_reply_count":0,"_bbp_topic_count_hidden":0,"_bbp_reply_count_hidden":0,"_bbp_forum_subforum_count":0,"footnotes":""},"categories":[40,60],"tags":[],"class_list":{"0":"post-315115","1":"post","2":"type-post","3":"status-publish","4":"format-standard","6":"category-comunidad","7":"category-titulares-del-dia"},"_links":{"self":[{"href":"https:\/\/primermomento.com\/index.php?rest_route=\/wp\/v2\/posts\/315115","targetHints":{"allow":["GET"]}}],"collection":[{"href":"https:\/\/primermomento.com\/index.php?rest_route=\/wp\/v2\/posts"}],"about":[{"href":"https:\/\/primermomento.com\/index.php?rest_route=\/wp\/v2\/types\/post"}],"author":[{"embeddable":true,"href":"https:\/\/primermomento.com\/index.php?rest_route=\/wp\/v2\/users\/1"}],"replies":[{"embeddable":true,"href":"https:\/\/primermomento.com\/index.php?rest_route=%2Fwp%2Fv2%2Fcomments&post=315115"}],"version-history":[{"count":1,"href":"https:\/\/primermomento.com\/index.php?rest_route=\/wp\/v2\/posts\/315115\/revisions"}],"predecessor-version":[{"id":315117,"href":"https:\/\/primermomento.com\/index.php?rest_route=\/wp\/v2\/posts\/315115\/revisions\/315117"}],"wp:attachment":[{"href":"https:\/\/primermomento.com\/index.php?rest_route=%2Fwp%2Fv2%2Fmedia&parent=315115"}],"wp:term":[{"taxonomy":"category","embeddable":true,"href":"https:\/\/primermomento.com\/index.php?rest_route=%2Fwp%2Fv2%2Fcategories&post=315115"},{"taxonomy":"post_tag","embeddable":true,"href":"https:\/\/primermomento.com\/index.php?rest_route=%2Fwp%2Fv2%2Ftags&post=315115"}],"curies":[{"name":"wp","href":"https:\/\/api.w.org\/{rel}","templated":true}]}}