{"id":315118,"date":"2019-02-15T10:38:06","date_gmt":"2019-02-15T14:38:06","guid":{"rendered":"http:\/\/primermomento.com\/?p=315118"},"modified":"2019-02-15T11:39:53","modified_gmt":"2019-02-15T15:39:53","slug":"cientos-se-congregan-en-el-bronx-para-respaldar-concejal-ruben-diaz","status":"publish","type":"post","link":"https:\/\/primermomento.com\/?p=315118","title":{"rendered":"Cientos se congregan en El Bronx para respaldar concejal Rub\u00e9n D\u00edaz"},"content":{"rendered":"\n<p>NUEVA YORK, Nueva York.- Cientos de personas, entre pol\u00edticos, l\u00edderes religiosos y comunitarios, profesionales, comerciantes, taxistas y ciudadanos comunes de diferentes etnias, se congregaron este jueves frente a la oficina del concejal por El Bronx, reverendo Rub\u00e9n D\u00edaz, para pedirle que no renuncie al puesto, como han presionado algunos sectores neoyorkinos.<\/p>\n\n\n\n<div class=\"wp-block-image\"><figure class=\"aligncenter\"><img loading=\"lazy\" decoding=\"async\" width=\"638\" height=\"346\" src=\"http:\/\/primermomento.com\/wp-content\/uploads\/2019\/02\/Cientos-se-congregan-en-El-Bronx-para-respaldar-concejal-Rub\u00e9n-D\u00edaz.jpg\" alt=\"\" class=\"wp-image-315119\" srcset=\"https:\/\/primermomento.com\/wp-content\/uploads\/2019\/02\/Cientos-se-congregan-en-El-Bronx-para-respaldar-concejal-Rub\u00e9n-D\u00edaz.jpg 638w, https:\/\/primermomento.com\/wp-content\/uploads\/2019\/02\/Cientos-se-congregan-en-El-Bronx-para-respaldar-concejal-Rub\u00e9n-D\u00edaz-300x163.jpg 300w, https:\/\/primermomento.com\/wp-content\/uploads\/2019\/02\/Cientos-se-congregan-en-El-Bronx-para-respaldar-concejal-Rub\u00e9n-D\u00edaz-500x271.jpg 500w, https:\/\/primermomento.com\/wp-content\/uploads\/2019\/02\/Cientos-se-congregan-en-El-Bronx-para-respaldar-concejal-Rub\u00e9n-D\u00edaz-280x152.jpg 280w, https:\/\/primermomento.com\/wp-content\/uploads\/2019\/02\/Cientos-se-congregan-en-El-Bronx-para-respaldar-concejal-Rub\u00e9n-D\u00edaz-118x64.jpg 118w, https:\/\/primermomento.com\/wp-content\/uploads\/2019\/02\/Cientos-se-congregan-en-El-Bronx-para-respaldar-concejal-Rub\u00e9n-D\u00edaz-479x260.jpg 479w\" sizes=\"auto, (max-width: 638px) 100vw, 638px\" \/><\/figure><\/div>\n\n\n\n<p>Tambi\u00e9n asistieron personas de la comunidad LGTB\n(lesbianas, gays, transg\u00e9nero y bisexual).<\/p>\n\n\n\n<p>El concejal ha estado en el ojo del hurac\u00e1n en los\n\u00faltimos d\u00edas luego que hiciera algunos comentarios considerados ofensivos por\nla comunidad gay.<\/p>\n\n\n\n<p>La concentraci\u00f3n en apoyo a D\u00edaz se desarroll\u00f3 en\norden y bajo la presencia de decenas de polic\u00edas, frente a la oficina ubicada\nen la avenida Lafayette con Unionport.<\/p>\n\n\n\n<p>D\u00edaz dio las gracias a los asistentes y les prometi\u00f3\nque por amor a ellos no renunciar\u00e1.<\/p>\n\n\n\n<p>\u201cGracias a los l\u00edderes del distrito, taxistas,\nministros, comunidades de Bangledash, LGTB, jud\u00eda, afroamericana y musulmana,\nuna gran diversidad ha venido apoyarme\u201d. \u201cTengo muchos amigos de la comunidad\nLGBT, mi nieta \u00c9rika D\u00edaz y mi sobrino que viaj\u00f3 desde Houston para acompa\u00f1arme\nen este d\u00eda son miembros de esa comunidad. Entonces, c\u00f3mo podr\u00eda ser\nhomof\u00f3bico?\u201d, se pregunt\u00f3.<\/p>\n\n\n\n<p>\u201cAdvierto que habr\u00e1 Rub\u00e9n para mucho rato. Aunque la\npresi\u00f3n es fuerte, el abuso es intolerable, el ostracismo es insoportable, como\nPablo, el ap\u00f3stol, dijo en la Biblia, \u2018aunque quisiera irme, por amor a\nustedes, a mi gente, voy a quedarme\u201d, afirm\u00f3 el religioso.<\/p>\n\n\n\n<p>Prometi\u00f3 no usar m\u00e1s la palabra homosexual. \u00abLa\npalabra homosexual se ha convertido en una palabra que es ofensiva; ahora hay\nque decir LGTB o comunidad gay, y en ese sentido, la palabra homosexual ya no\nla voy a usar. Pero no voy a pedir disculpas\u201d, sostuvo.<\/p>\n\n\n\n<p>La semana pasada, D\u00edaz dijo a una estaci\u00f3n de radio en\nespa\u00f1ol que el Concejo Municipal estaba \u00abcontrolado por la comunidad\nhomosexual\u00bb, lo que provoc\u00f3 se le solicitara que pidiera disculpas o\nrenunciara al puesto, a lo que el reverendo dijo \u201cno pedir\u00e9 disculpas ni\nrenunciar\u00e9\u201d.<\/p>\n\n\n\n<p>Ante la negativa de D\u00edaz a disculparse y mucho menos\nrenunciar a su puesto, el Concejo Municipal tom\u00f3 la decisi\u00f3n este mi\u00e9rcoles de\ndisolver el influyente Comit\u00e9 de Veh\u00edculos de Alquiler que \u00e9l presid\u00eda.<\/p>\n\n\n\n<p>La masiva concentraci\u00f3n fue catalogada por muchos como un \u201cespaldarazo\u201d hacia D\u00edaz, describiendo que mantiene su liderazgo sobre los votantes del distrito 18, en El Bronx.<\/p>\n\n\n\n<p style=\"text-align:right\">Ram\u00f3n Mercedes<\/p>\n","protected":false},"excerpt":{"rendered":"<p>NUEVA YORK, Nueva York.- Cientos de personas, entre pol\u00edticos, l\u00edderes religiosos y comunitarios, profesionales, comerciantes, taxistas y ciudadanos comunes de diferentes etnias, se congregaron este jueves frente a la oficina del concejal por El Bronx, reverendo Rub\u00e9n D\u00edaz, para pedirle que no renuncie al puesto, como han presionado algunos sectores neoyorkinos. Tambi\u00e9n asistieron personas de [&hellip;]<\/p>\n","protected":false},"author":1,"featured_media":0,"comment_status":"open","ping_status":"open","sticky":false,"template":"","format":"standard","meta":{"_bbp_topic_count":0,"_bbp_reply_count":0,"_bbp_total_topic_count":0,"_bbp_total_reply_count":0,"_bbp_voice_count":0,"_bbp_anonymous_reply_count":0,"_bbp_topic_count_hidden":0,"_bbp_reply_count_hidden":0,"_bbp_forum_subforum_count":0,"footnotes":""},"categories":[60,31],"tags":[],"class_list":{"0":"post-315118","1":"post","2":"type-post","3":"status-publish","4":"format-standard","6":"category-titulares-del-dia","7":"category-estados-unidos"},"_links":{"self":[{"href":"https:\/\/primermomento.com\/index.php?rest_route=\/wp\/v2\/posts\/315118","targetHints":{"allow":["GET"]}}],"collection":[{"href":"https:\/\/primermomento.com\/index.php?rest_route=\/wp\/v2\/posts"}],"about":[{"href":"https:\/\/primermomento.com\/index.php?rest_route=\/wp\/v2\/types\/post"}],"author":[{"embeddable":true,"href":"https:\/\/primermomento.com\/index.php?rest_route=\/wp\/v2\/users\/1"}],"replies":[{"embeddable":true,"href":"https:\/\/primermomento.com\/index.php?rest_route=%2Fwp%2Fv2%2Fcomments&post=315118"}],"version-history":[{"count":1,"href":"https:\/\/primermomento.com\/index.php?rest_route=\/wp\/v2\/posts\/315118\/revisions"}],"predecessor-version":[{"id":315120,"href":"https:\/\/primermomento.com\/index.php?rest_route=\/wp\/v2\/posts\/315118\/revisions\/315120"}],"wp:attachment":[{"href":"https:\/\/primermomento.com\/index.php?rest_route=%2Fwp%2Fv2%2Fmedia&parent=315118"}],"wp:term":[{"taxonomy":"category","embeddable":true,"href":"https:\/\/primermomento.com\/index.php?rest_route=%2Fwp%2Fv2%2Fcategories&post=315118"},{"taxonomy":"post_tag","embeddable":true,"href":"https:\/\/primermomento.com\/index.php?rest_route=%2Fwp%2Fv2%2Ftags&post=315118"}],"curies":[{"name":"wp","href":"https:\/\/api.w.org\/{rel}","templated":true}]}}