{"id":315133,"date":"2019-02-15T06:44:12","date_gmt":"2019-02-15T10:44:12","guid":{"rendered":"http:\/\/primermomento.com\/?p=315133"},"modified":"2019-02-15T17:47:14","modified_gmt":"2019-02-15T21:47:14","slug":"admite-es-complicado-organizar-mundial-de-futbol","status":"publish","type":"post","link":"https:\/\/primermomento.com\/?p=315133","title":{"rendered":"Admite es complicado organizar Mundial de F\u00fatbol"},"content":{"rendered":"\n<p> ESTAMBUL, Turqu\u00eda.- El  presidente de la Federaci\u00f3n Internacional de F\u00fatbol Asociado (FIFA), el  suizo Gianni Infantino, admiti\u00f3 hoy aqu\u00ed lo complicado de organizar el  Mundial de Qatar 2022 con 48 equipos, en vez de los 32 previstos.                         <br>                          <\/p>\n\n\n\n<figure class=\"wp-block-image\"><img loading=\"lazy\" decoding=\"async\" width=\"748\" height=\"498\" src=\"http:\/\/primermomento.com\/wp-content\/uploads\/2019\/02\/Gianni-Infantino.jpg\" alt=\"\" class=\"wp-image-315134\" srcset=\"https:\/\/primermomento.com\/wp-content\/uploads\/2019\/02\/Gianni-Infantino.jpg 748w, https:\/\/primermomento.com\/wp-content\/uploads\/2019\/02\/Gianni-Infantino-300x200.jpg 300w, https:\/\/primermomento.com\/wp-content\/uploads\/2019\/02\/Gianni-Infantino-73x50.jpg 73w, https:\/\/primermomento.com\/wp-content\/uploads\/2019\/02\/Gianni-Infantino-500x333.jpg 500w, https:\/\/primermomento.com\/wp-content\/uploads\/2019\/02\/Gianni-Infantino-280x186.jpg 280w, https:\/\/primermomento.com\/wp-content\/uploads\/2019\/02\/Gianni-Infantino-60x40.jpg 60w, https:\/\/primermomento.com\/wp-content\/uploads\/2019\/02\/Gianni-Infantino-638x425.jpg 638w, https:\/\/primermomento.com\/wp-content\/uploads\/2019\/02\/Gianni-Infantino-118x79.jpg 118w, https:\/\/primermomento.com\/wp-content\/uploads\/2019\/02\/Gianni-Infantino-479x319.jpg 479w\" sizes=\"auto, (max-width: 748px) 100vw, 748px\" \/><figcaption> Gianni Infantino <\/figcaption><\/figure>\n\n\n\n<p>&#8216;No, no ser\u00e1 f\u00e1cil, tengo que ser sincero&#8217;, afirm\u00f3 Infantino en conferencia de prensa al t\u00e9rmino de una cumbre ejecutiva.<\/p>\n\n\n\n<p>\n Sin embargo, aclar\u00f3 que es optimista ante la posibilidad de ampliar la \ncifra de selecciones clasificadas ya en la edici\u00f3n de Qatar 2022.<\/p>\n\n\n\n<p>\n Con la mirada puesta en aumentar la cantidad de conjuntos, la FIFA \nrealiza un estudio de viabilidad sobre esta cuesti\u00f3n. Su decisi\u00f3n \ndeber\u00eda anunciarse a mediados de marzo en una reuni\u00f3n de su consejo en \nla ciudad estadounidense de Miami.<\/p>\n\n\n\n<p> El m\u00e1ximo directivo del \nf\u00fatbol mundial ya reiter\u00f3 en varias ocasiones sobre la posibilidad de \norganizar partidos del Mundial de Qatar en pa\u00edses lim\u00edtrofes, pero \nexiste una crisis diplom\u00e1tica que enfrenta a la naci\u00f3n sede con sus \nvecinos, principalmente Arabia Saudita.<\/p>\n\n\n\n<p> No soy tan inocente como\n para ignorar la situaci\u00f3n pol\u00edtica en la regi\u00f3n, insisti\u00f3 Infantino, \nquien pese a ello recalc\u00f3 que el f\u00fatbol puede &#8216;realizar milagros&#8217;.<\/p>\n\n\n\n<p>\n El titular de la FIFA record\u00f3 el caso de Estados Unidos y M\u00e9xico, \nquienes a\u00fan con profundas diferencias por la construcci\u00f3n de un muro \nentre sus fronteras organizar\u00e1n el Mundial de 2026 junto a Canad\u00e1.<\/p>\n\n\n\n<p>  Infantino, \u00fanico candidato para su reelecci\u00f3n al frente de la FIFA, en  junio en Par\u00eds, tiene otros proyectos que han generado controversia,  especialmente una cita del orbe de clubes ampliado y una Liga universal  de Naciones, dos ideas criticadas por la Uni\u00f3n de Asociaciones Europeas  de F\u00fatbol. <\/p>\n\n\n\n<p style=\"text-align:right\">PL<\/p>\n","protected":false},"excerpt":{"rendered":"<p>ESTAMBUL, Turqu\u00eda.- El presidente de la Federaci\u00f3n Internacional de F\u00fatbol Asociado (FIFA), el suizo Gianni Infantino, admiti\u00f3 hoy aqu\u00ed lo complicado de organizar el Mundial de Qatar 2022 con 48 equipos, en vez de los 32 previstos. &#8216;No, no ser\u00e1 f\u00e1cil, tengo que ser sincero&#8217;, afirm\u00f3 Infantino en conferencia de prensa al t\u00e9rmino de una [&hellip;]<\/p>\n","protected":false},"author":1,"featured_media":0,"comment_status":"open","ping_status":"open","sticky":false,"template":"","format":"standard","meta":{"_bbp_topic_count":0,"_bbp_reply_count":0,"_bbp_total_topic_count":0,"_bbp_total_reply_count":0,"_bbp_voice_count":0,"_bbp_anonymous_reply_count":0,"_bbp_topic_count_hidden":0,"_bbp_reply_count_hidden":0,"_bbp_forum_subforum_count":0,"footnotes":""},"categories":[42,60],"tags":[],"class_list":{"0":"post-315133","1":"post","2":"type-post","3":"status-publish","4":"format-standard","6":"category-deportes","7":"category-titulares-del-dia"},"_links":{"self":[{"href":"https:\/\/primermomento.com\/index.php?rest_route=\/wp\/v2\/posts\/315133","targetHints":{"allow":["GET"]}}],"collection":[{"href":"https:\/\/primermomento.com\/index.php?rest_route=\/wp\/v2\/posts"}],"about":[{"href":"https:\/\/primermomento.com\/index.php?rest_route=\/wp\/v2\/types\/post"}],"author":[{"embeddable":true,"href":"https:\/\/primermomento.com\/index.php?rest_route=\/wp\/v2\/users\/1"}],"replies":[{"embeddable":true,"href":"https:\/\/primermomento.com\/index.php?rest_route=%2Fwp%2Fv2%2Fcomments&post=315133"}],"version-history":[{"count":1,"href":"https:\/\/primermomento.com\/index.php?rest_route=\/wp\/v2\/posts\/315133\/revisions"}],"predecessor-version":[{"id":315135,"href":"https:\/\/primermomento.com\/index.php?rest_route=\/wp\/v2\/posts\/315133\/revisions\/315135"}],"wp:attachment":[{"href":"https:\/\/primermomento.com\/index.php?rest_route=%2Fwp%2Fv2%2Fmedia&parent=315133"}],"wp:term":[{"taxonomy":"category","embeddable":true,"href":"https:\/\/primermomento.com\/index.php?rest_route=%2Fwp%2Fv2%2Fcategories&post=315133"},{"taxonomy":"post_tag","embeddable":true,"href":"https:\/\/primermomento.com\/index.php?rest_route=%2Fwp%2Fv2%2Ftags&post=315133"}],"curies":[{"name":"wp","href":"https:\/\/api.w.org\/{rel}","templated":true}]}}