{"id":315246,"date":"2019-02-20T14:31:21","date_gmt":"2019-02-20T18:31:21","guid":{"rendered":"http:\/\/primermomento.com\/?p=315246"},"modified":"2019-02-20T14:31:23","modified_gmt":"2019-02-20T18:31:23","slug":"sondeo-revela-oposicion-de-dominicanos-a-una-reeleccion-presidencial","status":"publish","type":"post","link":"https:\/\/primermomento.com\/?p=315246","title":{"rendered":"Sondeo revela oposici\u00f3n de dominicanos a una reelecci\u00f3n presidencial"},"content":{"rendered":"\n<p>  SANTO DOMINGO, Rep\u00fablica Dominicana.- Un sondeo llevado a cabo por el Centro  Iberoamericano de Gobernabilidad, Pol\u00edticas y Administraci\u00f3n P\u00fablica,  revel\u00f3 que el 69 por ciento de los dominicanos son contrarios a una  reelecci\u00f3n presidencial, se divulg\u00f3 hoy aqu\u00ed.                         <br>                          <\/p>\n\n\n\n<figure class=\"wp-block-image\"><img loading=\"lazy\" decoding=\"async\" width=\"748\" height=\"498\" src=\"http:\/\/primermomento.com\/wp-content\/uploads\/2019\/02\/rd-Danilo-Leonel-Abinader.jpg\" alt=\"\" class=\"wp-image-315247\" srcset=\"https:\/\/primermomento.com\/wp-content\/uploads\/2019\/02\/rd-Danilo-Leonel-Abinader.jpg 748w, https:\/\/primermomento.com\/wp-content\/uploads\/2019\/02\/rd-Danilo-Leonel-Abinader-300x200.jpg 300w, https:\/\/primermomento.com\/wp-content\/uploads\/2019\/02\/rd-Danilo-Leonel-Abinader-73x50.jpg 73w, https:\/\/primermomento.com\/wp-content\/uploads\/2019\/02\/rd-Danilo-Leonel-Abinader-500x333.jpg 500w, https:\/\/primermomento.com\/wp-content\/uploads\/2019\/02\/rd-Danilo-Leonel-Abinader-280x186.jpg 280w, https:\/\/primermomento.com\/wp-content\/uploads\/2019\/02\/rd-Danilo-Leonel-Abinader-60x40.jpg 60w, https:\/\/primermomento.com\/wp-content\/uploads\/2019\/02\/rd-Danilo-Leonel-Abinader-638x425.jpg 638w, https:\/\/primermomento.com\/wp-content\/uploads\/2019\/02\/rd-Danilo-Leonel-Abinader-118x79.jpg 118w, https:\/\/primermomento.com\/wp-content\/uploads\/2019\/02\/rd-Danilo-Leonel-Abinader-479x319.jpg 479w\" sizes=\"auto, (max-width: 748px) 100vw, 748px\" \/><\/figure>\n\n\n\n<p>Seg\u00fan medios locales, la encuesta -efectuada del 26 al 28 de enero entre  mil 226 personas y con el m\u00e9todo cara a cara-, tambi\u00e9n reflej\u00f3 que el  77 por ciento plante\u00f3 que la Constituci\u00f3n de la Rep\u00fablica impide el acto  reeleccionista.<\/p>\n\n\n\n<p> En cuanto a la simpat\u00eda por las organizaciones,\n el sondeo mostr\u00f3 una mayor simpat\u00eda para el Partido de la Liberaci\u00f3n \nDominicana (PLD), con un 55 por ciento, seguido por el Revolucionario \nModerno (PRM) con 32 y el Revolucionario Dominicano (PRD) con el cuatro.<\/p>\n\n\n\n<p>\n Asimismo, cuando se les pregunt\u00f3 a los entrevistados qu\u00e9 partido ganar\u00e1\n las elecciones de 2020, el 64 por ciento se\u00f1al\u00f3 al PLD y sus aliados \nmientras el 26 opt\u00f3 por el PRM.<\/p>\n\n\n\n<p> Con respecto a los candidatos, \nel sondeo indag\u00f3 acerca del preferido dentro del PLD para las primarias,\n y en ese caso el 45 por ciento manifest\u00f3 su preferencia por el \nexpresidente Leonel Fern\u00e1ndez.<\/p>\n\n\n\n<p> En el hipot\u00e9tico escenario en que\n todos compitan contra todos en las elecciones generales, Fern\u00e1ndez \nobtuvo el 28,5 por ciento, Luis Abinader el 27 y el presidente, Danilo \nMedina el 17.<\/p>\n\n\n\n<p> Finalmente, en relaci\u00f3n con la gesti\u00f3n del actual  Gobierno, el 53 por ciento de los entrevistados aprob\u00f3 su gesti\u00f3n, y el  aspecto mejor valorado fue la educaci\u00f3n y el peor la corrupci\u00f3n.<\/p>\n\n\n\n<p style=\"text-align:right\">PL<br><\/p>\n","protected":false},"excerpt":{"rendered":"<p>SANTO DOMINGO, Rep\u00fablica Dominicana.- Un sondeo llevado a cabo por el Centro Iberoamericano de Gobernabilidad, Pol\u00edticas y Administraci\u00f3n P\u00fablica, revel\u00f3 que el 69 por ciento de los dominicanos son contrarios a una reelecci\u00f3n presidencial, se divulg\u00f3 hoy aqu\u00ed. Seg\u00fan medios locales, la encuesta -efectuada del 26 al 28 de enero entre mil 226 personas y [&hellip;]<\/p>\n","protected":false},"author":1,"featured_media":0,"comment_status":"open","ping_status":"open","sticky":false,"template":"","format":"standard","meta":{"_bbp_topic_count":0,"_bbp_reply_count":0,"_bbp_total_topic_count":0,"_bbp_total_reply_count":0,"_bbp_voice_count":0,"_bbp_anonymous_reply_count":0,"_bbp_topic_count_hidden":0,"_bbp_reply_count_hidden":0,"_bbp_forum_subforum_count":0,"footnotes":""},"categories":[60,31],"tags":[],"class_list":{"0":"post-315246","1":"post","2":"type-post","3":"status-publish","4":"format-standard","6":"category-titulares-del-dia","7":"category-estados-unidos"},"_links":{"self":[{"href":"https:\/\/primermomento.com\/index.php?rest_route=\/wp\/v2\/posts\/315246","targetHints":{"allow":["GET"]}}],"collection":[{"href":"https:\/\/primermomento.com\/index.php?rest_route=\/wp\/v2\/posts"}],"about":[{"href":"https:\/\/primermomento.com\/index.php?rest_route=\/wp\/v2\/types\/post"}],"author":[{"embeddable":true,"href":"https:\/\/primermomento.com\/index.php?rest_route=\/wp\/v2\/users\/1"}],"replies":[{"embeddable":true,"href":"https:\/\/primermomento.com\/index.php?rest_route=%2Fwp%2Fv2%2Fcomments&post=315246"}],"version-history":[{"count":1,"href":"https:\/\/primermomento.com\/index.php?rest_route=\/wp\/v2\/posts\/315246\/revisions"}],"predecessor-version":[{"id":315248,"href":"https:\/\/primermomento.com\/index.php?rest_route=\/wp\/v2\/posts\/315246\/revisions\/315248"}],"wp:attachment":[{"href":"https:\/\/primermomento.com\/index.php?rest_route=%2Fwp%2Fv2%2Fmedia&parent=315246"}],"wp:term":[{"taxonomy":"category","embeddable":true,"href":"https:\/\/primermomento.com\/index.php?rest_route=%2Fwp%2Fv2%2Fcategories&post=315246"},{"taxonomy":"post_tag","embeddable":true,"href":"https:\/\/primermomento.com\/index.php?rest_route=%2Fwp%2Fv2%2Ftags&post=315246"}],"curies":[{"name":"wp","href":"https:\/\/api.w.org\/{rel}","templated":true}]}}