{"id":315253,"date":"2019-02-20T14:43:34","date_gmt":"2019-02-20T18:43:34","guid":{"rendered":"http:\/\/primermomento.com\/?p=315253"},"modified":"2019-02-20T14:43:35","modified_gmt":"2019-02-20T18:43:35","slug":"flavio-dario-espinal-es-propuesto-para-la-presidencia-de-la-scj","status":"publish","type":"post","link":"https:\/\/primermomento.com\/?p=315253","title":{"rendered":"Flavio Dar\u00edo Espinal es propuesto para la presidencia de la SCJ"},"content":{"rendered":"\n<p>SANTO DOMINGO, Rep\u00fablica Dominicana.- Un grupo de organizaciones defensoras de  los derechos humanos propusieron ante el Consejo Nacional de la  Magistratura (CNM) la candidatura del consultor jur\u00eddico del Poder  Ejecutivo, Flavio Dario Espinal, para la presidencia de la nueva Suprema  Corte de Justicia (SCJ).<\/p>\n\n\n\n<figure class=\"wp-block-image\"><img loading=\"lazy\" decoding=\"async\" width=\"580\" height=\"386\" src=\"http:\/\/primermomento.com\/wp-content\/uploads\/2018\/05\/Flavio-Dar\u00edo-Espinal3.jpg\" alt=\"\" class=\"wp-image-306463\" srcset=\"https:\/\/primermomento.com\/wp-content\/uploads\/2018\/05\/Flavio-Dar\u00edo-Espinal3.jpg 580w, https:\/\/primermomento.com\/wp-content\/uploads\/2018\/05\/Flavio-Dar\u00edo-Espinal3-300x200.jpg 300w, https:\/\/primermomento.com\/wp-content\/uploads\/2018\/05\/Flavio-Dar\u00edo-Espinal3-73x50.jpg 73w, https:\/\/primermomento.com\/wp-content\/uploads\/2018\/05\/Flavio-Dar\u00edo-Espinal3-500x333.jpg 500w, https:\/\/primermomento.com\/wp-content\/uploads\/2018\/05\/Flavio-Dar\u00edo-Espinal3-280x186.jpg 280w, https:\/\/primermomento.com\/wp-content\/uploads\/2018\/05\/Flavio-Dar\u00edo-Espinal3-60x40.jpg 60w, https:\/\/primermomento.com\/wp-content\/uploads\/2018\/05\/Flavio-Dar\u00edo-Espinal3-118x79.jpg 118w, https:\/\/primermomento.com\/wp-content\/uploads\/2018\/05\/Flavio-Dar\u00edo-Espinal3-479x319.jpg 479w\" sizes=\"auto, (max-width: 580px) 100vw, 580px\" \/><figcaption>Flavio Dar\u00edo Espinal.<\/figcaption><\/figure>\n\n\n\n<p>Como nuevos jueces propusieron a Olivo Rodr\u00edguez Huerta, actual \nembajador en Espa\u00f1a; al jurista C\u00e1ndido Sim\u00f3 Polanco y a Julissa Glorivi\n Hern\u00e1ndez Rivera, actual miembro del Ministerio P\u00fablico.<\/p>\n\n\n\n<p>La comunicaci\u00f3n est\u00e1 firmada por los directivos de la Fundaci\u00f3n \nDerechos Vigentes (FDV), la Red Nacional de Organizaciones Populares \n(Renopo), Asociaci\u00f3n para la Promoci\u00f3n de la Vida (Coovida), Fundaci\u00f3n \npor el Cambio Social (FCS), Club Cultural y Deportivo los Frailes y el \nBloque de Juntas de Vecinos Santo Domingo Norte.<\/p>\n\n\n\n<p>Asimismo, por el Colectivo de Organizaciones Comunitarias de Saman\u00e1, \nColectivo de Organizaciones Comunitaria de Ver\u00f3n, el Comit\u00e9 Derechos \nHumanos en Puerto Rico y la Central General Campesina (CGC).<\/p>\n\n\n\n<p>\u201cNuestra postulaci\u00f3n la hacemos en virtud de que los propuestos son \ndestacados juristas, comprometidos y con experiencia en el tema de \nderechos humanos\u201d, apuntaron en la propuesta.<\/p>\n\n\n\n<p>El CNM inici\u00f3 el 10 de enero los trabajos para evaluar el desempe\u00f1o \ndel presidente y de otros 10 jueces de la SCJ, tras cumplirse el periodo\n de 7 a\u00f1os para el que fueron elegidos.<\/p>\n\n\n\n<p>El pasado 13 de febrero, recibi\u00f3 las documentaciones de 15 candidatos\n a ocupar las vacantes de la SCJ, en el primer d\u00eda de inscripci\u00f3n para \nlos aspirantes, que culminar\u00e1 el 28 de febrero.<\/p>\n\n\n\n<p>Entre quienes fueron inscritos figuran, Jos\u00e9 An\u00edbal Madera Francisco,\n Pedro S\u00e1nchez Rivera, Manuel del Socorro P\u00e9rez Garc\u00eda, Daniel Nolasco \nOlivo, Jos\u00e9 Manuel Glass Guti\u00e9rrez, Ignacio Pascual Camacho y Pilar \nRufino D\u00edaz.<\/p>\n\n\n\n<p>Asimismo, Jos\u00e9 Alejandro Vargas, Rafael Cipri\u00e1n Lora, Vanessa E.  Acosta Peralta, Rafael V\u00e1squez Goico, Antonio S\u00e1nchez Mej\u00eda, Mery  Collado y Clarivel Nivar. <\/p>\n\n\n\n<p style=\"text-align:right\">EFE<\/p>\n","protected":false},"excerpt":{"rendered":"<p>SANTO DOMINGO, Rep\u00fablica Dominicana.- Un grupo de organizaciones defensoras de los derechos humanos propusieron ante el Consejo Nacional de la Magistratura (CNM) la candidatura del consultor jur\u00eddico del Poder Ejecutivo, Flavio Dario Espinal, para la presidencia de la nueva Suprema Corte de Justicia (SCJ). Como nuevos jueces propusieron a Olivo Rodr\u00edguez Huerta, actual embajador en [&hellip;]<\/p>\n","protected":false},"author":1,"featured_media":0,"comment_status":"open","ping_status":"open","sticky":false,"template":"","format":"standard","meta":{"_bbp_topic_count":0,"_bbp_reply_count":0,"_bbp_total_topic_count":0,"_bbp_total_reply_count":0,"_bbp_voice_count":0,"_bbp_anonymous_reply_count":0,"_bbp_topic_count_hidden":0,"_bbp_reply_count_hidden":0,"_bbp_forum_subforum_count":0,"footnotes":""},"categories":[60,32],"tags":[],"class_list":{"0":"post-315253","1":"post","2":"type-post","3":"status-publish","4":"format-standard","6":"category-titulares-del-dia","7":"category-lo-ultimo"},"_links":{"self":[{"href":"https:\/\/primermomento.com\/index.php?rest_route=\/wp\/v2\/posts\/315253","targetHints":{"allow":["GET"]}}],"collection":[{"href":"https:\/\/primermomento.com\/index.php?rest_route=\/wp\/v2\/posts"}],"about":[{"href":"https:\/\/primermomento.com\/index.php?rest_route=\/wp\/v2\/types\/post"}],"author":[{"embeddable":true,"href":"https:\/\/primermomento.com\/index.php?rest_route=\/wp\/v2\/users\/1"}],"replies":[{"embeddable":true,"href":"https:\/\/primermomento.com\/index.php?rest_route=%2Fwp%2Fv2%2Fcomments&post=315253"}],"version-history":[{"count":1,"href":"https:\/\/primermomento.com\/index.php?rest_route=\/wp\/v2\/posts\/315253\/revisions"}],"predecessor-version":[{"id":315254,"href":"https:\/\/primermomento.com\/index.php?rest_route=\/wp\/v2\/posts\/315253\/revisions\/315254"}],"wp:attachment":[{"href":"https:\/\/primermomento.com\/index.php?rest_route=%2Fwp%2Fv2%2Fmedia&parent=315253"}],"wp:term":[{"taxonomy":"category","embeddable":true,"href":"https:\/\/primermomento.com\/index.php?rest_route=%2Fwp%2Fv2%2Fcategories&post=315253"},{"taxonomy":"post_tag","embeddable":true,"href":"https:\/\/primermomento.com\/index.php?rest_route=%2Fwp%2Fv2%2Ftags&post=315253"}],"curies":[{"name":"wp","href":"https:\/\/api.w.org\/{rel}","templated":true}]}}