{"id":315255,"date":"2019-02-20T12:30:02","date_gmt":"2019-02-20T16:30:02","guid":{"rendered":"http:\/\/primermomento.com\/?p=315255"},"modified":"2019-02-20T14:50:18","modified_gmt":"2019-02-20T18:50:18","slug":"maduro-reta-a-guaido-a-que-convoque-a-elecciones-para-derrotarlo","status":"publish","type":"post","link":"https:\/\/primermomento.com\/?p=315255","title":{"rendered":"Maduro reta a Guaid\u00f3 a que convoque a elecciones para derrotarlo"},"content":{"rendered":"\n<p>CARACAS, Venezuela.- El gobernante de Venezuela, Nicol\u00e1s Maduro, pidi\u00f3 este martes al jefe del Parlamento, Juan Guaid\u00f3, reconocido como mandatario interino por casi 50 pa\u00edses, que convoque a elecciones presidenciales pues cree que lo vencer\u00eda y esto pondr\u00eda fin a la disputa por el poder Ejecutivo que mantienen.<\/p>\n\n\n\n<figure class=\"wp-block-image\"><img loading=\"lazy\" decoding=\"async\" width=\"1023\" height=\"575\" src=\"http:\/\/primermomento.com\/wp-content\/uploads\/2017\/03\/Nicolas-Maduro1.jpg\" alt=\"\" class=\"wp-image-288695\" srcset=\"https:\/\/primermomento.com\/wp-content\/uploads\/2017\/03\/Nicolas-Maduro1.jpg 1023w, https:\/\/primermomento.com\/wp-content\/uploads\/2017\/03\/Nicolas-Maduro1-300x169.jpg 300w, https:\/\/primermomento.com\/wp-content\/uploads\/2017\/03\/Nicolas-Maduro1-768x432.jpg 768w, https:\/\/primermomento.com\/wp-content\/uploads\/2017\/03\/Nicolas-Maduro1-478x270.jpg 478w, https:\/\/primermomento.com\/wp-content\/uploads\/2017\/03\/Nicolas-Maduro1-216x120.jpg 216w, https:\/\/primermomento.com\/wp-content\/uploads\/2017\/03\/Nicolas-Maduro1-500x281.jpg 500w, https:\/\/primermomento.com\/wp-content\/uploads\/2017\/03\/Nicolas-Maduro1-280x157.jpg 280w, https:\/\/primermomento.com\/wp-content\/uploads\/2017\/03\/Nicolas-Maduro1-638x359.jpg 638w, https:\/\/primermomento.com\/wp-content\/uploads\/2017\/03\/Nicolas-Maduro1-118x66.jpg 118w, https:\/\/primermomento.com\/wp-content\/uploads\/2017\/03\/Nicolas-Maduro1-479x269.jpg 479w\" sizes=\"auto, (max-width: 1023px) 100vw, 1023px\" \/><figcaption>Maduro a\u00f1adi\u00f3 que la \u00fanica ruptura constitucional ocurri\u00f3 en 2002 cuando la oposici\u00f3n encabez\u00f3 el golpe de Estado en abril de ese a\u00f1o contra Hugo Ch\u00e1vez, en referencia a las declaraciones de la fiscal general sobre la sentencia del Supremo.<\/figcaption><\/figure>\n\n\n\n<p>\u201cQue el mister (se\u00f1or) payaso convoque a elecciones (\u2026) si es que las tiene puestas para revolcarlo bien revolcado con votos, como es debido\u201d, dijo el l\u00edder chavista durante un acto de graduaci\u00f3n de m\u00e9dicos en Caracas.<\/p>\n\n\n\n<p>Guaid\u00f3 se proclam\u00f3 en enero pasado como presidente encargado al considerar que Maduro usurpa la Presidencia, pues afirma que obtuvo la reelecci\u00f3n en unos comicios tachados de fraudulentos entre otras razones porque a sus principales contendientes se les impidi\u00f3 participar.<\/p>\n\n\n\n<p>\u201cEl pretendido autoproclamado, porque no convoc\u00f3 a elecciones, por qu\u00e9 no convoca a elecciones para darle una revolcada con votos del pueblo. Convoque a elecciones, se\u00f1or autoproclamado, se\u00f1or payaso. Convoque a elecciones, mister payaso\u201d, prosigui\u00f3 en alusi\u00f3n a Guaid\u00f3.<\/p>\n\n\n\n<p>El mensaje de Maduro se da en la misma jornada en la que el Parlamento venezolano, liderado por Guaid\u00f3, acord\u00f3 este martes reformar el sistema electoral -que consideran sesgado a favor del Gobierno- para llamar en el menor plazo posible a nuevas elecciones presidenciales en vista de la usurpaci\u00f3n que, denuncian, hace Maduro.<\/p>\n\n\n\n<p>Guaid\u00f3 cuenta con el reconocimiento de la mayor\u00eda de pa\u00edses de la Uni\u00f3n Europea (UE) y de Am\u00e9rica, que respaldan su ruta planteada que incluye un gobierno de transici\u00f3n y elecciones libres.<\/p>\n\n\n\n<p>El l\u00edder opositor tambi\u00e9n pretende ingresar el s\u00e1bado unas donaciones hechas por varios Gobiernos y empresas por concepto de ayuda humanitaria para paliar la severa crisis sanitaria y alimentaria que registra el pa\u00eds desde hace a\u00f1os.<\/p>\n\n\n\n<p>Maduro rechaza estas donaciones por considerar que se trata de un \u201cshow\u201d pol\u00edtico, aunque en los \u00faltimos d\u00edas ha aceptado \u201casistencia humanitaria\u201d de Gobiernos aliados ideol\u00f3gicamente como China, Rusia y Cuba.<\/p>\n\n\n\n<p>\u201cPido ayuda de quien siempre tiene la capacidad de ayudar, pido la ayuda de Cuba, de Ra\u00fal (Castro), de (mandatario Miguel) D\u00edaz Canel (\u2026), nuestra solicitud de ayuda para formar m\u00e9dicos\u201d, agreg\u00f3 en este sentido.<\/p>\n\n\n\n<p style=\"text-align:right\">EFE<\/p>\n","protected":false},"excerpt":{"rendered":"<p>CARACAS, Venezuela.- El gobernante de Venezuela, Nicol\u00e1s Maduro, pidi\u00f3 este martes al jefe del Parlamento, Juan Guaid\u00f3, reconocido como mandatario interino por casi 50 pa\u00edses, que convoque a elecciones presidenciales pues cree que lo vencer\u00eda y esto pondr\u00eda fin a la disputa por el poder Ejecutivo que mantienen. \u201cQue el mister (se\u00f1or) payaso convoque a [&hellip;]<\/p>\n","protected":false},"author":1,"featured_media":0,"comment_status":"open","ping_status":"open","sticky":false,"template":"","format":"standard","meta":{"_bbp_topic_count":0,"_bbp_reply_count":0,"_bbp_total_topic_count":0,"_bbp_total_reply_count":0,"_bbp_voice_count":0,"_bbp_anonymous_reply_count":0,"_bbp_topic_count_hidden":0,"_bbp_reply_count_hidden":0,"_bbp_forum_subforum_count":0,"footnotes":""},"categories":[60,31],"tags":[],"class_list":{"0":"post-315255","1":"post","2":"type-post","3":"status-publish","4":"format-standard","6":"category-titulares-del-dia","7":"category-estados-unidos"},"_links":{"self":[{"href":"https:\/\/primermomento.com\/index.php?rest_route=\/wp\/v2\/posts\/315255","targetHints":{"allow":["GET"]}}],"collection":[{"href":"https:\/\/primermomento.com\/index.php?rest_route=\/wp\/v2\/posts"}],"about":[{"href":"https:\/\/primermomento.com\/index.php?rest_route=\/wp\/v2\/types\/post"}],"author":[{"embeddable":true,"href":"https:\/\/primermomento.com\/index.php?rest_route=\/wp\/v2\/users\/1"}],"replies":[{"embeddable":true,"href":"https:\/\/primermomento.com\/index.php?rest_route=%2Fwp%2Fv2%2Fcomments&post=315255"}],"version-history":[{"count":1,"href":"https:\/\/primermomento.com\/index.php?rest_route=\/wp\/v2\/posts\/315255\/revisions"}],"predecessor-version":[{"id":315256,"href":"https:\/\/primermomento.com\/index.php?rest_route=\/wp\/v2\/posts\/315255\/revisions\/315256"}],"wp:attachment":[{"href":"https:\/\/primermomento.com\/index.php?rest_route=%2Fwp%2Fv2%2Fmedia&parent=315255"}],"wp:term":[{"taxonomy":"category","embeddable":true,"href":"https:\/\/primermomento.com\/index.php?rest_route=%2Fwp%2Fv2%2Fcategories&post=315255"},{"taxonomy":"post_tag","embeddable":true,"href":"https:\/\/primermomento.com\/index.php?rest_route=%2Fwp%2Fv2%2Ftags&post=315255"}],"curies":[{"name":"wp","href":"https:\/\/api.w.org\/{rel}","templated":true}]}}