{"id":315261,"date":"2019-02-20T11:57:57","date_gmt":"2019-02-20T15:57:57","guid":{"rendered":"http:\/\/primermomento.com\/?p=315261"},"modified":"2019-02-20T14:59:55","modified_gmt":"2019-02-20T18:59:55","slug":"oposicion-haitiana-retoma-las-protestas-y-convoca-marcha-para-exigir-renuncia-de-moise","status":"publish","type":"post","link":"https:\/\/primermomento.com\/?p=315261","title":{"rendered":"Oposici\u00f3n haitiana retoma las protestas y convoca marcha para exigir renuncia de Moise"},"content":{"rendered":"\n<p>PUERTO PRINCIPE, Hait\u00ed.- La oposici\u00f3n haitiana anunci\u00f3 este martes  la reanudaci\u00f3n de las movilizaciones a partir de este mi\u00e9rcoles y  convoc\u00f3 a una marcha para el pr\u00f3ximo viernes para exigir la renuncia del  presidente, Jovenel Moise, y volvi\u00f3 a rechazar el di\u00e1logo.<\/p>\n\n\n\n<figure class=\"wp-block-image\"><img loading=\"lazy\" decoding=\"async\" width=\"772\" height=\"369\" src=\"http:\/\/primermomento.com\/wp-content\/uploads\/2019\/02\/protestas-haitianas1-1.jpg\" alt=\"\" class=\"wp-image-315262\" srcset=\"https:\/\/primermomento.com\/wp-content\/uploads\/2019\/02\/protestas-haitianas1-1.jpg 772w, https:\/\/primermomento.com\/wp-content\/uploads\/2019\/02\/protestas-haitianas1-1-300x143.jpg 300w, https:\/\/primermomento.com\/wp-content\/uploads\/2019\/02\/protestas-haitianas1-1-768x367.jpg 768w, https:\/\/primermomento.com\/wp-content\/uploads\/2019\/02\/protestas-haitianas1-1-500x239.jpg 500w, https:\/\/primermomento.com\/wp-content\/uploads\/2019\/02\/protestas-haitianas1-1-280x134.jpg 280w, https:\/\/primermomento.com\/wp-content\/uploads\/2019\/02\/protestas-haitianas1-1-638x305.jpg 638w, https:\/\/primermomento.com\/wp-content\/uploads\/2019\/02\/protestas-haitianas1-1-118x56.jpg 118w, https:\/\/primermomento.com\/wp-content\/uploads\/2019\/02\/protestas-haitianas1-1-479x229.jpg 479w\" sizes=\"auto, (max-width: 772px) 100vw, 772px\" \/><\/figure>\n\n\n\n<p>\u201cEl viernes vamos a marchar en todo el \npa\u00eds para sacar a Jovenel Moise del Palacio Nacional; el momento del \ndi\u00e1logo ha pasado y el Gobierno no tiene nada que ofrecer. Las promesas \ndel Gobierno son pol\u00edticas que nunca va a poder implementar\u201d, afirm\u00f3 en \nuna rueda de prensa Andr\u00e9 Michel, uno de los l\u00edderes de la oposici\u00f3n.<\/p>\n\n\n\n<p>\u201cVamos a sacar a este poder corrupto que solo quiere acabar con lo \nque queda en el pa\u00eds\u201d, agreg\u00f3 Michel, del Sector Democr\u00e1tico y Popular, \nque agrupa a varios l\u00edderes de oposici\u00f3n y organizaciones sociales.<\/p>\n\n\n\n<p>Michel tambi\u00e9n denunci\u00f3 que los siete extranjeros y un haitiano, \ndetenidos esta semana por posesi\u00f3n ilegal de armas de guerra son \nmercenarios que estaban en el pa\u00eds para trabajar para el Gobierno y que \npresuntamente ten\u00edan en su mira a dirigentes de oposici\u00f3n.<\/p>\n\n\n\n<p>El portavoz del Sector Democr\u00e1tico y Popular tambi\u00e9n se\u00f1al\u00f3 que, \nseg\u00fan sus informaciones, hay personas del Gobierno que est\u00e1n presionando\n a la polic\u00eda para que los liberen.<\/p>\n\n\n\n<p>Los detenidos son cinco estadounidenses, dos serbios y un haitiano \nquienes, de acuerdo con la Polic\u00eda, ten\u00edan en su poder varias \nametralladoras, pistolas, chalecos antibalas, drones y tel\u00e9fonos \nsatelitales, entre otros equipos.<\/p>\n\n\n\n<p>Mientras tanto, Moise se reuni\u00f3 hoy con el expresidente Jocelerme \nPrivert, para tratar de iniciar un di\u00e1logo para sacar al pa\u00eds de la \nseria crisis econ\u00f3mica y pol\u00edtica que atraviesa.<\/p>\n\n\n\n<p>Fuentes del Palacio Nacional informaron de que el jefe de Estado se \nreuni\u00f3 tambi\u00e9n con empresarios agrupados en el Foro Econ\u00f3mico.<\/p>\n\n\n\n<p>Adem\u00e1s, el Gobierno haitiano anunci\u00f3 que se crear\u00e1n 200.000 empleos \nen el corto plazo para ayudar a los sectores m\u00e1s vulnerables.<\/p>\n\n\n\n<p>El 7 de febrero, coincidiendo con el segundo aniversario de la \nllegada de Moise a la Presidencia, se iniciaron violentas protestas en \nHait\u00ed, que se prolongaron durante toda la semana y causaron al menos \nnueve muertos, en medio de una severa crisis econ\u00f3mica que se agrav\u00f3 \neste a\u00f1o por una fuerte depreciaci\u00f3n del gourde, la moneda oficial, y \npor los fallos en el suministro de electricidad derivados de la escasez \nde combustibles.<\/p>\n\n\n\n<p>Desde el pasado s\u00e1bado, Hait\u00ed, el pa\u00eds m\u00e1s pobre de Am\u00e9rica, ha ido  poco a poco retornando a la normalidad y saliendo de la paralizaci\u00f3n en  la que se mantuvo desde el 7 de febrero. <\/p>\n\n\n\n<p style=\"text-align:right\">EFE<\/p>\n","protected":false},"excerpt":{"rendered":"<p>PUERTO PRINCIPE, Hait\u00ed.- La oposici\u00f3n haitiana anunci\u00f3 este martes la reanudaci\u00f3n de las movilizaciones a partir de este mi\u00e9rcoles y convoc\u00f3 a una marcha para el pr\u00f3ximo viernes para exigir la renuncia del presidente, Jovenel Moise, y volvi\u00f3 a rechazar el di\u00e1logo. \u201cEl viernes vamos a marchar en todo el pa\u00eds para sacar a Jovenel [&hellip;]<\/p>\n","protected":false},"author":1,"featured_media":0,"comment_status":"open","ping_status":"open","sticky":false,"template":"","format":"standard","meta":{"_bbp_topic_count":0,"_bbp_reply_count":0,"_bbp_total_topic_count":0,"_bbp_total_reply_count":0,"_bbp_voice_count":0,"_bbp_anonymous_reply_count":0,"_bbp_topic_count_hidden":0,"_bbp_reply_count_hidden":0,"_bbp_forum_subforum_count":0,"footnotes":""},"categories":[60,31],"tags":[],"class_list":{"0":"post-315261","1":"post","2":"type-post","3":"status-publish","4":"format-standard","6":"category-titulares-del-dia","7":"category-estados-unidos"},"_links":{"self":[{"href":"https:\/\/primermomento.com\/index.php?rest_route=\/wp\/v2\/posts\/315261","targetHints":{"allow":["GET"]}}],"collection":[{"href":"https:\/\/primermomento.com\/index.php?rest_route=\/wp\/v2\/posts"}],"about":[{"href":"https:\/\/primermomento.com\/index.php?rest_route=\/wp\/v2\/types\/post"}],"author":[{"embeddable":true,"href":"https:\/\/primermomento.com\/index.php?rest_route=\/wp\/v2\/users\/1"}],"replies":[{"embeddable":true,"href":"https:\/\/primermomento.com\/index.php?rest_route=%2Fwp%2Fv2%2Fcomments&post=315261"}],"version-history":[{"count":1,"href":"https:\/\/primermomento.com\/index.php?rest_route=\/wp\/v2\/posts\/315261\/revisions"}],"predecessor-version":[{"id":315263,"href":"https:\/\/primermomento.com\/index.php?rest_route=\/wp\/v2\/posts\/315261\/revisions\/315263"}],"wp:attachment":[{"href":"https:\/\/primermomento.com\/index.php?rest_route=%2Fwp%2Fv2%2Fmedia&parent=315261"}],"wp:term":[{"taxonomy":"category","embeddable":true,"href":"https:\/\/primermomento.com\/index.php?rest_route=%2Fwp%2Fv2%2Fcategories&post=315261"},{"taxonomy":"post_tag","embeddable":true,"href":"https:\/\/primermomento.com\/index.php?rest_route=%2Fwp%2Fv2%2Ftags&post=315261"}],"curies":[{"name":"wp","href":"https:\/\/api.w.org\/{rel}","templated":true}]}}