{"id":315268,"date":"2019-02-20T20:43:21","date_gmt":"2019-02-21T00:43:21","guid":{"rendered":"http:\/\/primermomento.com\/?p=315268"},"modified":"2019-02-20T20:43:22","modified_gmt":"2019-02-21T00:43:22","slug":"deportados-de-eeuu-79-exconvictos-dominicanos","status":"publish","type":"post","link":"https:\/\/primermomento.com\/?p=315268","title":{"rendered":"Deportados de EEUU 79 exconvictos dominicanos"},"content":{"rendered":"\n<p> SANTO DOMINGO, Rep\u00fablica Dominicana.- Las  autoridades de Inmigraci\u00f3n y Aduanas de Estados Unidos deportaron a 79  dominicanos que cumplieron condenas por diversos delitos en esa naci\u00f3n,  se divulg\u00f3 hoy en esta capital.                         <br>                          <\/p>\n\n\n\n<div class=\"wp-block-image\"><figure class=\"aligncenter\"><img loading=\"lazy\" decoding=\"async\" width=\"515\" height=\"460\" src=\"http:\/\/primermomento.com\/wp-content\/uploads\/2018\/12\/deportados-dominicanos.jpeg\" alt=\"\" class=\"wp-image-312784\" srcset=\"https:\/\/primermomento.com\/wp-content\/uploads\/2018\/12\/deportados-dominicanos.jpeg 515w, https:\/\/primermomento.com\/wp-content\/uploads\/2018\/12\/deportados-dominicanos-300x268.jpeg 300w, https:\/\/primermomento.com\/wp-content\/uploads\/2018\/12\/deportados-dominicanos-500x447.jpeg 500w, https:\/\/primermomento.com\/wp-content\/uploads\/2018\/12\/deportados-dominicanos-246x220.jpeg 246w, https:\/\/primermomento.com\/wp-content\/uploads\/2018\/12\/deportados-dominicanos-118x105.jpeg 118w, https:\/\/primermomento.com\/wp-content\/uploads\/2018\/12\/deportados-dominicanos-479x428.jpeg 479w\" sizes=\"auto, (max-width: 515px) 100vw, 515px\" \/><\/figure><\/div>\n\n\n\n<p>Los devueltos  llegaron a Rep\u00fablica Dominicana en un avi\u00f3n de aquella instituci\u00f3n por  el aeropuerto internacional de Las Am\u00e9ricas y fueron entregados a  funcionarios de la Direcci\u00f3n General de Migraci\u00f3n, de Control de Drogas,  del Cuerpo Especializado de Seguridad Aeroportuaria y de la Aviaci\u00f3n  Civil, entre otras.<\/p>\n\n\n\n<p> El grupo fue trasladado al Centro de Refugio\n de Personas Detenidas y Repatriadas, que Migraci\u00f3n posee en la \ncomunidad de Haina, San Crist\u00f3bal, y all\u00ed ser\u00e1n depurados, fichados y \nluego entregados a sus familiares.<\/p>\n\n\n\n<p> Con este grupo ascienden a 322 los repatriados en lo que va del a\u00f1o. <\/p>\n\n\n\n<p style=\"text-align:right\">PL<\/p>\n","protected":false},"excerpt":{"rendered":"<p>SANTO DOMINGO, Rep\u00fablica Dominicana.- Las autoridades de Inmigraci\u00f3n y Aduanas de Estados Unidos deportaron a 79 dominicanos que cumplieron condenas por diversos delitos en esa naci\u00f3n, se divulg\u00f3 hoy en esta capital. Los devueltos llegaron a Rep\u00fablica Dominicana en un avi\u00f3n de aquella instituci\u00f3n por el aeropuerto internacional de Las Am\u00e9ricas y fueron entregados a [&hellip;]<\/p>\n","protected":false},"author":1,"featured_media":0,"comment_status":"open","ping_status":"open","sticky":false,"template":"","format":"standard","meta":{"_bbp_topic_count":0,"_bbp_reply_count":0,"_bbp_total_topic_count":0,"_bbp_total_reply_count":0,"_bbp_voice_count":0,"_bbp_anonymous_reply_count":0,"_bbp_topic_count_hidden":0,"_bbp_reply_count_hidden":0,"_bbp_forum_subforum_count":0,"footnotes":""},"categories":[30,60],"tags":[],"class_list":{"0":"post-315268","1":"post","2":"type-post","3":"status-publish","4":"format-standard","6":"category-actualidad","7":"category-titulares-del-dia"},"_links":{"self":[{"href":"https:\/\/primermomento.com\/index.php?rest_route=\/wp\/v2\/posts\/315268","targetHints":{"allow":["GET"]}}],"collection":[{"href":"https:\/\/primermomento.com\/index.php?rest_route=\/wp\/v2\/posts"}],"about":[{"href":"https:\/\/primermomento.com\/index.php?rest_route=\/wp\/v2\/types\/post"}],"author":[{"embeddable":true,"href":"https:\/\/primermomento.com\/index.php?rest_route=\/wp\/v2\/users\/1"}],"replies":[{"embeddable":true,"href":"https:\/\/primermomento.com\/index.php?rest_route=%2Fwp%2Fv2%2Fcomments&post=315268"}],"version-history":[{"count":1,"href":"https:\/\/primermomento.com\/index.php?rest_route=\/wp\/v2\/posts\/315268\/revisions"}],"predecessor-version":[{"id":315269,"href":"https:\/\/primermomento.com\/index.php?rest_route=\/wp\/v2\/posts\/315268\/revisions\/315269"}],"wp:attachment":[{"href":"https:\/\/primermomento.com\/index.php?rest_route=%2Fwp%2Fv2%2Fmedia&parent=315268"}],"wp:term":[{"taxonomy":"category","embeddable":true,"href":"https:\/\/primermomento.com\/index.php?rest_route=%2Fwp%2Fv2%2Fcategories&post=315268"},{"taxonomy":"post_tag","embeddable":true,"href":"https:\/\/primermomento.com\/index.php?rest_route=%2Fwp%2Fv2%2Ftags&post=315268"}],"curies":[{"name":"wp","href":"https:\/\/api.w.org\/{rel}","templated":true}]}}