{"id":315270,"date":"2019-02-20T19:44:07","date_gmt":"2019-02-20T23:44:07","guid":{"rendered":"http:\/\/primermomento.com\/?p=315270"},"modified":"2019-02-20T20:47:08","modified_gmt":"2019-02-21T00:47:08","slug":"ministro-lamenta-no-se-haya-firmado-pacto-electrico","status":"publish","type":"post","link":"https:\/\/primermomento.com\/?p=315270","title":{"rendered":"Ministro lamenta no se haya firmado Pacto El\u00e9ctrico"},"content":{"rendered":"\n<p> SANTO DOMINGO, Rep\u00fablica Dominicana.- El ministro de Energ\u00eda y Minas, Antonio  Isa Conde, lament\u00f3 hoy en esta capital que la ceguera pol\u00edtica haya  impedido la suscripci\u00f3n del Pacto El\u00e9ctrico en Rep\u00fablica Dominicana.                         <br>                          <\/p>\n\n\n\n<figure class=\"wp-block-image\"><img loading=\"lazy\" decoding=\"async\" width=\"748\" height=\"498\" src=\"http:\/\/primermomento.com\/wp-content\/uploads\/2018\/06\/Antonio-Isa-Conde2.jpg\" alt=\"\" class=\"wp-image-307415\" srcset=\"https:\/\/primermomento.com\/wp-content\/uploads\/2018\/06\/Antonio-Isa-Conde2.jpg 748w, https:\/\/primermomento.com\/wp-content\/uploads\/2018\/06\/Antonio-Isa-Conde2-300x200.jpg 300w, https:\/\/primermomento.com\/wp-content\/uploads\/2018\/06\/Antonio-Isa-Conde2-73x50.jpg 73w, https:\/\/primermomento.com\/wp-content\/uploads\/2018\/06\/Antonio-Isa-Conde2-500x333.jpg 500w, https:\/\/primermomento.com\/wp-content\/uploads\/2018\/06\/Antonio-Isa-Conde2-280x186.jpg 280w, https:\/\/primermomento.com\/wp-content\/uploads\/2018\/06\/Antonio-Isa-Conde2-60x40.jpg 60w, https:\/\/primermomento.com\/wp-content\/uploads\/2018\/06\/Antonio-Isa-Conde2-638x425.jpg 638w, https:\/\/primermomento.com\/wp-content\/uploads\/2018\/06\/Antonio-Isa-Conde2-118x79.jpg 118w, https:\/\/primermomento.com\/wp-content\/uploads\/2018\/06\/Antonio-Isa-Conde2-479x319.jpg 479w\" sizes=\"auto, (max-width: 748px) 100vw, 748px\" \/><figcaption>Antonio Isa Conde.<\/figcaption><\/figure>\n\n\n\n<p>El titular se\u00f1al\u00f3  que el pacto, consensuado en el 85 por ciento de sus puntos por una  mayor\u00eda calificada, conviene a quienes tienen aspiraciones de gobernar  pues hallar\u00edan una casa ordenada y un camino para ejecutar grandes  reformas para un sector el\u00e9ctrico eficiente.<\/p>\n\n\n\n<p> Seg\u00fan medios \nlocales, Isa Conde se\u00f1al\u00f3 que el Pacto El\u00e9ctrico contemplado en la Ley \nde Estrategia Nacional de Desarrollo tiene muchos enemigos, por suerte \nson una minor\u00eda, pero lucran del caos, no quieren orden ni rendici\u00f3n de \ncuentas y ponen por encima de todo sus intereses personales.<\/p>\n\n\n\n<p> \nManifest\u00f3 que &#8216;mientras esa concepci\u00f3n est\u00e9 en la cabeza de alguna \ngente, a\u00fan con posici\u00f3n de direcci\u00f3n en las organizaciones pol\u00edticas, \nser\u00e1 dif\u00edcil impulsar  transformaciones que fluyan para el beneficio del\n pa\u00eds&#8217;.<\/p>\n\n\n\n<p> Dijo que pactos sociales, como el El\u00e9ctrico, son \ncompromisos con el desarrollo, por lo cual consider\u00f3 que los pol\u00edticos \ncon expectativas de poder deber\u00edan ser los primeros en levantar la \nbandera de estos acuerdos en vez de obstruir su firma.<\/p>\n\n\n\n<p> El Pacto  Nacional para la Reforma del Sector El\u00e9ctrico, como oficialmente se  llama, es un acuerdo de voluntades entre todas las fuerzas econ\u00f3micas,  pol\u00edticas y sociales del pa\u00eds con la finalidad de encontrar soluci\u00f3n  definitiva a la problem\u00e1tica de ese sector. <\/p>\n\n\n\n<p style=\"text-align:right\">PL<br><\/p>\n","protected":false},"excerpt":{"rendered":"<p>SANTO DOMINGO, Rep\u00fablica Dominicana.- El ministro de Energ\u00eda y Minas, Antonio Isa Conde, lament\u00f3 hoy en esta capital que la ceguera pol\u00edtica haya impedido la suscripci\u00f3n del Pacto El\u00e9ctrico en Rep\u00fablica Dominicana. El titular se\u00f1al\u00f3 que el pacto, consensuado en el 85 por ciento de sus puntos por una mayor\u00eda calificada, conviene a quienes tienen [&hellip;]<\/p>\n","protected":false},"author":1,"featured_media":0,"comment_status":"open","ping_status":"open","sticky":false,"template":"","format":"standard","meta":{"_bbp_topic_count":0,"_bbp_reply_count":0,"_bbp_total_topic_count":0,"_bbp_total_reply_count":0,"_bbp_voice_count":0,"_bbp_anonymous_reply_count":0,"_bbp_topic_count_hidden":0,"_bbp_reply_count_hidden":0,"_bbp_forum_subforum_count":0,"footnotes":""},"categories":[30,60],"tags":[],"class_list":{"0":"post-315270","1":"post","2":"type-post","3":"status-publish","4":"format-standard","6":"category-actualidad","7":"category-titulares-del-dia"},"_links":{"self":[{"href":"https:\/\/primermomento.com\/index.php?rest_route=\/wp\/v2\/posts\/315270","targetHints":{"allow":["GET"]}}],"collection":[{"href":"https:\/\/primermomento.com\/index.php?rest_route=\/wp\/v2\/posts"}],"about":[{"href":"https:\/\/primermomento.com\/index.php?rest_route=\/wp\/v2\/types\/post"}],"author":[{"embeddable":true,"href":"https:\/\/primermomento.com\/index.php?rest_route=\/wp\/v2\/users\/1"}],"replies":[{"embeddable":true,"href":"https:\/\/primermomento.com\/index.php?rest_route=%2Fwp%2Fv2%2Fcomments&post=315270"}],"version-history":[{"count":1,"href":"https:\/\/primermomento.com\/index.php?rest_route=\/wp\/v2\/posts\/315270\/revisions"}],"predecessor-version":[{"id":315271,"href":"https:\/\/primermomento.com\/index.php?rest_route=\/wp\/v2\/posts\/315270\/revisions\/315271"}],"wp:attachment":[{"href":"https:\/\/primermomento.com\/index.php?rest_route=%2Fwp%2Fv2%2Fmedia&parent=315270"}],"wp:term":[{"taxonomy":"category","embeddable":true,"href":"https:\/\/primermomento.com\/index.php?rest_route=%2Fwp%2Fv2%2Fcategories&post=315270"},{"taxonomy":"post_tag","embeddable":true,"href":"https:\/\/primermomento.com\/index.php?rest_route=%2Fwp%2Fv2%2Ftags&post=315270"}],"curies":[{"name":"wp","href":"https:\/\/api.w.org\/{rel}","templated":true}]}}