{"id":315272,"date":"2019-02-20T10:49:30","date_gmt":"2019-02-20T14:49:30","guid":{"rendered":"http:\/\/primermomento.com\/?p=315272"},"modified":"2019-02-20T20:52:22","modified_gmt":"2019-02-21T00:52:22","slug":"sanders-dice-es-una-locura-tener-en-eeuu-a-un-presidente-como-trump","status":"publish","type":"post","link":"https:\/\/primermomento.com\/?p=315272","title":{"rendered":"Sanders dice es una locura tener en EEUU a un presidente como Trump"},"content":{"rendered":"\n<p> WASHINGTON, Distrito de Columbia.- El senador estadounidense Bernie Sanders  tild\u00f3 hoy de verdadera locura tener en Estados Unidos a un presidente  racista, sexista, xen\u00f3fobo y un fraude, en referencia a Donald Trump.                         <br>                          <\/p>\n\n\n\n<figure class=\"wp-block-image\"><img loading=\"lazy\" decoding=\"async\" width=\"748\" height=\"498\" src=\"http:\/\/primermomento.com\/wp-content\/uploads\/2019\/02\/00eSanders.jpg\" alt=\"\" class=\"wp-image-315273\" srcset=\"https:\/\/primermomento.com\/wp-content\/uploads\/2019\/02\/00eSanders.jpg 748w, https:\/\/primermomento.com\/wp-content\/uploads\/2019\/02\/00eSanders-300x200.jpg 300w, https:\/\/primermomento.com\/wp-content\/uploads\/2019\/02\/00eSanders-73x50.jpg 73w, https:\/\/primermomento.com\/wp-content\/uploads\/2019\/02\/00eSanders-500x333.jpg 500w, https:\/\/primermomento.com\/wp-content\/uploads\/2019\/02\/00eSanders-280x186.jpg 280w, https:\/\/primermomento.com\/wp-content\/uploads\/2019\/02\/00eSanders-60x40.jpg 60w, https:\/\/primermomento.com\/wp-content\/uploads\/2019\/02\/00eSanders-638x425.jpg 638w, https:\/\/primermomento.com\/wp-content\/uploads\/2019\/02\/00eSanders-118x79.jpg 118w, https:\/\/primermomento.com\/wp-content\/uploads\/2019\/02\/00eSanders-479x319.jpg 479w\" sizes=\"auto, (max-width: 748px) 100vw, 748px\" \/><\/figure>\n\n\n\n<p>Sanders, quien lanz\u00f3 el lunes su candidatura a la presidencia en 2020,  respondi\u00f3 as\u00ed a un mensaje publicado por el mandatario republicano en la  red social Twitter, en el cual retoma un viejo insulto al catalogarlo  de loco. &#8216;Lo que es una locura es que tenemos un presidente que es racista,  sexista, xen\u00f3fobo y fraude&#8217;, escribi\u00f3 el legislador por el estado de  Vermont.<\/p>\n\n\n\n<p> Vamos a unir a la gente -a\u00f1adi\u00f3 en el propio tuit- y no\n solo derrotaremos a Trump, sino que tambi\u00e9n transformaremos la vida \necon\u00f3mica y pol\u00edtica de este pa\u00eds.<\/p>\n\n\n\n<p> Acostumbrado a atacar a sus \nrivales pol\u00edticos a trav\u00e9s de la plataforma en Internet, Trump hab\u00eda \npublicado a sus seguidores: &#8216;El loco Bernie acaba de ingresar a la \ncarrera. \u00c2\u00edLe deseo lo mejor!&#8217; <\/p>\n\n\n\n<p>De esta manera Sanders se uni\u00f3 a  los senadores Kamala Harris (California) y Elizabeth Warren  (Massachusetts), Kirsten Gillibrand (Nueva York), Amy Klobuchar  (Minnesota) y Cory Booker (Nueva Jersey), que ya anunciaron sus  respectivas precandidaturas a la nominaci\u00f3n por el Partido Dem\u00f3crata.<\/p>\n\n\n\n<p>\n Tambi\u00e9n se incluyen en la lista de los que publicaron su entrada en la \ncarrera la representante por Hawai Tulsi Gabbard, el exsecretario de \nVivienda y Desarrollo Urbano Juli\u00e1n Castro y la consejera espiritual \nMarianne Williamson.<\/p>\n\n\n\n<p> Mientras, Robert O&#8217;Rourke, miembro de la \nC\u00e1mara de Representantes por Texas, el senador Sherrod Brown (Ohio) y el\n exalcalde de la ciudad de Nueva York Michael Bloomberg consideran \nabiertamente sus candidaturas.<\/p>\n\n\n\n<p> No obstante, las encuestas las \nencabeza el vicepresidente Joseph Biden (2009-2017), quien da casi como \nun hecho su participaci\u00f3n en la lid electoral, pero a\u00fan no lanz\u00f3 \noficialmente su candidatura.<\/p>\n\n\n\n<p> Para algunos observadores, el  Partido Dem\u00f3crata quiz\u00e1s decida apostar en 2020 por una cara nueva, una  mujer o una candidata de la minor\u00eda para chocar con Trump. <\/p>\n\n\n\n<p style=\"text-align:right\">PL<\/p>\n","protected":false},"excerpt":{"rendered":"<p>WASHINGTON, Distrito de Columbia.- El senador estadounidense Bernie Sanders tild\u00f3 hoy de verdadera locura tener en Estados Unidos a un presidente racista, sexista, xen\u00f3fobo y un fraude, en referencia a Donald Trump. Sanders, quien lanz\u00f3 el lunes su candidatura a la presidencia en 2020, respondi\u00f3 as\u00ed a un mensaje publicado por el mandatario republicano en [&hellip;]<\/p>\n","protected":false},"author":1,"featured_media":0,"comment_status":"open","ping_status":"open","sticky":false,"template":"","format":"standard","meta":{"_bbp_topic_count":0,"_bbp_reply_count":0,"_bbp_total_topic_count":0,"_bbp_total_reply_count":0,"_bbp_voice_count":0,"_bbp_anonymous_reply_count":0,"_bbp_topic_count_hidden":0,"_bbp_reply_count_hidden":0,"_bbp_forum_subforum_count":0,"footnotes":""},"categories":[60,31],"tags":[],"class_list":{"0":"post-315272","1":"post","2":"type-post","3":"status-publish","4":"format-standard","6":"category-titulares-del-dia","7":"category-estados-unidos"},"_links":{"self":[{"href":"https:\/\/primermomento.com\/index.php?rest_route=\/wp\/v2\/posts\/315272","targetHints":{"allow":["GET"]}}],"collection":[{"href":"https:\/\/primermomento.com\/index.php?rest_route=\/wp\/v2\/posts"}],"about":[{"href":"https:\/\/primermomento.com\/index.php?rest_route=\/wp\/v2\/types\/post"}],"author":[{"embeddable":true,"href":"https:\/\/primermomento.com\/index.php?rest_route=\/wp\/v2\/users\/1"}],"replies":[{"embeddable":true,"href":"https:\/\/primermomento.com\/index.php?rest_route=%2Fwp%2Fv2%2Fcomments&post=315272"}],"version-history":[{"count":1,"href":"https:\/\/primermomento.com\/index.php?rest_route=\/wp\/v2\/posts\/315272\/revisions"}],"predecessor-version":[{"id":315274,"href":"https:\/\/primermomento.com\/index.php?rest_route=\/wp\/v2\/posts\/315272\/revisions\/315274"}],"wp:attachment":[{"href":"https:\/\/primermomento.com\/index.php?rest_route=%2Fwp%2Fv2%2Fmedia&parent=315272"}],"wp:term":[{"taxonomy":"category","embeddable":true,"href":"https:\/\/primermomento.com\/index.php?rest_route=%2Fwp%2Fv2%2Fcategories&post=315272"},{"taxonomy":"post_tag","embeddable":true,"href":"https:\/\/primermomento.com\/index.php?rest_route=%2Fwp%2Fv2%2Ftags&post=315272"}],"curies":[{"name":"wp","href":"https:\/\/api.w.org\/{rel}","templated":true}]}}