{"id":315278,"date":"2019-02-21T12:43:03","date_gmt":"2019-02-21T16:43:03","guid":{"rendered":"http:\/\/primermomento.com\/?p=315278"},"modified":"2019-02-21T12:56:08","modified_gmt":"2019-02-21T16:56:08","slug":"bani-centro-uasd-bani-celebra-su-aniversario-con-varios-actos","status":"publish","type":"post","link":"https:\/\/primermomento.com\/?p=315278","title":{"rendered":"BAN\u00cd | Centro UASD celebra con varios actos su aniversario"},"content":{"rendered":"\n<p> BAN\u00cd, Rep\u00fablica Dominicana.- Con una serie de actos hist\u00f3ricos, acad\u00e9micos y culturales, el Centro Uasd Ban\u00ed ha estado celebrando su aniversario n\u00famero 11, en este municipio.<\/p>\n\n\n\n<figure class=\"wp-block-image\"><img loading=\"lazy\" decoding=\"async\" width=\"640\" height=\"480\" src=\"http:\/\/primermomento.com\/wp-content\/uploads\/2019\/02\/Juan-Hernandez-y-Luz-del-Alba-Dirocie.jpg\" alt=\"\" class=\"wp-image-315279\" srcset=\"https:\/\/primermomento.com\/wp-content\/uploads\/2019\/02\/Juan-Hernandez-y-Luz-del-Alba-Dirocie.jpg 640w, https:\/\/primermomento.com\/wp-content\/uploads\/2019\/02\/Juan-Hernandez-y-Luz-del-Alba-Dirocie-300x225.jpg 300w, https:\/\/primermomento.com\/wp-content\/uploads\/2019\/02\/Juan-Hernandez-y-Luz-del-Alba-Dirocie-120x90.jpg 120w, https:\/\/primermomento.com\/wp-content\/uploads\/2019\/02\/Juan-Hernandez-y-Luz-del-Alba-Dirocie-500x375.jpg 500w, https:\/\/primermomento.com\/wp-content\/uploads\/2019\/02\/Juan-Hernandez-y-Luz-del-Alba-Dirocie-280x210.jpg 280w, https:\/\/primermomento.com\/wp-content\/uploads\/2019\/02\/Juan-Hernandez-y-Luz-del-Alba-Dirocie-638x479.jpg 638w, https:\/\/primermomento.com\/wp-content\/uploads\/2019\/02\/Juan-Hernandez-y-Luz-del-Alba-Dirocie-118x89.jpg 118w, https:\/\/primermomento.com\/wp-content\/uploads\/2019\/02\/Juan-Hernandez-y-Luz-del-Alba-Dirocie-479x359.jpg 479w\" sizes=\"auto, (max-width: 640px) 100vw, 640px\" \/><figcaption>Maestros Juan Hern\u00e1ndez, director y Luz del Alba Diroci\u00e9, subdirectora<\/figcaption><\/figure>\n\n\n\n<p>Previo a las actividades de su aniversario, hubo un lanzamiento de flores al fenecido coronel Francisco Alberto Caama\u00f1o, frente al mar Caribe, en playa Los Almendros, de esta localidad.<\/p>\n\n\n\n<p>El s\u00e1bado 26 de enero, los uasdianos realizaron eventos provinciales conmemorativos del nacimiento de Juan Pablo Duarte, Padre de la Patria, con ofrendas florales en el busto en su nombre localizado en el parque central Marcos A. Cabral, de Ban\u00ed.<\/p>\n\n\n\n<p>Los d\u00edas primero y dos de febrero dieron la bienvenida a los nuevos estudiantes y a los maestros, en eventos que se llevaron a cabo en el Cine Teatro Vaganiona.<\/p>\n\n\n\n<p>El lunes 18 de febrero hubo en ese mismo escenario el primer Congreso Estudiantil que enfoc\u00f3 los temas de educaci\u00f3n, liderazgo y tecnolog\u00eda.<\/p>\n\n\n\n<figure class=\"wp-block-image\"><img loading=\"lazy\" decoding=\"async\" width=\"640\" height=\"480\" src=\"http:\/\/primermomento.com\/wp-content\/uploads\/2019\/02\/Fidias-Mateo-portavoz-uasd.jpg\" alt=\"\" class=\"wp-image-315280\" srcset=\"https:\/\/primermomento.com\/wp-content\/uploads\/2019\/02\/Fidias-Mateo-portavoz-uasd.jpg 640w, https:\/\/primermomento.com\/wp-content\/uploads\/2019\/02\/Fidias-Mateo-portavoz-uasd-300x225.jpg 300w, https:\/\/primermomento.com\/wp-content\/uploads\/2019\/02\/Fidias-Mateo-portavoz-uasd-120x90.jpg 120w, https:\/\/primermomento.com\/wp-content\/uploads\/2019\/02\/Fidias-Mateo-portavoz-uasd-500x375.jpg 500w, https:\/\/primermomento.com\/wp-content\/uploads\/2019\/02\/Fidias-Mateo-portavoz-uasd-280x210.jpg 280w, https:\/\/primermomento.com\/wp-content\/uploads\/2019\/02\/Fidias-Mateo-portavoz-uasd-638x479.jpg 638w, https:\/\/primermomento.com\/wp-content\/uploads\/2019\/02\/Fidias-Mateo-portavoz-uasd-118x89.jpg 118w, https:\/\/primermomento.com\/wp-content\/uploads\/2019\/02\/Fidias-Mateo-portavoz-uasd-479x359.jpg 479w\" sizes=\"auto, (max-width: 640px) 100vw, 640px\" \/><figcaption>Fidias Mateo, Relaciones P\u00fablicas Centro UASD-Ban\u00ed<\/figcaption><\/figure>\n\n\n\n<p>Los d\u00edas 19 y 20 de este mismo mes, el director del Centro, maestro Juan Hern\u00e1ndez, se reuni\u00f3 con periodistas y comunicadores para explicar la importancia de estas actividades.<\/p>\n\n\n\n<p>El jueves 21 hubo una conferencia sobre la importancia de los centros para el desarrollo de las provincias.<\/p>\n\n\n\n<p>Para este viernes 22 se tiene previsto el reconocimiento de estudiantes meritorios o m\u00e1s sobresalientes en esa alta casa de estudios.<\/p>\n\n\n\n<p>El s\u00e1bado 23 profesores, empleados, estudiantes y miembros del Patronato partir\u00e1n del liceo secundario Francisco Gregorio Billini hacia los terrenos donde se construir\u00e1 la ciudad universitaria, para simbolizar la necesidad de que se levante esa importante obra de infraestructura que beneficiar\u00e1 a estudiantes de la regi\u00f3n Valdesia que componen las provincias Azua, Ocoa y Peravia.<\/p>\n\n\n\n<p>Luego, habr\u00e1 una conferencia del obispo Monse\u00f1or V\u00edctor Masalles Pere, que tendr\u00e1 lugar en el sal\u00f3n de actos del distrito educativo 03-04. <\/p>\n\n\n\n<p>El Centro tambi\u00e9n anunci\u00f3 se unir\u00e1 a los actos del D\u00eda de la Fundaci\u00f3n de Ban\u00ed, el tres de marzo, as\u00ed como tambi\u00e9n a la celebraci\u00f3n del D\u00eda Internacional de la mujer.<\/p>\n\n\n\n<p>Esta instituci\u00f3n de educaci\u00f3n superior ha anunciado su segunda graduaci\u00f3n para el d\u00eda 11 de abril.<\/p>\n\n\n\n<p style=\"text-align:right\">Primer Momento<\/p>\n","protected":false},"excerpt":{"rendered":"<p>BAN\u00cd, Rep\u00fablica Dominicana.- Con una serie de actos hist\u00f3ricos, acad\u00e9micos y culturales, el Centro Uasd Ban\u00ed ha estado celebrando su aniversario n\u00famero 11, en este municipio. Previo a las actividades de su aniversario, hubo un lanzamiento de flores al fenecido coronel Francisco Alberto Caama\u00f1o, frente al mar Caribe, en playa Los Almendros, de esta localidad. [&hellip;]<\/p>\n","protected":false},"author":1,"featured_media":0,"comment_status":"open","ping_status":"open","sticky":false,"template":"","format":"standard","meta":{"_bbp_topic_count":0,"_bbp_reply_count":0,"_bbp_total_topic_count":0,"_bbp_total_reply_count":0,"_bbp_voice_count":0,"_bbp_anonymous_reply_count":0,"_bbp_topic_count_hidden":0,"_bbp_reply_count_hidden":0,"_bbp_forum_subforum_count":0,"footnotes":""},"categories":[30,60],"tags":[],"class_list":{"0":"post-315278","1":"post","2":"type-post","3":"status-publish","4":"format-standard","6":"category-actualidad","7":"category-titulares-del-dia"},"_links":{"self":[{"href":"https:\/\/primermomento.com\/index.php?rest_route=\/wp\/v2\/posts\/315278","targetHints":{"allow":["GET"]}}],"collection":[{"href":"https:\/\/primermomento.com\/index.php?rest_route=\/wp\/v2\/posts"}],"about":[{"href":"https:\/\/primermomento.com\/index.php?rest_route=\/wp\/v2\/types\/post"}],"author":[{"embeddable":true,"href":"https:\/\/primermomento.com\/index.php?rest_route=\/wp\/v2\/users\/1"}],"replies":[{"embeddable":true,"href":"https:\/\/primermomento.com\/index.php?rest_route=%2Fwp%2Fv2%2Fcomments&post=315278"}],"version-history":[{"count":3,"href":"https:\/\/primermomento.com\/index.php?rest_route=\/wp\/v2\/posts\/315278\/revisions"}],"predecessor-version":[{"id":315285,"href":"https:\/\/primermomento.com\/index.php?rest_route=\/wp\/v2\/posts\/315278\/revisions\/315285"}],"wp:attachment":[{"href":"https:\/\/primermomento.com\/index.php?rest_route=%2Fwp%2Fv2%2Fmedia&parent=315278"}],"wp:term":[{"taxonomy":"category","embeddable":true,"href":"https:\/\/primermomento.com\/index.php?rest_route=%2Fwp%2Fv2%2Fcategories&post=315278"},{"taxonomy":"post_tag","embeddable":true,"href":"https:\/\/primermomento.com\/index.php?rest_route=%2Fwp%2Fv2%2Ftags&post=315278"}],"curies":[{"name":"wp","href":"https:\/\/api.w.org\/{rel}","templated":true}]}}