{"id":315286,"date":"2019-02-21T15:33:44","date_gmt":"2019-02-21T19:33:44","guid":{"rendered":"http:\/\/primermomento.com\/?p=315286"},"modified":"2019-02-21T16:20:50","modified_gmt":"2019-02-21T20:20:50","slug":"bani-diputado-ramirez-lanza-campana-de-educacion-a-electores","status":"publish","type":"post","link":"https:\/\/primermomento.com\/?p=315286","title":{"rendered":"BAN\u00cd | Diputado Ram\u00edrez lanza campa\u00f1a de educaci\u00f3n a su estructura partidaria"},"content":{"rendered":"\n<p> BAN\u00cd, Rep\u00fablica Dominicana.- El diputado y precandidato a la Alcald\u00eda de aqu\u00ed por el opositor Partido Revolucionario Moderno, Santo Ram\u00edrez, consider\u00f3 como extremadamente importante que los electores perreme\u00edstas e independientes entiendan, por medio de la educaci\u00f3n, la ley de Partidos, Organizaciones y Movimientos Pol\u00edticos y la Reforma al R\u00e9gimen Electoral.<\/p>\n\n\n\n<figure class=\"wp-block-image\"><img loading=\"lazy\" decoding=\"async\" width=\"640\" height=\"480\" src=\"http:\/\/primermomento.com\/wp-content\/uploads\/2019\/02\/Santo-Ramirez-educacion.jpg\" alt=\"\" class=\"wp-image-315287\" srcset=\"https:\/\/primermomento.com\/wp-content\/uploads\/2019\/02\/Santo-Ramirez-educacion.jpg 640w, https:\/\/primermomento.com\/wp-content\/uploads\/2019\/02\/Santo-Ramirez-educacion-300x225.jpg 300w, https:\/\/primermomento.com\/wp-content\/uploads\/2019\/02\/Santo-Ramirez-educacion-120x90.jpg 120w, https:\/\/primermomento.com\/wp-content\/uploads\/2019\/02\/Santo-Ramirez-educacion-500x375.jpg 500w, https:\/\/primermomento.com\/wp-content\/uploads\/2019\/02\/Santo-Ramirez-educacion-280x210.jpg 280w, https:\/\/primermomento.com\/wp-content\/uploads\/2019\/02\/Santo-Ramirez-educacion-638x479.jpg 638w, https:\/\/primermomento.com\/wp-content\/uploads\/2019\/02\/Santo-Ramirez-educacion-118x89.jpg 118w, https:\/\/primermomento.com\/wp-content\/uploads\/2019\/02\/Santo-Ramirez-educacion-479x359.jpg 479w\" sizes=\"auto, (max-width: 640px) 100vw, 640px\" \/><figcaption>Santo Ram\u00edrez ha estado empoderando a sus seguidores<\/figcaption><\/figure>\n\n\n\n<p>Con esos fines, el diputado Alfredo Pacheco fue invitado por su colega Santo Ram\u00edrez para dar una charla acerca de las citadas leyes, jornada que permiti\u00f3 conocer a fondo y en detalles los alcances de ambas legislaciones.<\/p>\n\n\n\n<p>Pacheco, quien fue miembro de la Comisi\u00f3n bicameral que estudi\u00f3 las leyes de Partidos y R\u00e9gimen Electoral, dijo a los seguidores de Ram\u00edrez que \u00e9l prefiri\u00f3 que se aprobara, primero, la de partidos y luego la electoral, porque esa secuencia estaba m\u00e1s en consonancia con la din\u00e1mica democr\u00e1tica.<\/p>\n\n\n\n<figure class=\"wp-block-image\"><img loading=\"lazy\" decoding=\"async\" width=\"640\" height=\"480\" src=\"http:\/\/primermomento.com\/wp-content\/uploads\/2019\/02\/Alfredo-Pacheco-en-Bani.jpg\" alt=\"\" class=\"wp-image-315288\" srcset=\"https:\/\/primermomento.com\/wp-content\/uploads\/2019\/02\/Alfredo-Pacheco-en-Bani.jpg 640w, https:\/\/primermomento.com\/wp-content\/uploads\/2019\/02\/Alfredo-Pacheco-en-Bani-300x225.jpg 300w, https:\/\/primermomento.com\/wp-content\/uploads\/2019\/02\/Alfredo-Pacheco-en-Bani-120x90.jpg 120w, https:\/\/primermomento.com\/wp-content\/uploads\/2019\/02\/Alfredo-Pacheco-en-Bani-500x375.jpg 500w, https:\/\/primermomento.com\/wp-content\/uploads\/2019\/02\/Alfredo-Pacheco-en-Bani-280x210.jpg 280w, https:\/\/primermomento.com\/wp-content\/uploads\/2019\/02\/Alfredo-Pacheco-en-Bani-638x479.jpg 638w, https:\/\/primermomento.com\/wp-content\/uploads\/2019\/02\/Alfredo-Pacheco-en-Bani-118x89.jpg 118w, https:\/\/primermomento.com\/wp-content\/uploads\/2019\/02\/Alfredo-Pacheco-en-Bani-479x359.jpg 479w\" sizes=\"auto, (max-width: 640px) 100vw, 640px\" \/><figcaption>Alfredo Pacheco, diputado del PRM por el Distrito Nacional<\/figcaption><\/figure>\n\n\n\n<p>-Ahora por primera vez en la historia, la JCE y el TSE son los responsables de velar y fiscalizar el funcionamiento de los partidos pol\u00edticos. Hay plazos en la precampa\u00f1a interna para alcanzar las candidaturas en unas elecciones primarias que tienen varias modalidades: abiertas, cerradas, encuestas, asambleas o convenciones. Y tambi\u00e9n hay plazos para la campa\u00f1a y los comicios generales. No logramos lo que quer\u00edamos, pero avanzamos -explic\u00f3 el expresidente de la C\u00e1mara de Diputados, Alfredo Pacheco.<\/p>\n\n\n\n<p>En forma magistral y con pleno dominio de los temas, Pacheco destac\u00f3 el trabajo de la mencionada comisi\u00f3n, y enumer\u00f3 algunos art\u00edculos que redundar\u00e1n en beneficio de los partidos pol\u00edticos. \u00abYa no habr\u00e1 tranfuguismo; el que perdi\u00f3, perdi\u00f3, y ya no podr\u00e1 pasarse a otro partido, porque ser\u00eda inhabilitado como militante, dirigente o candidato\u00bb.<\/p>\n\n\n\n<figure class=\"wp-block-image\"><img loading=\"lazy\" decoding=\"async\" width=\"640\" height=\"480\" src=\"http:\/\/primermomento.com\/wp-content\/uploads\/2019\/02\/Santo-Ramirez-seguidores.jpg\" alt=\"\" class=\"wp-image-315305\" srcset=\"https:\/\/primermomento.com\/wp-content\/uploads\/2019\/02\/Santo-Ramirez-seguidores.jpg 640w, https:\/\/primermomento.com\/wp-content\/uploads\/2019\/02\/Santo-Ramirez-seguidores-300x225.jpg 300w, https:\/\/primermomento.com\/wp-content\/uploads\/2019\/02\/Santo-Ramirez-seguidores-120x90.jpg 120w, https:\/\/primermomento.com\/wp-content\/uploads\/2019\/02\/Santo-Ramirez-seguidores-500x375.jpg 500w, https:\/\/primermomento.com\/wp-content\/uploads\/2019\/02\/Santo-Ramirez-seguidores-280x210.jpg 280w, https:\/\/primermomento.com\/wp-content\/uploads\/2019\/02\/Santo-Ramirez-seguidores-638x479.jpg 638w, https:\/\/primermomento.com\/wp-content\/uploads\/2019\/02\/Santo-Ramirez-seguidores-118x89.jpg 118w, https:\/\/primermomento.com\/wp-content\/uploads\/2019\/02\/Santo-Ramirez-seguidores-479x359.jpg 479w\" sizes=\"auto, (max-width: 640px) 100vw, 640px\" \/><figcaption>Vista parcial de quienes asistieron a la reuni\u00f3n-conferencia <\/figcaption><\/figure>\n\n\n\n<p>-No puedes pertenecer a dos o m\u00e1s partidos; si te va a otro, te quedas en el segundo -acot\u00f3 Alfredo Pacheco en su disertaci\u00f3n.<\/p>\n\n\n\n<p>Esta ley ordena a la Junta Central Electoral asignar un diez por ciento del presupuesto de los partidos pol\u00edticos para jornadas de educaci\u00f3n a su militancia.<\/p>\n\n\n\n<p>Sobre las restricciones y las consecuencias de la ley de R\u00e9gimen Electoral, el exjefe de la bancada del PRM en la C\u00e1mara de Diputados cit\u00f3 varios art\u00edculos como el financiamiento de los partidos pol\u00edticos. \u00abAhora con la nueva ley, tenemos que suministrar una lista a la JCE con los nombres y las c\u00e9dulas de identidad de los donantes y la cantidad de dinero que aportaron estos a los candidatos\u00bb. <\/p>\n\n\n\n<p>Acerca del uso de los recursos del Estado, subray\u00f3 el Gobierno central no podr\u00e1 inaugurar obras 60 d\u00edas antes de las elecciones, ni tampoco los ayuntamientos podr\u00e1n hacerlo 40 d\u00edas antes. \u00abEso incluye que no se aumente la Tarjeta Solidaridad, ni el bono gas, bono estudiantil, bono el\u00e9ctrico, y otros programas sociales del Estado\u00bb.<\/p>\n\n\n\n<p>Pacheco tambi\u00e9n mencion\u00f3 la publicidad o propaganda pol\u00edtica para la que ya hay regulaciones, entre las que cit\u00f3 que en tiempo de precampa\u00f1a no se pueden colocar afiches y pasa calles. \u00abCuando llegu\u00e9 a Ban\u00ed vi que est\u00e1n violando la ley con muchos carteles en las calles. Quienes los est\u00e1n haciendo podr\u00edan tener problemas legales y sanciones. Ya le dije a Santo que tenga cuidado!\u00bb.<\/p>\n\n\n\n<p>Cree el diputado por el Distrito Nacional que, aunque no se logr\u00f3 lo que promov\u00eda su partido, con el voto preferencial o arrastre, en el \u00e1mbito municipal los aspirantes a regidores estar\u00e1n en tres circunscripciones, y ahora hay que ganarse el sufragio en esas zonas y no importa el n\u00famero con que aparezca en la papeleta electoral, sin embargo lo discordante es que los concejales arrastrar\u00e1n al alcalde. En el caso del Congreso, se mantiene igual, es decir los diputados seguir\u00e1n arrastrando a los senadores.<\/p>\n\n\n\n<p>La aprobaci\u00f3n y promulgaci\u00f3n de esta ley establece un 40 % de las candidaturas para las mujeres y 60 % para los hombres. Antes, las f\u00e9minas ten\u00edan el 33 %.<\/p>\n\n\n\n<p>En relaci\u00f3n a la regulaci\u00f3n de las encuestas de opini\u00f3n p\u00fablica, Alfredo Pacheco dijo que de ahora en adelante esas empresas tienen que rendir cuentas tales como identidades de los propietarios, documentos legales y valor o presupuesto de sus trabajos.<\/p>\n\n\n\n<p>Otro aspecto que trajo el diputado Pacheco es el interesante voto automatizado -que es diferente al electr\u00f3nico-, y dijo que ha habido un consenso de los partidos pol\u00edticos para ser usado en las pr\u00f3ximas elecciones primarias. \u00abEn la pantalla del ordenador se le permite leer las preguntas y las responde; sus datos personales son confidenciales, y la computadora emite un recibo de que usted sufrag\u00f3 y nadie sabe por quien lo hizo; es muy seguro\u00bb.<\/p>\n\n\n\n<p>Al t\u00e9rmino del encuentro, el diputado Santo Ram\u00edrez exhort\u00f3 a sus correligionarios a continuar, agresivamente, con el registro de militantes para garantizar una victoria aplastante.<\/p>\n\n\n\n<p style=\"text-align:right\">Luis De Los Santos\/Primer Momento<\/p>\n","protected":false},"excerpt":{"rendered":"<p>BAN\u00cd, Rep\u00fablica Dominicana.- El diputado y precandidato a la Alcald\u00eda de aqu\u00ed por el opositor Partido Revolucionario Moderno, Santo Ram\u00edrez, consider\u00f3 como extremadamente importante que los electores perreme\u00edstas e independientes entiendan, por medio de la educaci\u00f3n, la ley de Partidos, Organizaciones y Movimientos Pol\u00edticos y la Reforma al R\u00e9gimen Electoral. Con esos fines, el diputado [&hellip;]<\/p>\n","protected":false},"author":1,"featured_media":0,"comment_status":"open","ping_status":"open","sticky":false,"template":"","format":"standard","meta":{"_bbp_topic_count":0,"_bbp_reply_count":0,"_bbp_total_topic_count":0,"_bbp_total_reply_count":0,"_bbp_voice_count":0,"_bbp_anonymous_reply_count":0,"_bbp_topic_count_hidden":0,"_bbp_reply_count_hidden":0,"_bbp_forum_subforum_count":0,"footnotes":""},"categories":[60,32],"tags":[],"class_list":{"0":"post-315286","1":"post","2":"type-post","3":"status-publish","4":"format-standard","6":"category-titulares-del-dia","7":"category-lo-ultimo"},"_links":{"self":[{"href":"https:\/\/primermomento.com\/index.php?rest_route=\/wp\/v2\/posts\/315286","targetHints":{"allow":["GET"]}}],"collection":[{"href":"https:\/\/primermomento.com\/index.php?rest_route=\/wp\/v2\/posts"}],"about":[{"href":"https:\/\/primermomento.com\/index.php?rest_route=\/wp\/v2\/types\/post"}],"author":[{"embeddable":true,"href":"https:\/\/primermomento.com\/index.php?rest_route=\/wp\/v2\/users\/1"}],"replies":[{"embeddable":true,"href":"https:\/\/primermomento.com\/index.php?rest_route=%2Fwp%2Fv2%2Fcomments&post=315286"}],"version-history":[{"count":15,"href":"https:\/\/primermomento.com\/index.php?rest_route=\/wp\/v2\/posts\/315286\/revisions"}],"predecessor-version":[{"id":315310,"href":"https:\/\/primermomento.com\/index.php?rest_route=\/wp\/v2\/posts\/315286\/revisions\/315310"}],"wp:attachment":[{"href":"https:\/\/primermomento.com\/index.php?rest_route=%2Fwp%2Fv2%2Fmedia&parent=315286"}],"wp:term":[{"taxonomy":"category","embeddable":true,"href":"https:\/\/primermomento.com\/index.php?rest_route=%2Fwp%2Fv2%2Fcategories&post=315286"},{"taxonomy":"post_tag","embeddable":true,"href":"https:\/\/primermomento.com\/index.php?rest_route=%2Fwp%2Fv2%2Ftags&post=315286"}],"curies":[{"name":"wp","href":"https:\/\/api.w.org\/{rel}","templated":true}]}}