{"id":315311,"date":"2019-02-21T09:22:04","date_gmt":"2019-02-21T13:22:04","guid":{"rendered":"http:\/\/primermomento.com\/?p=315311"},"modified":"2019-02-21T16:26:58","modified_gmt":"2019-02-21T20:26:58","slug":"guaido-lidera-caravana-hacia-frontera-de-colombia-para-recibir-ayuda-humanitaria","status":"publish","type":"post","link":"https:\/\/primermomento.com\/?p=315311","title":{"rendered":"Guaid\u00f3 lidera caravana hacia frontera de Colombia para recibir ayuda humanitaria"},"content":{"rendered":"\n<p>CARACAS, Venezuela.- El presidente interino de Venezuela, Juan Guaid\u00f3, sali\u00f3 el jueves  junto a legisladores y voluntarios en una caravana desde Caracas hacia  el estado de T\u00e1chira, fronterizo con Colombia, para recibir la ayuda  humanitaria que espera comience a entrar al pa\u00eds el pr\u00f3ximo s\u00e1bado 23 de  febrero.<\/p>\n\n\n\n<figure class=\"wp-block-image\"><img loading=\"lazy\" decoding=\"async\" width=\"1023\" height=\"575\" src=\"http:\/\/primermomento.com\/wp-content\/uploads\/2019\/02\/Guaido-ayuda-humanitaria.jpg\" alt=\"\" class=\"wp-image-315312\" srcset=\"https:\/\/primermomento.com\/wp-content\/uploads\/2019\/02\/Guaido-ayuda-humanitaria.jpg 1023w, https:\/\/primermomento.com\/wp-content\/uploads\/2019\/02\/Guaido-ayuda-humanitaria-300x169.jpg 300w, https:\/\/primermomento.com\/wp-content\/uploads\/2019\/02\/Guaido-ayuda-humanitaria-768x432.jpg 768w, https:\/\/primermomento.com\/wp-content\/uploads\/2019\/02\/Guaido-ayuda-humanitaria-478x270.jpg 478w, https:\/\/primermomento.com\/wp-content\/uploads\/2019\/02\/Guaido-ayuda-humanitaria-216x120.jpg 216w, https:\/\/primermomento.com\/wp-content\/uploads\/2019\/02\/Guaido-ayuda-humanitaria-500x281.jpg 500w, https:\/\/primermomento.com\/wp-content\/uploads\/2019\/02\/Guaido-ayuda-humanitaria-280x157.jpg 280w, https:\/\/primermomento.com\/wp-content\/uploads\/2019\/02\/Guaido-ayuda-humanitaria-638x359.jpg 638w, https:\/\/primermomento.com\/wp-content\/uploads\/2019\/02\/Guaido-ayuda-humanitaria-118x66.jpg 118w, https:\/\/primermomento.com\/wp-content\/uploads\/2019\/02\/Guaido-ayuda-humanitaria-479x269.jpg 479w\" sizes=\"auto, (max-width: 1023px) 100vw, 1023px\" \/><figcaption> <br>El presidente interino Juan  Guaid\u00f3 y su comitiva inici\u00f3 el jueves 21 de febrero de 2019 el viaje de  800 kil\u00f3metros por carretera en buses y autos hacia la frontera con  Colombia. <\/figcaption><\/figure>\n\n\n\n<p> Junto  a Guaid\u00f3 viajan unos 80 diputados de la Asamblea Nacional y voluntarios  encargados de repartir los alimentos y medicinas donados por EE.UU. y  otros pa\u00edses.<\/p>\n\n\n\n<p>Guaid\u00f3 y su comitiva realizar\u00e1n el viaje de unos 900 kil\u00f3metros por tierra en cinco buses. La agencia de noticias <em>Reuters<\/em> divulg\u00f3 fotograf\u00edas de una caravana de autos negros que part\u00edan de la casa de Guaid\u00f3, en Caracas.<\/p>\n\n\n\n<p>La diputada a la Asamblea Nacional, Delsa Sol\u00f3rzano, dijo en nombre \nde sus colegas antes de partir en buses que van a ingresar la ayuda \nhumanitaria \u00abs\u00ed o s\u00ed\u00bb.<\/p>\n\n\n\n<p>\u00abVamos cargados de fe y de esperanza, pero esperando regresar con un  cargamento de ayuda humanitaria a Venezuela (&#8230;) vamos a recibir esta  ayuda que viene de dsitintos pa\u00edses del mundo, de un mundo democr\u00e1tico  que sabe que hoy nuestra Venezuela est\u00e1 pasando necesidad\u00bb, dijo a  reporteros la diputada.<\/p>\n\n\n\n<h3 class=\"wp-block-heading\">La oposici\u00f3n de Maduro a la ayuda humanitaria<\/h3>\n\n\n\n<p>El presidente en disputa de Venezuela, Nicol\u00e1s Maduro, as\u00ed como los \naltos mandos militares que lo apoyan, sostienen que se trata de \u00abun show\n pol\u00edtico\u00bb patrocinado por Estados Unidos para justificar una supuesta \nintervenci\u00f3n extranjera.<\/p>\n\n\n\n<p>Pese al aislamiento de Maduro, los militares liderados por el \nministro de Defensa, Vladimir Padrino, le juraron \u00ablealtad\u00bb esta semana.<\/p>\n\n\n\n<p>Maduro no reconoce que exista una crisis humanitaria y asegura que la\n grave situaci\u00f3n econ\u00f3mica del pa\u00eds, que pasa por una elevad\u00edsima \ninflaci\u00f3n y escasez de alimentos y medicamentos, se debe a las medidas \necon\u00f3micas impulsadas por Washington para derrocarlo.<\/p>\n\n\n\n<p>Sin embargo, acept\u00f3 recientemente donaciones de su aliado, el gobierno de Rusia.<\/p>\n\n\n\n<p>Guaid\u00f3, apoyado por Washington y naciones de Am\u00e9rica Latina y de \nEuropa, ha prometido que la ayuda entrar\u00e1 el pr\u00f3ximo s\u00e1bado por aire, \ntierra y mar.<\/p>\n\n\n\n<p>Igual determinaci\u00f3n, pero para no dejarla pasar, tiene Maduro, quien \nha reforzado la frontera. El mi\u00e9rcoles su gobierno reiter\u00f3 que el acceso\n mar\u00edtimo a las islas holandesas Aruba, Curazao y Bonaire seguir\u00e1 \ncerrado por tiempo indefinido.<\/p>\n\n\n\n<p>La medida, dijeron, se debe a que Curazao admiti\u00f3 servir de centro de\n acopio de la ayuda humanitaria que contin\u00faan enviando pa\u00edses del mundo \npara aliviar la severa escasez que vive la naci\u00f3n.<\/p>\n\n\n\n<p>Maduro encarg\u00f3 tambi\u00e9n a su canciller, Jorge Arreaza, para que \u00abponga\n en revisi\u00f3n\u00bb las relaciones diplom\u00e1ticas con las tres islas del Caribe.<\/p>\n\n\n\n<p>Todav\u00eda no est\u00e1 claro c\u00f3mo planea Guaid\u00f3 conseguir el paso de la \nayuda por el puente de Las Tienditas, uno de los ocho cruces en la \nfrontera colombo-venezolana de 2.200 kil\u00f3metros de extensi\u00f3n.<\/p>\n\n\n\n<p>Miembros de la oposici\u00f3n han sugerido que las cadenas humanas a \ntrav\u00e9s de la frontera colombiana pasan paquetes de ayuda de persona a \npersona y flotas de barcos que llegan desde las islas del Caribe \nholand\u00e9s, ahora cerrado.<\/p>\n\n\n\n<p>Para el fin de semana est\u00e1n previstos dos conciertos organizados por  ambos bandos a uno y otro lado de la frontera entre Colombia y  Venezuela.<\/p>\n\n\n\n<p>Del lado de Colombia, el empresario brit\u00e1nico Richard Brason planea el concierto<em> Venezuela Live Aid<\/em>,\n con el que espera recaudar 100 millones de d\u00f3lares. Entre los artistas \nest\u00e1n, entre otros, Alesso, Alejandro Sanz, Carlos Baute, Camilo \nEcheverri, Juan Luis Guerra, Maluma, Man\u00e1, Luis Fonsi, Nacho y Paulina \nRubio.<\/p>\n\n\n\n<p>Del otro, el concierto <em>Hands off Venezuela<\/em>, organizado por  el gobierno en disputa de Maduro, busca denunciar \u00abla agresi\u00f3n brutal\u00bb  contra la naci\u00f3n. La lista de invitados no ha sido revelada.<\/p>\n\n\n\n<p style=\"text-align:right\">VOANEWS<\/p>\n","protected":false},"excerpt":{"rendered":"<p>CARACAS, Venezuela.- El presidente interino de Venezuela, Juan Guaid\u00f3, sali\u00f3 el jueves junto a legisladores y voluntarios en una caravana desde Caracas hacia el estado de T\u00e1chira, fronterizo con Colombia, para recibir la ayuda humanitaria que espera comience a entrar al pa\u00eds el pr\u00f3ximo s\u00e1bado 23 de febrero. Junto a Guaid\u00f3 viajan unos 80 diputados [&hellip;]<\/p>\n","protected":false},"author":1,"featured_media":0,"comment_status":"open","ping_status":"open","sticky":false,"template":"","format":"standard","meta":{"_bbp_topic_count":0,"_bbp_reply_count":0,"_bbp_total_topic_count":0,"_bbp_total_reply_count":0,"_bbp_voice_count":0,"_bbp_anonymous_reply_count":0,"_bbp_topic_count_hidden":0,"_bbp_reply_count_hidden":0,"_bbp_forum_subforum_count":0,"footnotes":""},"categories":[60,31],"tags":[],"class_list":{"0":"post-315311","1":"post","2":"type-post","3":"status-publish","4":"format-standard","6":"category-titulares-del-dia","7":"category-estados-unidos"},"_links":{"self":[{"href":"https:\/\/primermomento.com\/index.php?rest_route=\/wp\/v2\/posts\/315311","targetHints":{"allow":["GET"]}}],"collection":[{"href":"https:\/\/primermomento.com\/index.php?rest_route=\/wp\/v2\/posts"}],"about":[{"href":"https:\/\/primermomento.com\/index.php?rest_route=\/wp\/v2\/types\/post"}],"author":[{"embeddable":true,"href":"https:\/\/primermomento.com\/index.php?rest_route=\/wp\/v2\/users\/1"}],"replies":[{"embeddable":true,"href":"https:\/\/primermomento.com\/index.php?rest_route=%2Fwp%2Fv2%2Fcomments&post=315311"}],"version-history":[{"count":1,"href":"https:\/\/primermomento.com\/index.php?rest_route=\/wp\/v2\/posts\/315311\/revisions"}],"predecessor-version":[{"id":315313,"href":"https:\/\/primermomento.com\/index.php?rest_route=\/wp\/v2\/posts\/315311\/revisions\/315313"}],"wp:attachment":[{"href":"https:\/\/primermomento.com\/index.php?rest_route=%2Fwp%2Fv2%2Fmedia&parent=315311"}],"wp:term":[{"taxonomy":"category","embeddable":true,"href":"https:\/\/primermomento.com\/index.php?rest_route=%2Fwp%2Fv2%2Fcategories&post=315311"},{"taxonomy":"post_tag","embeddable":true,"href":"https:\/\/primermomento.com\/index.php?rest_route=%2Fwp%2Fv2%2Ftags&post=315311"}],"curies":[{"name":"wp","href":"https:\/\/api.w.org\/{rel}","templated":true}]}}