{"id":315314,"date":"2019-02-21T10:27:09","date_gmt":"2019-02-21T14:27:09","guid":{"rendered":"http:\/\/primermomento.com\/?p=315314"},"modified":"2019-02-21T16:30:01","modified_gmt":"2019-02-21T20:30:01","slug":"maduro-cierra-frontera-terrestre-con-brasil-y-evalua-situacion-en-colombia","status":"publish","type":"post","link":"https:\/\/primermomento.com\/?p=315314","title":{"rendered":"Maduro cierra frontera terrestre con Brasil y eval\u00faa situaci\u00f3n en Colombia"},"content":{"rendered":"\n<p>CARACAS, Venezuela.- El presidente venezolano, Nicol\u00e1s Maduro, dijo el jueves que est\u00e1  evaluando un cierre total de la frontera con Colombia, en momentos en  que la oposici\u00f3n espera el ingreso de ayuda humanitaria desde la vecina  naci\u00f3n.<\/p>\n\n\n\n<figure class=\"wp-block-image\"><img loading=\"lazy\" decoding=\"async\" width=\"1023\" height=\"575\" src=\"http:\/\/primermomento.com\/wp-content\/uploads\/2019\/02\/maduro-y-ayuda-humanitaria.jpg\" alt=\"\" class=\"wp-image-315315\" srcset=\"https:\/\/primermomento.com\/wp-content\/uploads\/2019\/02\/maduro-y-ayuda-humanitaria.jpg 1023w, https:\/\/primermomento.com\/wp-content\/uploads\/2019\/02\/maduro-y-ayuda-humanitaria-300x169.jpg 300w, https:\/\/primermomento.com\/wp-content\/uploads\/2019\/02\/maduro-y-ayuda-humanitaria-768x432.jpg 768w, https:\/\/primermomento.com\/wp-content\/uploads\/2019\/02\/maduro-y-ayuda-humanitaria-478x270.jpg 478w, https:\/\/primermomento.com\/wp-content\/uploads\/2019\/02\/maduro-y-ayuda-humanitaria-216x120.jpg 216w, https:\/\/primermomento.com\/wp-content\/uploads\/2019\/02\/maduro-y-ayuda-humanitaria-500x281.jpg 500w, https:\/\/primermomento.com\/wp-content\/uploads\/2019\/02\/maduro-y-ayuda-humanitaria-280x157.jpg 280w, https:\/\/primermomento.com\/wp-content\/uploads\/2019\/02\/maduro-y-ayuda-humanitaria-638x359.jpg 638w, https:\/\/primermomento.com\/wp-content\/uploads\/2019\/02\/maduro-y-ayuda-humanitaria-118x66.jpg 118w, https:\/\/primermomento.com\/wp-content\/uploads\/2019\/02\/maduro-y-ayuda-humanitaria-479x269.jpg 479w\" sizes=\"auto, (max-width: 1023px) 100vw, 1023px\" \/><figcaption> <br>El presidente en disputa Nicol\u00e1s Maduro sugiri\u00f3 el jueves 21 de febrero de 2019 que podr\u00eda cerrar la frontera con Colombia. <\/figcaption><\/figure>\n\n\n\n<p>Del mismo modo, anunci\u00f3, a trav\u00e9s de una conferencia en vivo desde el\n Comando Estrat\u00e9gico Operacional de la Fuerza Armada Nacional \nBolivariana, que cierra desde este jueves \u00abhasta nuevo aviso\u00bb la \nfrontera terrestre con Brasil y que cancela \u00abtodo tipo de comunicaci\u00f3n\u00bb \ncon Aruba, Curazao y Bonaire.<\/p>\n\n\n\n<p>Maduro calific\u00f3 que \u00abVenezuela est\u00e1 viviendo una gran provocaci\u00f3n\u00bb y \nllam\u00f3 \u00abmuchachadas\u00bb a las acciones anunciadas por el presidente \nencargado de Venezuela, Juan Guaid\u00f3, quien asegur\u00f3 que la ayuda \nhumanitaria que se encuentra en centros de acopio en Colombia, Brasil y \nCurazao, ingresar\u00e1 a territorio venezolano este pr\u00f3ximo s\u00e1bado 23 de \nfebrero.<\/p>\n\n\n\n<p>El gobernante, cada vez m\u00e1s aislado, dijo que el acopio de ayuda en  la ciudad fronteriza colombiana de C\u00facuta era una provocaci\u00f3n y pidi\u00f3 a  las Fuerzas Armadas colombianas que no aceptaran presiones para actuar  contra Venezuela.<\/p>\n\n\n\n<p>\u200bEl mi\u00e9rcoles su gobierno reiter\u00f3 que el acceso mar\u00edtimo a las islas \nholandesas Aruba, Curazao y Bonaire seguir\u00e1 cerrado por tiempo \nindefinido.<\/p>\n\n\n\n<p>La medida, dijeron, se debe a que Curazao admiti\u00f3 servir de centro de\n acopio de la ayuda humanitaria que contin\u00faan enviando pa\u00edses del mundo \npara aliviar la severa escasez que vive la naci\u00f3n.<\/p>\n\n\n\n<p>Maduro encarg\u00f3 tambi\u00e9n a su canciller, Jorge Arreaza, para que \u00abponga  en revisi\u00f3n\u00bb las relaciones diplom\u00e1ticas con las tres islas del Caribe.<\/p>\n\n\n\n<p style=\"text-align:right\">VOANEWS<\/p>\n","protected":false},"excerpt":{"rendered":"<p>CARACAS, Venezuela.- El presidente venezolano, Nicol\u00e1s Maduro, dijo el jueves que est\u00e1 evaluando un cierre total de la frontera con Colombia, en momentos en que la oposici\u00f3n espera el ingreso de ayuda humanitaria desde la vecina naci\u00f3n. Del mismo modo, anunci\u00f3, a trav\u00e9s de una conferencia en vivo desde el Comando Estrat\u00e9gico Operacional de la [&hellip;]<\/p>\n","protected":false},"author":1,"featured_media":0,"comment_status":"open","ping_status":"open","sticky":false,"template":"","format":"standard","meta":{"_bbp_topic_count":0,"_bbp_reply_count":0,"_bbp_total_topic_count":0,"_bbp_total_reply_count":0,"_bbp_voice_count":0,"_bbp_anonymous_reply_count":0,"_bbp_topic_count_hidden":0,"_bbp_reply_count_hidden":0,"_bbp_forum_subforum_count":0,"footnotes":""},"categories":[60,31],"tags":[],"class_list":{"0":"post-315314","1":"post","2":"type-post","3":"status-publish","4":"format-standard","6":"category-titulares-del-dia","7":"category-estados-unidos"},"_links":{"self":[{"href":"https:\/\/primermomento.com\/index.php?rest_route=\/wp\/v2\/posts\/315314","targetHints":{"allow":["GET"]}}],"collection":[{"href":"https:\/\/primermomento.com\/index.php?rest_route=\/wp\/v2\/posts"}],"about":[{"href":"https:\/\/primermomento.com\/index.php?rest_route=\/wp\/v2\/types\/post"}],"author":[{"embeddable":true,"href":"https:\/\/primermomento.com\/index.php?rest_route=\/wp\/v2\/users\/1"}],"replies":[{"embeddable":true,"href":"https:\/\/primermomento.com\/index.php?rest_route=%2Fwp%2Fv2%2Fcomments&post=315314"}],"version-history":[{"count":1,"href":"https:\/\/primermomento.com\/index.php?rest_route=\/wp\/v2\/posts\/315314\/revisions"}],"predecessor-version":[{"id":315316,"href":"https:\/\/primermomento.com\/index.php?rest_route=\/wp\/v2\/posts\/315314\/revisions\/315316"}],"wp:attachment":[{"href":"https:\/\/primermomento.com\/index.php?rest_route=%2Fwp%2Fv2%2Fmedia&parent=315314"}],"wp:term":[{"taxonomy":"category","embeddable":true,"href":"https:\/\/primermomento.com\/index.php?rest_route=%2Fwp%2Fv2%2Fcategories&post=315314"},{"taxonomy":"post_tag","embeddable":true,"href":"https:\/\/primermomento.com\/index.php?rest_route=%2Fwp%2Fv2%2Ftags&post=315314"}],"curies":[{"name":"wp","href":"https:\/\/api.w.org\/{rel}","templated":true}]}}