{"id":315320,"date":"2019-02-21T10:33:43","date_gmt":"2019-02-21T14:33:43","guid":{"rendered":"http:\/\/primermomento.com\/?p=315320"},"modified":"2019-02-21T16:39:19","modified_gmt":"2019-02-21T20:39:19","slug":"rinden-homenaje-a-augusto-c-sandino-en-su-aniversario","status":"publish","type":"post","link":"https:\/\/primermomento.com\/?p=315320","title":{"rendered":"Rinden homenaje a Augusto C. Sandino en su aniversario"},"content":{"rendered":"\n<p> SANTO DOMINGO, Rep\u00fablica Dominicana.- El h\u00e9roe nicarag\u00fcense Augusto C. Sandino  fue homenajeado hoy en Rep\u00fablica Dominicana al conmemorarse el  aniversario 85 de su asesinato.                         <br>                          <\/p>\n\n\n\n<figure class=\"wp-block-image\"><img loading=\"lazy\" decoding=\"async\" width=\"778\" height=\"388\" src=\"http:\/\/primermomento.com\/wp-content\/uploads\/2019\/02\/00eDominicanaSandino3.jpg\" alt=\"\" class=\"wp-image-315323\" srcset=\"https:\/\/primermomento.com\/wp-content\/uploads\/2019\/02\/00eDominicanaSandino3.jpg 778w, https:\/\/primermomento.com\/wp-content\/uploads\/2019\/02\/00eDominicanaSandino3-300x150.jpg 300w, https:\/\/primermomento.com\/wp-content\/uploads\/2019\/02\/00eDominicanaSandino3-768x383.jpg 768w, https:\/\/primermomento.com\/wp-content\/uploads\/2019\/02\/00eDominicanaSandino3-500x249.jpg 500w, https:\/\/primermomento.com\/wp-content\/uploads\/2019\/02\/00eDominicanaSandino3-280x140.jpg 280w, https:\/\/primermomento.com\/wp-content\/uploads\/2019\/02\/00eDominicanaSandino3-638x318.jpg 638w, https:\/\/primermomento.com\/wp-content\/uploads\/2019\/02\/00eDominicanaSandino3-118x59.jpg 118w, https:\/\/primermomento.com\/wp-content\/uploads\/2019\/02\/00eDominicanaSandino3-479x239.jpg 479w\" sizes=\"auto, (max-width: 778px) 100vw, 778px\" \/><\/figure>\n\n\n\n<p>En el monumento que recuerda al general, ubicado en la Universidad  Aut\u00f3noma de Santo Domingo (UASD), se llev\u00f3 a cabo el acto el cual cont\u00f3  con la presencia de las embajadoras de Cuba y Nicaragua, autoridades del  gobierno, representantes de la universidad, otros miembros del Cuerpo  Diplom\u00e1tico y de los movimientos sociales.<\/p>\n\n\n\n<p> El viceministro de \nEducaci\u00f3n dominicano, Luis de Le\u00f3n, quien intervino en la actividad, \ndestac\u00f3 la figura de Sandino y llam\u00f3 a empu\u00f1ar sus banderas para pedir \nrespeto para Venezuela, Cuba y Nicaragua.<\/p>\n\n\n\n<p> Asimismo precis\u00f3 que \nel general de hombres libres fue luz, fuerza y poder, elementos \nimportantes a tener en cuenta y debemos tener presentes en estos tiempos\n tempestuosos para nuestra regi\u00f3n, agreg\u00f3.<\/p>\n\n\n\n<p> Por su parte, el  vicerrector de extensi\u00f3n universitaria de la UASD, Antonio Medina,  record\u00f3 como Sandino fue una figura insigne dentro de las luchas  antiimperialistas de nuestros pueblos y su ejemplo qued\u00f3 vivo entre los  nicaraguenses y en Am\u00e9rica Latina. <\/p>\n\n\n\n<p>\nComo colof\u00f3n del homenaje se dirigi\u00f3 a los presentes la embajadora de \nNicaragua, Bettina Rodr\u00edguez, la que en sus palabras hizo un recorrido \npor la vida del l\u00edder nicarag\u00fcense y resalt\u00f3 el legado dejado por este a\n su pueblo.<\/p>\n\n\n\n<p> Record\u00f3 el papel jugado en la tropa de Sandino por \nel combatiente dominicano Gregorio Urbano Gilbert, destacado luchador \nque se uni\u00f3 primero como soldado y se gan\u00f3 con valent\u00eda y arrojo los \ngrados de capit\u00e1n <\/p>\n\n\n\n<p>Adem\u00e1s, agreg\u00f3 que Nicaragua camina y avanza \nen fraternidad y solidaridad &#8216;porque estamos empe\u00f1ados en lograr lo \nmejor para el pa\u00eds teniendo siempre presentes el ejemplo del insigne \npatriota recordado hoy a los 85 a\u00f1os de su asesinato&#8217;.<\/p>\n\n\n\n<p> Al \nfinalizar el acto Prensa Latina convers\u00f3 con la diplom\u00e1tica respecto a \nla fecha y la situaci\u00f3n que vive su pa\u00eds y esta ratific\u00f3 la permanente \ndisposici\u00f3n del gobierno y pueblo de Nicaragua al encuentro y al \ncompromiso hist\u00f3rico de tener un pa\u00eds libre y soberano.<\/p>\n\n\n\n<p> Sandino  nos leg\u00f3 el deber y la responsabilidad de una patria independiente y  digna que debe construir y construye su en paz y buena voluntad,  expres\u00f3.<\/p>\n\n\n\n<p style=\"text-align:right\">PL<br><\/p>\n","protected":false},"excerpt":{"rendered":"<p>SANTO DOMINGO, Rep\u00fablica Dominicana.- El h\u00e9roe nicarag\u00fcense Augusto C. Sandino fue homenajeado hoy en Rep\u00fablica Dominicana al conmemorarse el aniversario 85 de su asesinato. En el monumento que recuerda al general, ubicado en la Universidad Aut\u00f3noma de Santo Domingo (UASD), se llev\u00f3 a cabo el acto el cual cont\u00f3 con la presencia de las embajadoras [&hellip;]<\/p>\n","protected":false},"author":1,"featured_media":0,"comment_status":"open","ping_status":"open","sticky":false,"template":"","format":"standard","meta":{"_bbp_topic_count":0,"_bbp_reply_count":0,"_bbp_total_topic_count":0,"_bbp_total_reply_count":0,"_bbp_voice_count":0,"_bbp_anonymous_reply_count":0,"_bbp_topic_count_hidden":0,"_bbp_reply_count_hidden":0,"_bbp_forum_subforum_count":0,"footnotes":""},"categories":[60,61],"tags":[],"class_list":{"0":"post-315320","1":"post","2":"type-post","3":"status-publish","4":"format-standard","6":"category-titulares-del-dia","7":"category-mundo"},"_links":{"self":[{"href":"https:\/\/primermomento.com\/index.php?rest_route=\/wp\/v2\/posts\/315320","targetHints":{"allow":["GET"]}}],"collection":[{"href":"https:\/\/primermomento.com\/index.php?rest_route=\/wp\/v2\/posts"}],"about":[{"href":"https:\/\/primermomento.com\/index.php?rest_route=\/wp\/v2\/types\/post"}],"author":[{"embeddable":true,"href":"https:\/\/primermomento.com\/index.php?rest_route=\/wp\/v2\/users\/1"}],"replies":[{"embeddable":true,"href":"https:\/\/primermomento.com\/index.php?rest_route=%2Fwp%2Fv2%2Fcomments&post=315320"}],"version-history":[{"count":1,"href":"https:\/\/primermomento.com\/index.php?rest_route=\/wp\/v2\/posts\/315320\/revisions"}],"predecessor-version":[{"id":315324,"href":"https:\/\/primermomento.com\/index.php?rest_route=\/wp\/v2\/posts\/315320\/revisions\/315324"}],"wp:attachment":[{"href":"https:\/\/primermomento.com\/index.php?rest_route=%2Fwp%2Fv2%2Fmedia&parent=315320"}],"wp:term":[{"taxonomy":"category","embeddable":true,"href":"https:\/\/primermomento.com\/index.php?rest_route=%2Fwp%2Fv2%2Fcategories&post=315320"},{"taxonomy":"post_tag","embeddable":true,"href":"https:\/\/primermomento.com\/index.php?rest_route=%2Fwp%2Fv2%2Ftags&post=315320"}],"curies":[{"name":"wp","href":"https:\/\/api.w.org\/{rel}","templated":true}]}}