{"id":315328,"date":"2019-02-21T09:52:15","date_gmt":"2019-02-21T13:52:15","guid":{"rendered":"http:\/\/primermomento.com\/?p=315328"},"modified":"2019-02-21T16:54:23","modified_gmt":"2019-02-21T20:54:23","slug":"bodegas-son-blancos-para-apunalar-y-asesinar-personas","status":"publish","type":"post","link":"https:\/\/primermomento.com\/?p=315328","title":{"rendered":"Bodegas son blancos para apu\u00f1alar y asesinar personas"},"content":{"rendered":"\n<p>NUEVA YORK, Nueva York.- Despu\u00e9s del asesinato a machetazos y pu\u00f1aladas del joven dominicano Lesandro Guzm\u00e1n Feliz \u201cJunior\u201d a manos de miembros de la pandilla \u201cLos Trinitarios\u201d en una bodega en junio pasado, los incidentes con saldos de muertos y heridos se han disparado en frente o el interior de estos negocios en la ciudad.<\/p>\n\n\n\n<figure class=\"wp-block-image\"><img loading=\"lazy\" decoding=\"async\" width=\"529\" height=\"308\" src=\"http:\/\/primermomento.com\/wp-content\/uploads\/2019\/02\/Bodegas-en-NYC-blancos-para-apu\u00f1alar-y-asesinar-personas.jpg\" alt=\"\" class=\"wp-image-315329\" srcset=\"https:\/\/primermomento.com\/wp-content\/uploads\/2019\/02\/Bodegas-en-NYC-blancos-para-apu\u00f1alar-y-asesinar-personas.jpg 529w, https:\/\/primermomento.com\/wp-content\/uploads\/2019\/02\/Bodegas-en-NYC-blancos-para-apu\u00f1alar-y-asesinar-personas-300x175.jpg 300w, https:\/\/primermomento.com\/wp-content\/uploads\/2019\/02\/Bodegas-en-NYC-blancos-para-apu\u00f1alar-y-asesinar-personas-500x291.jpg 500w, https:\/\/primermomento.com\/wp-content\/uploads\/2019\/02\/Bodegas-en-NYC-blancos-para-apu\u00f1alar-y-asesinar-personas-280x163.jpg 280w, https:\/\/primermomento.com\/wp-content\/uploads\/2019\/02\/Bodegas-en-NYC-blancos-para-apu\u00f1alar-y-asesinar-personas-118x69.jpg 118w, https:\/\/primermomento.com\/wp-content\/uploads\/2019\/02\/Bodegas-en-NYC-blancos-para-apu\u00f1alar-y-asesinar-personas-479x279.jpg 479w\" sizes=\"auto, (max-width: 529px) 100vw, 529px\" \/><\/figure>\n\n\n\n<p>Entre ellos,\nhaberle cercenado, en agosto, un dedo a un empleado en la bodega ubicada en Grand\nConcourse con la calle 198.<\/p>\n\n\n\n<p>Luego un jovencito\nsalv\u00f3 la vida milagrosamente, en octubre, en una bodega ubicada en la avenida\nOgden cuando un grupo de mozalbetes lo tuvo a punto de linchar en su interior,\nlo que fue evitado por el bodeguero que se enfrent\u00f3 a los agresores. La v\u00edctima\nno identificada qued\u00f3 inconsciente en el lugar.<\/p>\n\n\n\n<p>En ese mismo mes un joven fue baleado frente a una bodega en la avenida\nNosdstrand, en el sector de Sheepshead Bay. <\/p>\n\n\n\n<p>El pasado fin de\nsemana ocurri\u00f3 dos muertes, una en el interior y la otra frente a otra bodega.<\/p>\n\n\n\n<p>Un hombre de 70\na\u00f1os fue muerto a pu\u00f1aladas por la hispana Madelyn Tam\u00e1rez, luego de una\ndiscusi\u00f3n en el interior del establecimiento, ubicado en el cruce de las\navenidas Westchester y Commonwealth, en el sector de Soundview. La v\u00edctima no\nfue identificada por las autoridades.<\/p>\n\n\n\n<p>Mientras que\nPernell Pompey, de 17 a\u00f1os, se desplom\u00f3 frente a la bodega Decatur Food Corp, a\nescasas cuadras de donde asesinaron a Junior Guzm\u00e1n, &nbsp;tras ser apu\u00f1alado varias\nveces por un grupo de j\u00f3venes, seg\u00fan la polic\u00eda.<\/p>\n\n\n\n<p>El adolescente\naparentemente trat\u00f3 de refugiarse en el negocio, pero ya era demasiado tarde\ndebido a la gravedad de las heridas.<\/p>\n\n\n\n<p>Seg\u00fan la\ninvestigaci\u00f3n, el joven fue a pedir ayuda pero el bodeguero dijo que s\u00f3lo llego\na la entrada ya que estaba muy d\u00e9bil. Al rato muri\u00f3 en el hospital.<\/p>\n\n\n\n<p>Este asesinato\nrevive la violenta muerte del joven \u201cJunior\u201d Guzm\u00e1n, en su intento de\nrefugiarse en una bodega.<\/p>\n\n\n\n<p>Asimismo dos hombres, no identificados, fueron apu\u00f1alados en el interior de la bodega Blessed Mini Mart, ubicada en la calle Fulton con la avenida Tompkins, en el \u00e1rea de Bedford-Stuyvesant un poco antes de las 5:00 de la ma\u00f1ana.<\/p>\n\n\n\n<p style=\"text-align:right\">Ram\u00f3n Mercedes<\/p>\n","protected":false},"excerpt":{"rendered":"<p>NUEVA YORK, Nueva York.- Despu\u00e9s del asesinato a machetazos y pu\u00f1aladas del joven dominicano Lesandro Guzm\u00e1n Feliz \u201cJunior\u201d a manos de miembros de la pandilla \u201cLos Trinitarios\u201d en una bodega en junio pasado, los incidentes con saldos de muertos y heridos se han disparado en frente o el interior de estos negocios en la ciudad. [&hellip;]<\/p>\n","protected":false},"author":1,"featured_media":0,"comment_status":"open","ping_status":"open","sticky":false,"template":"","format":"standard","meta":{"_bbp_topic_count":0,"_bbp_reply_count":0,"_bbp_total_topic_count":0,"_bbp_total_reply_count":0,"_bbp_voice_count":0,"_bbp_anonymous_reply_count":0,"_bbp_topic_count_hidden":0,"_bbp_reply_count_hidden":0,"_bbp_forum_subforum_count":0,"footnotes":""},"categories":[60,38],"tags":[],"class_list":{"0":"post-315328","1":"post","2":"type-post","3":"status-publish","4":"format-standard","6":"category-titulares-del-dia","7":"category-sociedad"},"_links":{"self":[{"href":"https:\/\/primermomento.com\/index.php?rest_route=\/wp\/v2\/posts\/315328","targetHints":{"allow":["GET"]}}],"collection":[{"href":"https:\/\/primermomento.com\/index.php?rest_route=\/wp\/v2\/posts"}],"about":[{"href":"https:\/\/primermomento.com\/index.php?rest_route=\/wp\/v2\/types\/post"}],"author":[{"embeddable":true,"href":"https:\/\/primermomento.com\/index.php?rest_route=\/wp\/v2\/users\/1"}],"replies":[{"embeddable":true,"href":"https:\/\/primermomento.com\/index.php?rest_route=%2Fwp%2Fv2%2Fcomments&post=315328"}],"version-history":[{"count":1,"href":"https:\/\/primermomento.com\/index.php?rest_route=\/wp\/v2\/posts\/315328\/revisions"}],"predecessor-version":[{"id":315330,"href":"https:\/\/primermomento.com\/index.php?rest_route=\/wp\/v2\/posts\/315328\/revisions\/315330"}],"wp:attachment":[{"href":"https:\/\/primermomento.com\/index.php?rest_route=%2Fwp%2Fv2%2Fmedia&parent=315328"}],"wp:term":[{"taxonomy":"category","embeddable":true,"href":"https:\/\/primermomento.com\/index.php?rest_route=%2Fwp%2Fv2%2Fcategories&post=315328"},{"taxonomy":"post_tag","embeddable":true,"href":"https:\/\/primermomento.com\/index.php?rest_route=%2Fwp%2Fv2%2Ftags&post=315328"}],"curies":[{"name":"wp","href":"https:\/\/api.w.org\/{rel}","templated":true}]}}