{"id":315331,"date":"2019-02-21T09:55:13","date_gmt":"2019-02-21T13:55:13","guid":{"rendered":"http:\/\/primermomento.com\/?p=315331"},"modified":"2019-02-21T16:57:35","modified_gmt":"2019-02-21T20:57:35","slug":"pld-europa-central-asegura-triunfo-de-expresidente-fernandez","status":"publish","type":"post","link":"https:\/\/primermomento.com\/?p=315331","title":{"rendered":"PLD Europa Central asegura triunfo de expresidente Fern\u00e1ndez"},"content":{"rendered":"\n<p>ZURICH, Suiza.- Los dirigentes pelede\u00edstas radicados en pa\u00edses que componen el \u00e1rea de Europa Central ratificaron en el d\u00eda ayer, su decisi\u00f3n inquebrantable de apoyar bajo cualquier circunstancia la candidatura de Leonel Fern\u00e1ndez para que vuelva a ocupar la presidencia en las elecciones del pr\u00f3ximo a\u00f1o y dirija los destinos del pa\u00eds.\u00a0<br> <br> Las actividades o encuentros zonales realizados en Z\u00farich- Suiza y Milano- Italia y donde participaron dirigentes representantes de varias localidades de Alemania, B\u00e9lgica, Holanda, Ginebra- Suiza e Italia, Inglaterra, \u00a0ratificaron el compromiso de luchar incansablemente por la vuelta de Leonel Fern\u00e1ndez en el \u00a02020, as\u00ed lo asegura la Comisi\u00f3n encabezada por Marcos Cross S\u00e1nchez, coordinador general de Campa\u00f1a para Europa, Roberto Jim\u00e9nez, coordinador para Espa\u00f1a, J\u00fanior S\u00e1nchez coordinador general del Sector Externo en Europa con Leonel, Oscar Jim\u00e9nez, coordinador de Comunicaci\u00f3n y Luis Columna, encargado Redes, quienes recorrieron y visitaron varias localidades contactando y juramentando al creciente movimiento en torno a la figura del Presidente del PLD y candidato a la presidencia Leonel Fern\u00e1ndez.\u00a0<\/p>\n\n\n\n<figure class=\"wp-block-image\"><img loading=\"lazy\" decoding=\"async\" width=\"800\" height=\"500\" src=\"http:\/\/primermomento.com\/wp-content\/uploads\/2019\/02\/Juramentacion-Zurich.jpg\" alt=\"\" class=\"wp-image-315332\" srcset=\"https:\/\/primermomento.com\/wp-content\/uploads\/2019\/02\/Juramentacion-Zurich.jpg 800w, https:\/\/primermomento.com\/wp-content\/uploads\/2019\/02\/Juramentacion-Zurich-300x188.jpg 300w, https:\/\/primermomento.com\/wp-content\/uploads\/2019\/02\/Juramentacion-Zurich-768x480.jpg 768w, https:\/\/primermomento.com\/wp-content\/uploads\/2019\/02\/Juramentacion-Zurich-500x313.jpg 500w, https:\/\/primermomento.com\/wp-content\/uploads\/2019\/02\/Juramentacion-Zurich-280x175.jpg 280w, https:\/\/primermomento.com\/wp-content\/uploads\/2019\/02\/Juramentacion-Zurich-638x399.jpg 638w, https:\/\/primermomento.com\/wp-content\/uploads\/2019\/02\/Juramentacion-Zurich-118x74.jpg 118w, https:\/\/primermomento.com\/wp-content\/uploads\/2019\/02\/Juramentacion-Zurich-479x299.jpg 479w\" sizes=\"auto, (max-width: 800px) 100vw, 800px\" \/><\/figure>\n\n\n\n<p><br>\nLucy Mart\u00ednez, coordinadora de campa\u00f1a Europa Central, afirm\u00f3 que \u00bb en los\ngobiernos del PLD crecieron las obras de educaci\u00f3n como la alfabetizaci\u00f3n, la\ncalidad del desayuno escolar, avance en la remodelaci\u00f3n de planteles y aulas\nescolares y Leonel Fern\u00e1ndez llev\u00f3 el avance y la tecnolog\u00eda a las escuelas,\nadem\u00e1s de mejorar las obras de Comunicaci\u00f3n e infraestructura nacional, como el\nMetro \u00abPor eso estamos seguros que \u00a1es pa lante que vamos con Leonel\nFern\u00e1ndez y el progreso del pa\u00eds!- dijo concitando el aplauso de todo el p\u00fablico.<br>\n<br>\nEl Coordinador para Espa\u00f1a Roberto Jim\u00e9nez dijo que Leonel Fern\u00e1ndez tiene un\ngran plan para los dominicanos en el pa\u00eds y en el exterior.&nbsp;<br>\nTiene una gran sensibilidad para los dominicanos en el exterior. Ese proyecto\nser\u00e1 de vinculaci\u00f3n con Rep\u00fablica Dominicana y de unidad, se crear\u00e1n las\ncondiciones para que cada uno logre sus objetivos para los 300 mil dominicanos\nviviendo en Europa.<\/p>\n\n\n\n<p><br>\nPor su parte el coordinador general de Campa\u00f1a Marcos Cross dijo a decenas de\ndirigentes que \u00abning\u00fan pa\u00eds de Europa ni de Am\u00e9rica modifica la\nConstituci\u00f3n cada cuatro a\u00f1os para que se reelija un presidente, la\ninstitucionalidad es la garant\u00eda de la democracia. \u00abLos diputados como yo,\nque nos hemos convertido en defensores de la Constituci\u00f3n, &nbsp;no lo vamos a permitir, por lo tanto aqu\u00ed hay\nun solo candidato ganador y lo ser\u00e1 el Dr. Leonel Fern\u00e1ndez Reyna.<\/p>\n\n\n\n<p><br>\nLos dirigentes de la Direcci\u00f3n Pol\u00edtica de Europa Central Lucy Mart\u00ednez,\ncoordinadora general EC, La se\u00f1ora Milquella &nbsp;coordinadora del equipo en Z\u00farich, Linda\ncoordinadora en Ginebra, Ana Mar\u00eda Pimentel, Berna-Suiza, Sarah Pe\u00f1a\ncoordinadora de Tichino, &nbsp;Ana Lachapel-\nArao, entre otros. Por Italia: Ram\u00f3n Augusto Ogando (Fais\u00e1n), coordinador para\nItalia, junto a Luis lora coordinador Operativo, &nbsp;Guillermo Pe\u00f1a, Fredy Mej\u00eda y Miguel Dicent\ncoordinadores de Milano, Junior Gonz\u00e1lez coordinador de Sondrio, Aneudy en\nAosta, Dilanea Lendof coordinadora en Torino, Juana Lebr\u00f3n en Terni-Roma,\nAlcides en la ciudad de Verona, entre otros, se comprometieron a continuar los\ntrabajos para cumplir la cuota que le corresponde a cada \u00e1rea, de inscribir a\nlos simpatizantes y amigos que votar\u00e1n por Leonel en la plataforma, &nbsp;que para el mes de abril contar\u00e1 con 2\nmillones de electores.\n\nHolanda\nestuvo representada por su coordinador Darwin Castillo, Rosy &nbsp;Mateo por Den Haz y Brigido Perdomo coordinado\nla ciudad de R\u00f3terdam, Alemania la coordina la abogada Beatriz &nbsp;D\u00edaz y en Berl\u00edn Wilguen Reyes, Bernardo P\u00e9rez\ny Eliza Vilorio en Hannover, Jeffrey Osvaldo y Marisol Reynoso&nbsp;&nbsp; en &nbsp;Frankfurt. En&nbsp;\nB\u00e9lgica &nbsp;Luis Mart\u00ednez es el &nbsp;coordinador General y Alfredo Hern\u00e1ndez\nMart\u00ednez director operativo, as\u00ed como &nbsp;Hip\u00f3lita Figueroa &nbsp;en Comunicaci\u00f3n, Junto a Charivel Geraldine\nP\u00e9rez del Villar quien coordina las mujeres del equipo Leonel 2020 y Jim\u00e9nez\nMarilyn del Valle miembro del equipo. Representando al equipo de Inglaterra la\nse\u00f1ora Bielka Santa.\n\n<\/p>\n","protected":false},"excerpt":{"rendered":"<p>ZURICH, Suiza.- Los dirigentes pelede\u00edstas radicados en pa\u00edses que componen el \u00e1rea de Europa Central ratificaron en el d\u00eda ayer, su decisi\u00f3n inquebrantable de apoyar bajo cualquier circunstancia la candidatura de Leonel Fern\u00e1ndez para que vuelva a ocupar la presidencia en las elecciones del pr\u00f3ximo a\u00f1o y dirija los destinos del pa\u00eds.\u00a0 Las actividades o [&hellip;]<\/p>\n","protected":false},"author":1,"featured_media":0,"comment_status":"open","ping_status":"open","sticky":false,"template":"","format":"standard","meta":{"_bbp_topic_count":0,"_bbp_reply_count":0,"_bbp_total_topic_count":0,"_bbp_total_reply_count":0,"_bbp_voice_count":0,"_bbp_anonymous_reply_count":0,"_bbp_topic_count_hidden":0,"_bbp_reply_count_hidden":0,"_bbp_forum_subforum_count":0,"footnotes":""},"categories":[60,31],"tags":[],"class_list":{"0":"post-315331","1":"post","2":"type-post","3":"status-publish","4":"format-standard","6":"category-titulares-del-dia","7":"category-estados-unidos"},"_links":{"self":[{"href":"https:\/\/primermomento.com\/index.php?rest_route=\/wp\/v2\/posts\/315331","targetHints":{"allow":["GET"]}}],"collection":[{"href":"https:\/\/primermomento.com\/index.php?rest_route=\/wp\/v2\/posts"}],"about":[{"href":"https:\/\/primermomento.com\/index.php?rest_route=\/wp\/v2\/types\/post"}],"author":[{"embeddable":true,"href":"https:\/\/primermomento.com\/index.php?rest_route=\/wp\/v2\/users\/1"}],"replies":[{"embeddable":true,"href":"https:\/\/primermomento.com\/index.php?rest_route=%2Fwp%2Fv2%2Fcomments&post=315331"}],"version-history":[{"count":1,"href":"https:\/\/primermomento.com\/index.php?rest_route=\/wp\/v2\/posts\/315331\/revisions"}],"predecessor-version":[{"id":315333,"href":"https:\/\/primermomento.com\/index.php?rest_route=\/wp\/v2\/posts\/315331\/revisions\/315333"}],"wp:attachment":[{"href":"https:\/\/primermomento.com\/index.php?rest_route=%2Fwp%2Fv2%2Fmedia&parent=315331"}],"wp:term":[{"taxonomy":"category","embeddable":true,"href":"https:\/\/primermomento.com\/index.php?rest_route=%2Fwp%2Fv2%2Fcategories&post=315331"},{"taxonomy":"post_tag","embeddable":true,"href":"https:\/\/primermomento.com\/index.php?rest_route=%2Fwp%2Fv2%2Ftags&post=315331"}],"curies":[{"name":"wp","href":"https:\/\/api.w.org\/{rel}","templated":true}]}}