{"id":315334,"date":"2019-02-21T21:30:57","date_gmt":"2019-02-22T01:30:57","guid":{"rendered":"http:\/\/primermomento.com\/?p=315334"},"modified":"2019-02-21T21:30:58","modified_gmt":"2019-02-22T01:30:58","slug":"bani-paralizan-area-administrativa-de-escuela-secundaria","status":"publish","type":"post","link":"https:\/\/primermomento.com\/?p=315334","title":{"rendered":"BAN\u00cd | Paralizan \u00e1rea administrativa de escuela secundaria"},"content":{"rendered":"\n<p> BAN\u00cd, Rep\u00fablica Dominicana.- La Asociaci\u00f3n Dominicana de Profesores, seccional Ban\u00ed, paraliz\u00f3 por tiempo indefinido la oficina administrativa de la escuela secundaria Francisco Gregorio Billini, hasta que se atiendan las necesidades de este centro.<\/p>\n\n\n\n<figure class=\"wp-block-image\"><img loading=\"lazy\" decoding=\"async\" width=\"1024\" height=\"576\" src=\"http:\/\/primermomento.com\/wp-content\/uploads\/2018\/10\/6e29a534-8a99-4daa-be5f-b9f74b83f8f2-1024x576.jpg\" alt=\"\" class=\"wp-image-310328\" srcset=\"https:\/\/primermomento.com\/wp-content\/uploads\/2018\/10\/6e29a534-8a99-4daa-be5f-b9f74b83f8f2-1024x576.jpg 1024w, https:\/\/primermomento.com\/wp-content\/uploads\/2018\/10\/6e29a534-8a99-4daa-be5f-b9f74b83f8f2-300x169.jpg 300w, https:\/\/primermomento.com\/wp-content\/uploads\/2018\/10\/6e29a534-8a99-4daa-be5f-b9f74b83f8f2-768x432.jpg 768w, https:\/\/primermomento.com\/wp-content\/uploads\/2018\/10\/6e29a534-8a99-4daa-be5f-b9f74b83f8f2-478x270.jpg 478w, https:\/\/primermomento.com\/wp-content\/uploads\/2018\/10\/6e29a534-8a99-4daa-be5f-b9f74b83f8f2-500x281.jpg 500w, https:\/\/primermomento.com\/wp-content\/uploads\/2018\/10\/6e29a534-8a99-4daa-be5f-b9f74b83f8f2-280x158.jpg 280w, https:\/\/primermomento.com\/wp-content\/uploads\/2018\/10\/6e29a534-8a99-4daa-be5f-b9f74b83f8f2-638x359.jpg 638w, https:\/\/primermomento.com\/wp-content\/uploads\/2018\/10\/6e29a534-8a99-4daa-be5f-b9f74b83f8f2-118x66.jpg 118w, https:\/\/primermomento.com\/wp-content\/uploads\/2018\/10\/6e29a534-8a99-4daa-be5f-b9f74b83f8f2-479x269.jpg 479w, https:\/\/primermomento.com\/wp-content\/uploads\/2018\/10\/6e29a534-8a99-4daa-be5f-b9f74b83f8f2.jpg 1280w\" sizes=\"auto, (max-width: 1024px) 100vw, 1024px\" \/><figcaption>Vista parcial del deterioro en que se encuentra el auditorium de la escuela secundaria de Ban\u00ed. Foto | Fuente externa.<\/figcaption><\/figure>\n\n\n\n<p>La informaci\u00f3n fue suministrada por el presidente municipal de la ADP, Sterling Jim\u00e9nez, quien dijo que no permitir\u00e1n que del centro salga documentos a las calles, hasta tanto el Ministerio de Educaci\u00f3n ofrezca una respuesta clara y convincente.<\/p>\n\n\n\n<p>\u00abEl a\u00f1o escolar para los estudiantes de ese centro educativo depende de la actitud que asuman las autoridades, de ahora en lo adelante\u00bb, dijo Jim\u00e9nez.<\/p>\n\n\n\n<p>El dirigente del gremio anunci\u00f3 que este viernes a las diez de la ma\u00f1ana llevar\u00e1n a cabo una asamblea de padres, madres y tutores en el sal\u00f3n de actos del recinto educativo, con el fin de reafirmar su decisi\u00f3n de paralizar el \u00e1rea administrativa de la escuela secundaria.<\/p>\n","protected":false},"excerpt":{"rendered":"<p>BAN\u00cd, Rep\u00fablica Dominicana.- La Asociaci\u00f3n Dominicana de Profesores, seccional Ban\u00ed, paraliz\u00f3 por tiempo indefinido la oficina administrativa de la escuela secundaria Francisco Gregorio Billini, hasta que se atiendan las necesidades de este centro. La informaci\u00f3n fue suministrada por el presidente municipal de la ADP, Sterling Jim\u00e9nez, quien dijo que no permitir\u00e1n que del centro salga [&hellip;]<\/p>\n","protected":false},"author":1,"featured_media":0,"comment_status":"open","ping_status":"open","sticky":false,"template":"","format":"standard","meta":{"_bbp_topic_count":0,"_bbp_reply_count":0,"_bbp_total_topic_count":0,"_bbp_total_reply_count":0,"_bbp_voice_count":0,"_bbp_anonymous_reply_count":0,"_bbp_topic_count_hidden":0,"_bbp_reply_count_hidden":0,"_bbp_forum_subforum_count":0,"footnotes":""},"categories":[60,32],"tags":[],"class_list":{"0":"post-315334","1":"post","2":"type-post","3":"status-publish","4":"format-standard","6":"category-titulares-del-dia","7":"category-lo-ultimo"},"_links":{"self":[{"href":"https:\/\/primermomento.com\/index.php?rest_route=\/wp\/v2\/posts\/315334","targetHints":{"allow":["GET"]}}],"collection":[{"href":"https:\/\/primermomento.com\/index.php?rest_route=\/wp\/v2\/posts"}],"about":[{"href":"https:\/\/primermomento.com\/index.php?rest_route=\/wp\/v2\/types\/post"}],"author":[{"embeddable":true,"href":"https:\/\/primermomento.com\/index.php?rest_route=\/wp\/v2\/users\/1"}],"replies":[{"embeddable":true,"href":"https:\/\/primermomento.com\/index.php?rest_route=%2Fwp%2Fv2%2Fcomments&post=315334"}],"version-history":[{"count":1,"href":"https:\/\/primermomento.com\/index.php?rest_route=\/wp\/v2\/posts\/315334\/revisions"}],"predecessor-version":[{"id":315335,"href":"https:\/\/primermomento.com\/index.php?rest_route=\/wp\/v2\/posts\/315334\/revisions\/315335"}],"wp:attachment":[{"href":"https:\/\/primermomento.com\/index.php?rest_route=%2Fwp%2Fv2%2Fmedia&parent=315334"}],"wp:term":[{"taxonomy":"category","embeddable":true,"href":"https:\/\/primermomento.com\/index.php?rest_route=%2Fwp%2Fv2%2Fcategories&post=315334"},{"taxonomy":"post_tag","embeddable":true,"href":"https:\/\/primermomento.com\/index.php?rest_route=%2Fwp%2Fv2%2Ftags&post=315334"}],"curies":[{"name":"wp","href":"https:\/\/api.w.org\/{rel}","templated":true}]}}