{"id":315336,"date":"2019-02-21T21:58:51","date_gmt":"2019-02-22T01:58:51","guid":{"rendered":"http:\/\/primermomento.com\/?p=315336"},"modified":"2019-02-21T21:58:52","modified_gmt":"2019-02-22T01:58:52","slug":"bani-llaman-a-marchar-contra-la-delincuencia-y-la-criminalidad","status":"publish","type":"post","link":"https:\/\/primermomento.com\/?p=315336","title":{"rendered":"BAN\u00cd | Llaman a marchar contra la delincuencia y la criminalidad"},"content":{"rendered":"\n<p> BAN\u00cd, Rep\u00fablica Dominicana.- \u00abPor la familia, la paz y la no violencia\u00bb, ha sido convocada una gran caminata por diferentes calles de la ciudad, en respuesta a la delincuencia y la criminalidad que tienen en tensi\u00f3n a los residentes de la zona norte.<\/p>\n\n\n\n<figure class=\"wp-block-image\"><img loading=\"lazy\" decoding=\"async\" width=\"1024\" height=\"576\" src=\"http:\/\/primermomento.com\/wp-content\/uploads\/2019\/02\/f339ea6a-4729-42e0-8464-c5a12aa2736d-1024x576.jpg\" alt=\"\" class=\"wp-image-315337\" srcset=\"https:\/\/primermomento.com\/wp-content\/uploads\/2019\/02\/f339ea6a-4729-42e0-8464-c5a12aa2736d-1024x576.jpg 1024w, https:\/\/primermomento.com\/wp-content\/uploads\/2019\/02\/f339ea6a-4729-42e0-8464-c5a12aa2736d-300x169.jpg 300w, https:\/\/primermomento.com\/wp-content\/uploads\/2019\/02\/f339ea6a-4729-42e0-8464-c5a12aa2736d-768x432.jpg 768w, https:\/\/primermomento.com\/wp-content\/uploads\/2019\/02\/f339ea6a-4729-42e0-8464-c5a12aa2736d-478x270.jpg 478w, https:\/\/primermomento.com\/wp-content\/uploads\/2019\/02\/f339ea6a-4729-42e0-8464-c5a12aa2736d-500x281.jpg 500w, https:\/\/primermomento.com\/wp-content\/uploads\/2019\/02\/f339ea6a-4729-42e0-8464-c5a12aa2736d-280x158.jpg 280w, https:\/\/primermomento.com\/wp-content\/uploads\/2019\/02\/f339ea6a-4729-42e0-8464-c5a12aa2736d-638x359.jpg 638w, https:\/\/primermomento.com\/wp-content\/uploads\/2019\/02\/f339ea6a-4729-42e0-8464-c5a12aa2736d-118x66.jpg 118w, https:\/\/primermomento.com\/wp-content\/uploads\/2019\/02\/f339ea6a-4729-42e0-8464-c5a12aa2736d-479x269.jpg 479w, https:\/\/primermomento.com\/wp-content\/uploads\/2019\/02\/f339ea6a-4729-42e0-8464-c5a12aa2736d.jpg 1280w\" sizes=\"auto, (max-width: 1024px) 100vw, 1024px\" \/><figcaption>Manuel Guerrero, Alexis Rivera, de Ciudadanos Indignados con los periodistas Liselot Zapata y Luis De Los Santos<\/figcaption><\/figure>\n\n\n\n<p> El llamamiento ha sido hecho para este viernes 22 de febrero a las 2 pm, y cuyos organizadores han fijado como lugar de encuentro la iglesia Santa Cruz, en el sector del mismo nombre, en la parte alta del municipio, donde fue abatido a tiros, en un punto de drogas, el coronel de la Polic\u00eda Nacional, Daniel Ramos Alvarez.<\/p>\n\n\n\n<p>Ciudadanos Indignados, el grupo convocante, ha invitado todo el pueblo a participar en esta manifestaci\u00f3n pac\u00edfica, vestido de blanco, y contra todo tipo de cr\u00edmenes e injusticias.<\/p>\n\n\n\n<p>Manuel Guerrero y Alexis Rivera, al comparecer en el programa Matutino Tele 10 de Intercable digital, informaron que comunicaron el plan de la marcha a la Polic\u00eda y a la Direcci\u00f3n General de Seguridad y Tr\u00e1nsito Terrestre.<\/p>\n\n\n\n<p>Partir\u00e1n desde la iglesia Santa Cruz, frente a la calle Duarte, y desde ah\u00ed subir\u00e1n a la Luis Marcano, bajar\u00e1n por la Santom\u00e9, se desviar\u00e1n por la Luis Alvarez, y tomar\u00e1n la calle Duverg\u00e9 hasta la Presidente Billini terminando en la estatua del Padre de la Patria, Juan Pablo Duarte, en el parque central Marcos A. Cabral.<\/p>\n\n\n\n<p>Ah\u00ed entregar\u00e1n un manifiesto a periodistas y comunicadores de los medios de comunicaci\u00f3n social locales y nacionales, y habr\u00e1 un acto l\u00edrico-cultural.<\/p>\n\n\n\n<p style=\"text-align:right\">Primer Momento<\/p>\n","protected":false},"excerpt":{"rendered":"<p>BAN\u00cd, Rep\u00fablica Dominicana.- \u00abPor la familia, la paz y la no violencia\u00bb, ha sido convocada una gran caminata por diferentes calles de la ciudad, en respuesta a la delincuencia y la criminalidad que tienen en tensi\u00f3n a los residentes de la zona norte. El llamamiento ha sido hecho para este viernes 22 de febrero a [&hellip;]<\/p>\n","protected":false},"author":1,"featured_media":0,"comment_status":"open","ping_status":"open","sticky":false,"template":"","format":"standard","meta":{"_bbp_topic_count":0,"_bbp_reply_count":0,"_bbp_total_topic_count":0,"_bbp_total_reply_count":0,"_bbp_voice_count":0,"_bbp_anonymous_reply_count":0,"_bbp_topic_count_hidden":0,"_bbp_reply_count_hidden":0,"_bbp_forum_subforum_count":0,"footnotes":""},"categories":[30,60],"tags":[],"class_list":{"0":"post-315336","1":"post","2":"type-post","3":"status-publish","4":"format-standard","6":"category-actualidad","7":"category-titulares-del-dia"},"_links":{"self":[{"href":"https:\/\/primermomento.com\/index.php?rest_route=\/wp\/v2\/posts\/315336","targetHints":{"allow":["GET"]}}],"collection":[{"href":"https:\/\/primermomento.com\/index.php?rest_route=\/wp\/v2\/posts"}],"about":[{"href":"https:\/\/primermomento.com\/index.php?rest_route=\/wp\/v2\/types\/post"}],"author":[{"embeddable":true,"href":"https:\/\/primermomento.com\/index.php?rest_route=\/wp\/v2\/users\/1"}],"replies":[{"embeddable":true,"href":"https:\/\/primermomento.com\/index.php?rest_route=%2Fwp%2Fv2%2Fcomments&post=315336"}],"version-history":[{"count":1,"href":"https:\/\/primermomento.com\/index.php?rest_route=\/wp\/v2\/posts\/315336\/revisions"}],"predecessor-version":[{"id":315338,"href":"https:\/\/primermomento.com\/index.php?rest_route=\/wp\/v2\/posts\/315336\/revisions\/315338"}],"wp:attachment":[{"href":"https:\/\/primermomento.com\/index.php?rest_route=%2Fwp%2Fv2%2Fmedia&parent=315336"}],"wp:term":[{"taxonomy":"category","embeddable":true,"href":"https:\/\/primermomento.com\/index.php?rest_route=%2Fwp%2Fv2%2Fcategories&post=315336"},{"taxonomy":"post_tag","embeddable":true,"href":"https:\/\/primermomento.com\/index.php?rest_route=%2Fwp%2Fv2%2Ftags&post=315336"}],"curies":[{"name":"wp","href":"https:\/\/api.w.org\/{rel}","templated":true}]}}