{"id":315340,"date":"2019-02-23T16:36:40","date_gmt":"2019-02-23T20:36:40","guid":{"rendered":"http:\/\/primermomento.com\/?p=315340"},"modified":"2019-02-23T16:36:42","modified_gmt":"2019-02-23T20:36:42","slug":"bani-marchan-contra-la-delincuencia-y-la-criminalidad","status":"publish","type":"post","link":"https:\/\/primermomento.com\/?p=315340","title":{"rendered":"BAN\u00cd | Marchan contra la delincuencia y la criminalidad"},"content":{"rendered":"\n<p> BAN\u00cd, Rep\u00fablica Dominicana.- Al promover y enarbolar valores como la familia, la paz y la no violencia, el colectivo Ciudadanos Indignados realiz\u00f3 una marcha contra la delincuencia y la criminalidad.<\/p>\n\n\n\n<figure class=\"wp-block-image\"><img loading=\"lazy\" decoding=\"async\" width=\"640\" height=\"480\" src=\"http:\/\/primermomento.com\/wp-content\/uploads\/2019\/02\/ciudadanos-indignados1.jpg\" alt=\"\" class=\"wp-image-315341\" srcset=\"https:\/\/primermomento.com\/wp-content\/uploads\/2019\/02\/ciudadanos-indignados1.jpg 640w, https:\/\/primermomento.com\/wp-content\/uploads\/2019\/02\/ciudadanos-indignados1-300x225.jpg 300w, https:\/\/primermomento.com\/wp-content\/uploads\/2019\/02\/ciudadanos-indignados1-120x90.jpg 120w, https:\/\/primermomento.com\/wp-content\/uploads\/2019\/02\/ciudadanos-indignados1-500x375.jpg 500w, https:\/\/primermomento.com\/wp-content\/uploads\/2019\/02\/ciudadanos-indignados1-280x210.jpg 280w, https:\/\/primermomento.com\/wp-content\/uploads\/2019\/02\/ciudadanos-indignados1-638x479.jpg 638w, https:\/\/primermomento.com\/wp-content\/uploads\/2019\/02\/ciudadanos-indignados1-118x89.jpg 118w, https:\/\/primermomento.com\/wp-content\/uploads\/2019\/02\/ciudadanos-indignados1-479x359.jpg 479w\" sizes=\"auto, (max-width: 640px) 100vw, 640px\" \/><\/figure>\n\n\n\n<p>El recorrido arranc\u00f3 desde la iglesia Santa Cruz y subi\u00f3 por la Duarte, Luis Marcano, Luis Alvarez, Duverg\u00e9 y Presidente Billini, finalizando en el busto Juan Pablo Duarte en el parque central Marcos A. Cabral.<\/p>\n\n\n\n<p>All\u00ed, Manuel Guerrero, de Universo Verde y uno de los coordinadores del movimiento Colectivo de Ciudadanos Indignados, ley\u00f3 el siguiente manifiesto:<\/p>\n\n\n\n<p>Representantes de juntas de vecinos, el comercio, empresarios, gremios sindicales, profesionales, j\u00f3venes, amas de casa, iglesias, chiriperos, desempleados, agentes de la Polic\u00eda Nacional y autoridades locales. <\/p>\n\n\n\n<figure class=\"wp-block-image\"><img loading=\"lazy\" decoding=\"async\" width=\"640\" height=\"480\" src=\"http:\/\/primermomento.com\/wp-content\/uploads\/2019\/02\/ciudadanos-indignados.jpg\" alt=\"\" class=\"wp-image-315343\" srcset=\"https:\/\/primermomento.com\/wp-content\/uploads\/2019\/02\/ciudadanos-indignados.jpg 640w, https:\/\/primermomento.com\/wp-content\/uploads\/2019\/02\/ciudadanos-indignados-300x225.jpg 300w, https:\/\/primermomento.com\/wp-content\/uploads\/2019\/02\/ciudadanos-indignados-120x90.jpg 120w, https:\/\/primermomento.com\/wp-content\/uploads\/2019\/02\/ciudadanos-indignados-500x375.jpg 500w, https:\/\/primermomento.com\/wp-content\/uploads\/2019\/02\/ciudadanos-indignados-280x210.jpg 280w, https:\/\/primermomento.com\/wp-content\/uploads\/2019\/02\/ciudadanos-indignados-638x479.jpg 638w, https:\/\/primermomento.com\/wp-content\/uploads\/2019\/02\/ciudadanos-indignados-118x89.jpg 118w, https:\/\/primermomento.com\/wp-content\/uploads\/2019\/02\/ciudadanos-indignados-479x359.jpg 479w\" sizes=\"auto, (max-width: 640px) 100vw, 640px\" \/><\/figure>\n\n\n\n<p>Pueblo banilejo, lo hemos convocado a todos esta vez para proclamar ante Ban\u00ed y el pa\u00eds que en la tierra de Canela Mota, Rosendo Herrera, M\u00e1ximo G\u00f3mez, Gast\u00f3n Fernando Deligne, los hermanos Marcano, los m\u00e1s de 800 banilejos destacados en el Ej\u00e9rcito Libertador del Sur junto a Juan Pablo Duarte, padre de la patria, no todo est\u00e1 perdido. <\/p>\n\n\n\n<p>Estamos aqu\u00ed para decirle a la generaci\u00f3n de la que venimos, la que nos escucha, a las familias emblem\u00e1ticas de banilejos destacados tanto en la actividad comercial, deportiva, art\u00edstica, artesanos, productores, obreros o campesinos o pregoneros de la ma\u00f1ana o cient\u00edficos, que su esfuerzo por un Ban\u00ed digno no ser\u00e1 ni ha sido en vano. <\/p>\n\n\n\n<p>Propicio es el momento para jurar ante cientos de caficultores que hasta d\u00e9cadas pasadas fueron el pilar de la econom\u00eda de esta provincia, ellos \u00abdesnudaron las monta\u00f1as y la dejaron paridas de caf\u00e9\u00bb. <\/p>\n\n\n\n<p>Ante decenas de atletas, hombres y mujeres que han puesto en alto el orgullo de pertenencia de su pueblo. <\/p>\n\n\n\n<p>Ante miles de agricultores que siembran las madrugadas de pan para saciar nuestra hambre sembrando la esperanza en cada familia. <br>\nAnte nuestros trabajadores, hijos, mujer, familia toda.<\/p>\n\n\n\n<p>Que este pueblo fundado a la orilla y encima del agua no claudicar\u00e1 ante la violencia, la criminalidad m\u00e1s brutal, o ante la arrogancia del oro y la falsa abundancia de bienestar. Hoy se ha reunido el pueblo para decidir y crear movilizado una actitud y expresar su indignaci\u00f3n marcando la diferencia frente al abuso del poder.<\/p>\n\n\n\n<p>Frente a la indiferencia <br>\nFrente a la injusticia <br>\nFrente a la mala pol\u00edtica de los servicios de salud, educaci\u00f3n, energ\u00eda, agua de calidad <br>\nFrente a la inseguridad ciudadana <br>\nFrente al desempleo <br>\nFrente a los cerca de un mill\u00f3n de los j\u00f3venes que ni estudian ni trabajan en todo el pa\u00eds <\/p>\n\n\n\n<p>Toda esta realidad ha creado un momento en el que los banilejos nos hemos visto asediados por la violencia, en algunos casos derrotados e impotentes ante el crimen, el narco, el sicariato y la corrupci\u00f3n. <br>\nEsto se torna m\u00e1s cr\u00edtico cuando encontramos una respuesta del sector p\u00fablico no responsable, en la que la complicidad o la participaci\u00f3n de importantes figuras del sector en actos que rayan con su investidura de servidor de todos, torn\u00e1ndose peor al ver en ocasiones a agentes de seguridad que tienen que ver con el cuidado ciudadano, comprometidos en acciones delictivas o de maltrato innecesario al ciudadano. <\/p>\n\n\n\n<p>Queremos que el pueblo y la autoridad den de frente a la delincuencia, al microtr\u00e1tico, pero sin apartarse de la ley y del respeto a los derechos ciudadanos, porque todo lo que se haga por fuera de la ley y en forma abusiva, nunca tendr\u00e1 nuestro respaldo y por el contrario, lo condenaremos con igual energ\u00eda. <br> <\/p>\n\n\n\n<p>El pueblo trabajador y estudioso que se opone a la delincuencia y al narcotr\u00e1fico, no puede estar sometido al terror de la Polic\u00eda ni de la Direcci\u00f3n Nacional de Control de Drogas para \u201cdemostrar\u201d que est\u00e1n trabajando. <\/p>\n\n\n\n<p>Podemos durar horas viendo las causas de la violencia y la disfunci\u00f3n familiar. Esta sociedad como la hemos dise\u00f1ado no funciona, est\u00e1 hecha para inducir el sobreconsumo de todo tipo de mercanc\u00eda. Nos han robotizado, algunos hablan de un\u00eda sociedad IDIOTIZADA, de gente inducida a aparentar un bienestar que no puede soportar con trabajo decente. Las marcas nublan la esperanza de nuestros j\u00f3venes de vivir de su trabajo honrado. Invitados a ir al mercado por falsa publicidad y al no poder se ven invitados a pervertirse y a cometer actos re\u00f1idos con la ley y la moral. <\/p>\n\n\n\n<p>El estado de abandono y marginalidad del mal llamado crecimiento urbano de Ban\u00ed ha permitido un pueblo sin calles seguras, sin asfalto, sin sistema de alcantarillado, sin agua potable, sin servicios de salud, sin instalaciones deportivas, sin liceos, carente de universidad p\u00fablica, sin polic\u00edas bien preparados, armados, con buen equipo de transporte, de comunicaci\u00f3n, y sobre todo con un buen salario. Barrios enteros llenos de basura, j\u00f3venes sin empleo decente. <\/p>\n\n\n\n<p>Ante esta realidad no todo est\u00e1 perdido. <br>\nUn pueblo indignado y con la moral acumulada antes descrita se INDIGNA, se pone de pie para crear nuestra propia autodefensa <br>\nA proclamar ante nuestros ca\u00eddos por Ban\u00ed <br>\nAnte los que viven y sufren por su pueblo lejos del pa\u00eds.<\/p>\n\n\n\n<p>\u00a1Que aqu\u00ed nos levantamos ya! <br>\n\u00a1Que en Ban\u00ed son menos los malos! <br>\n\u00a1Los miles de buenos vamos por Ban\u00ed! <br>\nLos simbra hielo, los hijos de la arepa, el caf\u00e9, el mango, y el dulce.  Los hijos de la sarandunga, el chuin, las nochevelas, el bienmesabe <br>\nSe ha INDIGNADO. <\/p>\n\n\n\n<p>Si nos acompa\u00f1an los llamados a defender los derechos ciudadanos. Solo como pueblo vamos a vencer la delincuencia. Tomaremos las calles para adecentar a Ban\u00ed Para que las actividades comerciales se realicen en plena libertad tanto para los consumidores como para quienes venden. <br>\nPara que nuestros j\u00f3venes regresen a la universidad a construir su vida junto a la ciencia. Para sacar inteligentemente y sin maltratos y bajo un estado de derecho, la delincuencia de la sociedad <br>\nA toda delincuencia la hija de la pobreza como aquella que se esconde en la abundancia y las grandes e injustificables fortunas. <\/p>\n\n\n\n<p>\u00a1Ban\u00ed trabaja, vive, lucha y defender\u00e1 un clima de paz y respeto para todos! <br>\nMuchas gracias. <\/p>\n","protected":false},"excerpt":{"rendered":"<p>BAN\u00cd, Rep\u00fablica Dominicana.- Al promover y enarbolar valores como la familia, la paz y la no violencia, el colectivo Ciudadanos Indignados realiz\u00f3 una marcha contra la delincuencia y la criminalidad. El recorrido arranc\u00f3 desde la iglesia Santa Cruz y subi\u00f3 por la Duarte, Luis Marcano, Luis Alvarez, Duverg\u00e9 y Presidente Billini, finalizando en el busto [&hellip;]<\/p>\n","protected":false},"author":1,"featured_media":0,"comment_status":"open","ping_status":"open","sticky":false,"template":"","format":"standard","meta":{"_bbp_topic_count":0,"_bbp_reply_count":0,"_bbp_total_topic_count":0,"_bbp_total_reply_count":0,"_bbp_voice_count":0,"_bbp_anonymous_reply_count":0,"_bbp_topic_count_hidden":0,"_bbp_reply_count_hidden":0,"_bbp_forum_subforum_count":0,"footnotes":""},"categories":[30,60],"tags":[],"class_list":{"0":"post-315340","1":"post","2":"type-post","3":"status-publish","4":"format-standard","6":"category-actualidad","7":"category-titulares-del-dia"},"_links":{"self":[{"href":"https:\/\/primermomento.com\/index.php?rest_route=\/wp\/v2\/posts\/315340","targetHints":{"allow":["GET"]}}],"collection":[{"href":"https:\/\/primermomento.com\/index.php?rest_route=\/wp\/v2\/posts"}],"about":[{"href":"https:\/\/primermomento.com\/index.php?rest_route=\/wp\/v2\/types\/post"}],"author":[{"embeddable":true,"href":"https:\/\/primermomento.com\/index.php?rest_route=\/wp\/v2\/users\/1"}],"replies":[{"embeddable":true,"href":"https:\/\/primermomento.com\/index.php?rest_route=%2Fwp%2Fv2%2Fcomments&post=315340"}],"version-history":[{"count":1,"href":"https:\/\/primermomento.com\/index.php?rest_route=\/wp\/v2\/posts\/315340\/revisions"}],"predecessor-version":[{"id":315344,"href":"https:\/\/primermomento.com\/index.php?rest_route=\/wp\/v2\/posts\/315340\/revisions\/315344"}],"wp:attachment":[{"href":"https:\/\/primermomento.com\/index.php?rest_route=%2Fwp%2Fv2%2Fmedia&parent=315340"}],"wp:term":[{"taxonomy":"category","embeddable":true,"href":"https:\/\/primermomento.com\/index.php?rest_route=%2Fwp%2Fv2%2Fcategories&post=315340"},{"taxonomy":"post_tag","embeddable":true,"href":"https:\/\/primermomento.com\/index.php?rest_route=%2Fwp%2Fv2%2Ftags&post=315340"}],"curies":[{"name":"wp","href":"https:\/\/api.w.org\/{rel}","templated":true}]}}