{"id":315348,"date":"2019-02-23T09:53:31","date_gmt":"2019-02-23T13:53:31","guid":{"rendered":"http:\/\/primermomento.com\/?p=315348"},"modified":"2019-02-23T16:56:16","modified_gmt":"2019-02-23T20:56:16","slug":"presenta-video-joven-disparandole-a-hombre-sentado-en-un-automovil","status":"publish","type":"post","link":"https:\/\/primermomento.com\/?p=315348","title":{"rendered":"Presenta video joven dispar\u00e1ndole a hombre sentado en un autom\u00f3vil"},"content":{"rendered":"\n<p>NUEVA YORK, Nueva York.- La polic\u00eda del precinto 52, en El Bronx, despach\u00f3 un video cuando un joven le dispara a pocos metros de distancia a un hombre que se encontraba sentado dentro de un carro Nissan Rogue del a\u00f1o 2014 en la avenida Grand Concourse con calle 199, \u00e1rea donde residen cientos de familias hispanas, incluyendo dominicanas.<\/p>\n\n\n\n<div class=\"wp-block-image\"><figure class=\"aligncenter\"><img loading=\"lazy\" decoding=\"async\" width=\"500\" height=\"300\" src=\"http:\/\/primermomento.com\/wp-content\/uploads\/2017\/01\/policias-nueva-york.jpg\" alt=\"\" class=\"wp-image-285798\" srcset=\"https:\/\/primermomento.com\/wp-content\/uploads\/2017\/01\/policias-nueva-york.jpg 500w, https:\/\/primermomento.com\/wp-content\/uploads\/2017\/01\/policias-nueva-york-300x180.jpg 300w, https:\/\/primermomento.com\/wp-content\/uploads\/2017\/01\/policias-nueva-york-110x66.jpg 110w, https:\/\/primermomento.com\/wp-content\/uploads\/2017\/01\/policias-nueva-york-280x168.jpg 280w, https:\/\/primermomento.com\/wp-content\/uploads\/2017\/01\/policias-nueva-york-118x71.jpg 118w, https:\/\/primermomento.com\/wp-content\/uploads\/2017\/01\/policias-nueva-york-479x287.jpg 479w\" sizes=\"auto, (max-width: 500px) 100vw, 500px\" \/><\/figure><\/div>\n\n\n\n<p>El disparo hiri\u00f3 la persona en la espalda\ndej\u00e1ndola en condiciones cr\u00edticas, por lo que fue llevada de urgencia al hospital\nSan Barnabas.<\/p>\n\n\n\n<p>Las autoridades dieron a conocer este jueves\nel video de vigilancia que capt\u00f3 el hecho ocurrido el pasado s\u00e1bado a las 10:30\nde la noche, sin explicar las razones de la tardanza.<\/p>\n\n\n\n<p>El gatillero fue descrito como un hispano, de\n20 a 30 a\u00f1os de edad. Visto por \u00faltima vez con una chaqueta negra con varios\nparches en la parte delantera, trasera y en los brazos; una sudadera con\ncapucha gris, pantalones de ch\u00e1ndal grises y zapatillas blancas.<\/p>\n\n\n\n<p>&nbsp;En lo que va de a\u00f1o, los asesinatos han aumentado en un 55%, en relaci\u00f3n\nal mismo periodo de 2018, seg\u00fan report\u00f3 el Departamento de Polic\u00eda (NYPD), en\nsus m\u00e1s recientes estad\u00edsticas divulgadas ayer mi\u00e9rcoles.&nbsp;<\/p>\n\n\n\n<p>Las autoridades est\u00e1n en alerta por los 22 asesinatos ocurridos en\nlas primeras siete semanas del a\u00f1o, cifra que supera los de 2018 para el mismo\nperiodo.<\/p>\n\n\n\n<p>La uniformada solicita a cualquier persona que conozca sobre este incidente llamar al 718-220-5836 o al\u00a0Crimestoppers 1 (800) 577-TIPS (8477). Todas las llamadas ser\u00e1n confidenciales.<\/p>\n\n\n\n<p style=\"text-align:right\">Ram\u00f3n Mercedes<\/p>\n","protected":false},"excerpt":{"rendered":"<p>NUEVA YORK, Nueva York.- La polic\u00eda del precinto 52, en El Bronx, despach\u00f3 un video cuando un joven le dispara a pocos metros de distancia a un hombre que se encontraba sentado dentro de un carro Nissan Rogue del a\u00f1o 2014 en la avenida Grand Concourse con calle 199, \u00e1rea donde residen cientos de familias [&hellip;]<\/p>\n","protected":false},"author":1,"featured_media":0,"comment_status":"open","ping_status":"open","sticky":false,"template":"","format":"standard","meta":{"_bbp_topic_count":0,"_bbp_reply_count":0,"_bbp_total_topic_count":0,"_bbp_total_reply_count":0,"_bbp_voice_count":0,"_bbp_anonymous_reply_count":0,"_bbp_topic_count_hidden":0,"_bbp_reply_count_hidden":0,"_bbp_forum_subforum_count":0,"footnotes":""},"categories":[60,32],"tags":[],"class_list":{"0":"post-315348","1":"post","2":"type-post","3":"status-publish","4":"format-standard","6":"category-titulares-del-dia","7":"category-lo-ultimo"},"_links":{"self":[{"href":"https:\/\/primermomento.com\/index.php?rest_route=\/wp\/v2\/posts\/315348","targetHints":{"allow":["GET"]}}],"collection":[{"href":"https:\/\/primermomento.com\/index.php?rest_route=\/wp\/v2\/posts"}],"about":[{"href":"https:\/\/primermomento.com\/index.php?rest_route=\/wp\/v2\/types\/post"}],"author":[{"embeddable":true,"href":"https:\/\/primermomento.com\/index.php?rest_route=\/wp\/v2\/users\/1"}],"replies":[{"embeddable":true,"href":"https:\/\/primermomento.com\/index.php?rest_route=%2Fwp%2Fv2%2Fcomments&post=315348"}],"version-history":[{"count":1,"href":"https:\/\/primermomento.com\/index.php?rest_route=\/wp\/v2\/posts\/315348\/revisions"}],"predecessor-version":[{"id":315349,"href":"https:\/\/primermomento.com\/index.php?rest_route=\/wp\/v2\/posts\/315348\/revisions\/315349"}],"wp:attachment":[{"href":"https:\/\/primermomento.com\/index.php?rest_route=%2Fwp%2Fv2%2Fmedia&parent=315348"}],"wp:term":[{"taxonomy":"category","embeddable":true,"href":"https:\/\/primermomento.com\/index.php?rest_route=%2Fwp%2Fv2%2Fcategories&post=315348"},{"taxonomy":"post_tag","embeddable":true,"href":"https:\/\/primermomento.com\/index.php?rest_route=%2Fwp%2Fv2%2Ftags&post=315348"}],"curies":[{"name":"wp","href":"https:\/\/api.w.org\/{rel}","templated":true}]}}