{"id":315375,"date":"2019-02-25T08:58:27","date_gmt":"2019-02-25T12:58:27","guid":{"rendered":"http:\/\/primermomento.com\/?p=315375"},"modified":"2019-02-25T16:01:27","modified_gmt":"2019-02-25T20:01:27","slug":"definen-plazas-de-america-a-mundial-de-baloncesto","status":"publish","type":"post","link":"https:\/\/primermomento.com\/?p=315375","title":{"rendered":"Definen plazas de Am\u00e9rica a Mundial de Baloncesto"},"content":{"rendered":"\n<p> SAN JUAN, Puerto Rico.- Los partidos de Uruguay en casa de Puerto  Rico y de Brasil en Rep\u00fablica Dominicana definen hoy las dos \u00faltimas  plazas de Am\u00e9rica para el Mundial de Baloncesto (m), que organizar\u00e1  China en septiembre pr\u00f3ximo.                         <br>                          <\/p>\n\n\n\n<figure class=\"wp-block-image\"><img loading=\"lazy\" decoding=\"async\" width=\"748\" height=\"498\" src=\"http:\/\/primermomento.com\/wp-content\/uploads\/2019\/02\/Baloncesto.jpg\" alt=\"\" class=\"wp-image-315376\" srcset=\"https:\/\/primermomento.com\/wp-content\/uploads\/2019\/02\/Baloncesto.jpg 748w, https:\/\/primermomento.com\/wp-content\/uploads\/2019\/02\/Baloncesto-300x200.jpg 300w, https:\/\/primermomento.com\/wp-content\/uploads\/2019\/02\/Baloncesto-73x50.jpg 73w, https:\/\/primermomento.com\/wp-content\/uploads\/2019\/02\/Baloncesto-500x333.jpg 500w, https:\/\/primermomento.com\/wp-content\/uploads\/2019\/02\/Baloncesto-280x186.jpg 280w, https:\/\/primermomento.com\/wp-content\/uploads\/2019\/02\/Baloncesto-60x40.jpg 60w, https:\/\/primermomento.com\/wp-content\/uploads\/2019\/02\/Baloncesto-638x425.jpg 638w, https:\/\/primermomento.com\/wp-content\/uploads\/2019\/02\/Baloncesto-118x79.jpg 118w, https:\/\/primermomento.com\/wp-content\/uploads\/2019\/02\/Baloncesto-479x319.jpg 479w\" sizes=\"auto, (max-width: 748px) 100vw, 748px\" \/><\/figure>\n\n\n\n<p>Luego de 15 largos meses y 11 desaf\u00edos, solo resta una jornada para  conocer quienes acompa\u00f1ar\u00e1n a la legi\u00f3n encabezada por la potencia  mundial Estados Unidos, junto a Canad\u00e1, Argentina, Brasil y Venezuela, a  la primera cita del orbe que se celebrar\u00e1 con 32 selecciones.<\/p>\n\n\n\n<p> \nEl sorprendente equipo uruguayo busca regresar a una lid planetaria tras\n 33 a\u00f1os de su \u00faltima presentaci\u00f3n en el campeonato de Espa\u00f1a, en 1986.<\/p>\n\n\n\n<p>\n Sin embargo, para lograr esa meta deber\u00e1n superar el reto m\u00e1ximo que se\n les ha presentando durante las seis ventanas eliminatorias: doblegar a \nla escuadra boricua en su cuartel general del coliseo Roberto Clemente, \ncuyas entradas para esta noche ya est\u00e1n todas agotadas.<\/p>\n\n\n\n<p> Las \nprincipales opciones de quedarse con el boleto las tiene Puerto Rico, \nque llega al choque de marras con mejor balance de siete \u00e9xitos y cuatro\n fracasos, por 6-5 de sus rivales, adem\u00e1s de la siempre influyente \ncondici\u00f3n de local\u00eda.<\/p>\n\n\n\n<p> Sin embargo, a Uruguay (6-5) le basta con \nun triunfo por cualquier marcador para arrebatarle el cuarto puesto del \ngrupo E, equivalente al pasaje rumbo al gigante asi\u00e1tico.<\/p>\n\n\n\n<p> Si eso\n sucediera, los dirigidos por el exescolta zurdo Eddy Casiano a\u00fan \npodr\u00edan pisar tierras de Lejano Oriente durante el pr\u00f3ximo verano, pero \ndepender\u00edan del resultado en la otra llave F.<\/p>\n\n\n\n<p> Precisamente, \nBrasil y Dominicana protagonizan el duelo decisivo en ese sector, aunque\n los sudamericanos ya tienen garantizado su asiento, por lo cual les \nvale cualquier resultado ante el quinteto caribe\u00f1o, que si necesita una \nvictoria para completar la faena.<\/p>\n\n\n\n<p> Pero si Puerto Rico pierde \nante Uruguay y Rep\u00fablica Dominicana lo imita frente a Brasil, entonces \nhabr\u00eda que acudir al diferencial de puntos entre boricuas y dominicanos \npara conocer el \u00faltimo clasificado, pues la victoria autom\u00e1ticamente le \nacu\u00f1ar\u00eda la visa china a la selecci\u00f3n celeste.<\/p>\n\n\n\n<p> As\u00ed las cosas, \nlos duelos de la noche de este lunes definir\u00e1n entre boricuas, \ndominicanos y uruguayos los dos \u00faltimos cupos para el torneo universal \nque se celebrar\u00e1 en ocho ciudades chinas.<\/p>\n\n\n\n<p> El sorteo para esta justa tendr\u00e1 lugar el s\u00e1bado 16 de marzo en Shenzhen, una de las urbes anfitrionas de la competici\u00f3n. <\/p>\n\n\n\n<p style=\"text-align:right\">PL<\/p>\n","protected":false},"excerpt":{"rendered":"<p>SAN JUAN, Puerto Rico.- Los partidos de Uruguay en casa de Puerto Rico y de Brasil en Rep\u00fablica Dominicana definen hoy las dos \u00faltimas plazas de Am\u00e9rica para el Mundial de Baloncesto (m), que organizar\u00e1 China en septiembre pr\u00f3ximo. Luego de 15 largos meses y 11 desaf\u00edos, solo resta una jornada para conocer quienes acompa\u00f1ar\u00e1n [&hellip;]<\/p>\n","protected":false},"author":1,"featured_media":0,"comment_status":"open","ping_status":"open","sticky":false,"template":"","format":"standard","meta":{"_bbp_topic_count":0,"_bbp_reply_count":0,"_bbp_total_topic_count":0,"_bbp_total_reply_count":0,"_bbp_voice_count":0,"_bbp_anonymous_reply_count":0,"_bbp_topic_count_hidden":0,"_bbp_reply_count_hidden":0,"_bbp_forum_subforum_count":0,"footnotes":""},"categories":[42,60],"tags":[],"class_list":{"0":"post-315375","1":"post","2":"type-post","3":"status-publish","4":"format-standard","6":"category-deportes","7":"category-titulares-del-dia"},"_links":{"self":[{"href":"https:\/\/primermomento.com\/index.php?rest_route=\/wp\/v2\/posts\/315375","targetHints":{"allow":["GET"]}}],"collection":[{"href":"https:\/\/primermomento.com\/index.php?rest_route=\/wp\/v2\/posts"}],"about":[{"href":"https:\/\/primermomento.com\/index.php?rest_route=\/wp\/v2\/types\/post"}],"author":[{"embeddable":true,"href":"https:\/\/primermomento.com\/index.php?rest_route=\/wp\/v2\/users\/1"}],"replies":[{"embeddable":true,"href":"https:\/\/primermomento.com\/index.php?rest_route=%2Fwp%2Fv2%2Fcomments&post=315375"}],"version-history":[{"count":1,"href":"https:\/\/primermomento.com\/index.php?rest_route=\/wp\/v2\/posts\/315375\/revisions"}],"predecessor-version":[{"id":315377,"href":"https:\/\/primermomento.com\/index.php?rest_route=\/wp\/v2\/posts\/315375\/revisions\/315377"}],"wp:attachment":[{"href":"https:\/\/primermomento.com\/index.php?rest_route=%2Fwp%2Fv2%2Fmedia&parent=315375"}],"wp:term":[{"taxonomy":"category","embeddable":true,"href":"https:\/\/primermomento.com\/index.php?rest_route=%2Fwp%2Fv2%2Fcategories&post=315375"},{"taxonomy":"post_tag","embeddable":true,"href":"https:\/\/primermomento.com\/index.php?rest_route=%2Fwp%2Fv2%2Ftags&post=315375"}],"curies":[{"name":"wp","href":"https:\/\/api.w.org\/{rel}","templated":true}]}}