{"id":315396,"date":"2019-02-25T06:15:27","date_gmt":"2019-02-25T10:15:27","guid":{"rendered":"http:\/\/primermomento.com\/?p=315396"},"modified":"2019-02-25T19:19:54","modified_gmt":"2019-02-25T23:19:54","slug":"enterate-ny-61","status":"publish","type":"post","link":"https:\/\/primermomento.com\/?p=315396","title":{"rendered":"Ent\u00e9rate NY"},"content":{"rendered":"\n<p><em>\u201cPeriodismo informativo y cr\u00edtico al servicio de la comunidad\u00bb<\/em><\/p>\n\n\n\n<p>\u25baLa Margaret Thatcher del PRM lleg\u00f3 a NY: Margaret Thatcher fue primera ministra de Inglaterra (1979-1990) y se le conoci\u00f3 como \u201cLa dama de hierro\u201d por su tes\u00f3n y estilo agresivo a la hora de negociar. Dos aguerridas dirigentes del PRM-NY nos confirmaron, reservando sus identidades, que as\u00ed le llaman a Sara Paulino, ex diputada y presidente de la Federaci\u00f3n de Mujeres Modernas, ap\u00e9ndice de su partido, quien lleg\u00f3 a la Gran Manzana el pasado fin de semana, como enlace oficial entre el PRM y la Circunscripci\u00f3n 1 en EEUU. Fue envidada por Luis Abinader para resolver los problemas existentes en la conflictiva \u00e1rea y presentarle las posibles soluciones para cuando llegue el pr\u00f3ximo mi\u00e9rcoles. Paulino trajo en sus manos la espada y la balanza que representa la Justicia. Me dicen que no come cuentos ni relajos. \u00a1Ah! la semana pasada escribimos que un grupo de dirigentes se juramentaron en un restaurant del Alto Manhattan, sin la asistencia de un solo directivo de la parte institucional de la entidad. Los juramentados apoyan a Ram\u00f3n Emilio Concepci\u00f3n a la presidencia del pa\u00eds, proclamando: \u201cLa honestidad, coraje, capacidad y gallard\u00eda lo hacen el candidato id\u00f3neo para sacar del poder al PLD. \u00bfY los otros? Ver: https:\/\/elnuevodiario.com.do\/expresidentes-prm-en-ny-y-el-bronx-se-juramentan-en-equipo-ramon-e-concepcion\/  Pero los directivos de la seccional se hartan de decir que no hay problemas, todo es unidad. \u00a1Anj\u00e1! Queriendo tapar el sol con un dedo, diiiicen.<\/p>\n\n\n\n<div class=\"wp-block-image\"><figure class=\"alignleft\"><img loading=\"lazy\" decoding=\"async\" width=\"224\" height=\"241\" src=\"http:\/\/primermomento.com\/wp-content\/uploads\/2019\/01\/Ramon-Mercedes-nueva-medida.jpg\" alt=\"\" class=\"wp-image-314411\" srcset=\"https:\/\/primermomento.com\/wp-content\/uploads\/2019\/01\/Ramon-Mercedes-nueva-medida.jpg 224w, https:\/\/primermomento.com\/wp-content\/uploads\/2019\/01\/Ramon-Mercedes-nueva-medida-204x220.jpg 204w, https:\/\/primermomento.com\/wp-content\/uploads\/2019\/01\/Ramon-Mercedes-nueva-medida-118x127.jpg 118w\" sizes=\"auto, (max-width: 224px) 100vw, 224px\" \/><\/figure><\/div>\n\n\n\n<p>\u25ba\u00bfSiguen los problemas PRM-NY?: La pr\u00f3xima llegada de Luis Abinader no ha aminorado ni hecho desaparecer los problemas que vienen sucediendo en la seccional de NY. La direcci\u00f3n viene exigiendo que lo dejen trabajar en equipo que para eso fueron escogidos y elegidos. Mientras que seguidores de Margarito de Le\u00f3n alegan que \u00e9ste es el coordinador internacional. Seg\u00fan fuentes a lo interno del partido, pidiendo reservas, De Le\u00f3n incursiona en las labores institucionales de la seccional. Ya dio a conocer de manera inconclusa la llamada agenda de Abinader, que visitar\u00e1 exclusivamente NY, y por culpa de \u00e9l se elimin\u00f3 una masiva juramentaci\u00f3n, en el restaurant Banana Brasil, ubicado en la ciudad Danberry-Conneticut. Seg\u00fan la agenda consensuada elaborada por la direcci\u00f3n de la seccional (Neftal\u00ed Fuerte, presidente; John S\u00e1nchez, secretario general; Felipe Mercedes, director de finanzas; Alejandro -Tont\u00f3n- Rodr\u00edguez, director de prensa; Jos\u00e9 M. Sosa, director electoral;  Margarita Pichardo, coordinadora adjunta; Yul\u00edn Mateo, delegado ante la JCE; Ren\u00e9 Mateo, ex director ejecutivo del comando de campa\u00f1a, y Johanna Miranda, directora de eventos, entre otros, hay muchas cosas en la agenda que han sido excluidas.<\/p>\n\n\n\n<p>\u25ba\u00bfEso es lo que se merece la comunidad del gobierno?: Sin quitar ni poner. Un ex funcionario del Comisionado de Cultura en NY nos expuso lo siguiente: \u00abEl ministro de Cultura, Eduardo Selman, decidi\u00f3 eliminar la Feria del Libro este a\u00f1o para hacerla cada dos a\u00f1os. El Festival de Teatro,  Premios de Literatura-Letras de Ultramar,  los Conciertos de Independencia y Restauraci\u00f3n,  y el Festival de Poes\u00eda de la Di\u00e1spora, fueron eliminados. De los dos salones que pose\u00eda el local en el primer piso, orden\u00f3 eliminar uno. Diiice la fuente, que a consideraci\u00f3n de Selman, eso es demasiado dinero que est\u00e1 gastando en NY. \u00a1Ah! lo que $e debe de la Feria del Libro, anterior a \u00e9l asumir el mando, no se ha pagado. \u00bfLa reconoce o no? porque debi\u00f3 pagarse ya que \u00e9l trajo una amplia comisi\u00f3n con hospedaje en hoteles en dowtown Manhattan para la Feria bajo su responsabilidad y no hay deudas pendientes. Hemos llamado al comisionado Carlos S\u00e1nchez y no responde, y a la subcomisionada, Miguelina Concepci\u00f3n, quien nos dijo que S\u00e1nchez en una reciente reuni\u00f3n les inform\u00f3 eso. Ella considera que a Carlos lo est\u00e1n apretando demasiado, le parece que es injusto tanto apriete y tambi\u00e9n le pidieron que de 19 empleados lo baje a 12, le dijo a  \u201cEnt\u00e9rate NY\u201d.<\/p>\n\n\n\n<p>\u25ba\u00bfCerrar\u00e1n el Comisionado Cultura-NY?: Con lo que el ministro de Cultura, Eduardo Selman viene haciendo con el Comisionado en NY, todo deja indicar que est\u00e1 dando los pasos para cerrarlo o simplemente dejarlo disfuncional. Los escritores, artistas, poetas, compositores, entre otros sectores, ya no tienen que buscar nada, porque el Comisionado en la urbe parecer\u00e1 un elefante blanco, nos informa una acreditada fuente, que a la vez nos env\u00eda una carta documentada. Veamos: El ministerio en RD tiene un presupuesto de RD$2,588,256,252.00 y entre sus gatos figuran \u201cpublicidad, impresi\u00f3n y encuadernaci\u00f3n\u201d por RD$14,861,115.00, y en vi\u00e1ticos RD$2,797,000.00, seg\u00fan el reporte p\u00fablico del  \u201cSistema Integrado de Gesti\u00f3n Financiera (SIGEF) del 2019.<\/p>\n\n\n\n<p>Ver:http:\/\/cultura.gob.do\/transparencia\/phocadownload\/Presupuesto\/Presupuesto%20aprobado%20Ao%202019.pdf. Sin embargo el presupuesto del Comisionado no llega a los $125 mil d\u00f3lares (RD$6,250.000.00: Seis millones 250 de pesos dominicanos) para pagar todo. Sostiene la fuente que cada vez que el arquitecto Selman tiene una funci\u00f3n p\u00fablica que tenga que ver con la comunidad en el exterior, esta sufre directamente su accionar negativo, y eso\u2026 que es el secretario de ultramar de su partido (PLD).<\/p>\n\n\n\n<p>\u25baM\u00e1s claro de ah\u00ed no canta el gallo: A seguidores del presidente Danilo Medina en NYC se les ve con frecuencia tirarles \u201cpuyas directas\u201d a seguidores del ex presidente Leonel Fern\u00e1ndez. Es frecuente en el Alto Manhattan o\u00edrle decir \u201cm\u00e1s claro de ah\u00ed no canta un gallo\u201d, en referencia a lo dicho por Jos\u00e9 Ram\u00f3n Peralta de que el presidente es el \u00fanico pol\u00edtico en RD que en la actualidad goza de una simpat\u00eda electoral para ganar en primera vuelta las elecciones presidenciales del 2020.  Esto, seguido tambi\u00e9n de, como dec\u00edan los balagueristas \u201cvuelve y vuelve\u201d y a\u00f1adiendo el estribillo de la canci\u00f3n del jefe \u201crecogiendo limosna no lo tumban\u201d.<\/p>\n\n\n\n<p>Escuchar: https:\/\/www.youtube.com\/watch?v=34LlbT9DVGg<\/p>\n\n\n\n<p>\u25ba\u00a1Por fin, abrir\u00e1n local PRD en NY!: En los pr\u00f3ximos d\u00edas el PRD abrir\u00e1 su local en la avenida Saint Nicholas con la calle 185, en el Alto Manhattan, un deseo de los perredeistas desde principio de 2017. El local de ahora es propiedad del invisible diputado por la Circunscripci\u00f3n 1, Rub\u00e9n Luna, seg\u00fan mi fuente; que tambi\u00e9n nos indic\u00f3 que el partido est\u00e1 inmerso en el programa de crecimiento, porque hay un proceso de convenci\u00f3n abierto y la misma se celebrar\u00e1 el pr\u00f3ximo mes de abril. Dicha fuente record\u00f3 que el presidente de la organizaci\u00f3n, Miguel Vargas, en meses pasados reiter\u00f3 en NJ que esa organizaci\u00f3n participar\u00e1 con candidatos propios \u201cy exitosos\u201d en las elecciones de 2020, exhortando a los dirigentes a que trabajen duro, abran el partido a los que quieran regresar y busquen a los nuevos votantes, \u201ctomando en cuenta que el padr\u00f3n en el exterior creci\u00f3 en un 30% y pas\u00f3 del medio mill\u00f3n de inscritos\u201d, y en EE.UU el padr\u00f3n aument\u00f3 un 64 %. Ya dicen que Luna ser\u00e1 impuesto como diputado nuevamente, y es como dice el merengue de Wilfrido Vargas \u201cPor la plata baila el mono\u201d: Escuchar: https:\/\/www.youtube.com\/watch?v=Y_xoviutsEg<\/p>\n\n\n\n<p>\u25baPrensa &amp; Comunidad reconoce dominicanos NY: \u201cPrensa &amp; Comunidad (Prenco)\u201d reconoci\u00f3 el pasado fin de semana como \u201cValores Dominicanos en NY\u201d con motivo del \u201cMes de la Herencia Dominicana\u201d a varios quisqueyanos por poner en alto la bandera tricolor en playas extranjeras. Fueron ellos: La periodista Esperanza Ceballos, Univisi\u00f3n-41; George \u00c1lvarez, polit\u00f3logo; Alfredo Rodr\u00edguez, diputado ultramar; Yomare Polanco, empresario; Mar\u00eda Harper Marinick, canciller educaci\u00f3n en Arizona; Johan Hern\u00e1ndez, modisto internacional. Los pergaminos fueron entregados por el concejal y candidato a Defensor del Pueblo NYC, Ydanis Rodr\u00edguez, y el presidente de Prenco, el autor de esta columna. El icono de la loci\u00f3n dominicana, Francis Mendez fue el maestro de ceremonia.<\/p>\n\n\n\n<p>Ver: https:\/\/www.youtube.com\/watch?v=Ob0kxiTBHd4 <\/p>\n\n\n\n<p>\u25baBase de taxi High Class Bronx: Taxistas en el Alto Manhattan y El Bronx est\u00e1n aplaudiendo que la base de taxi High Class, que preside el ex taxista Antonio Cabrera (Tuly), se haya escogido para iniciar las demandas contra el Concejo Municipal de NYC y la Comisi\u00f3n de Taxis y Limusinas (TLC siglas en ingl\u00e9s). Las mismas las har\u00e1 el concejal Ydanis Ram\u00edrez, candidato a Defensor del Pueblo, en las elecciones a celebrarse este martes en la ciudad, que introducir\u00e1 en las pr\u00f3ximas semanas una legislaci\u00f3n para establecer un programa de rescate para ciertos propietarios de medallones de taxis en funci\u00f3n de la crisis financiera de cada caso. Su propuesta tambi\u00e9n contempla una moratoria para los conductores de taxis que enfrentan enormes multas emitidas por la TLC que se han acumulado con el tiempo, y excluyen a los conductores de taxis del recargo estatal. En la ciudad hay unos 180 mil taxistas y de ellos el 55 % son de origen dominicano, de los cuales dependen miles de familias, tanto en NY como en RD, y muchos de esos familiares en la Gran Manzana han catalogado al Concejo Municipal y TLC como injustos, arbitrarios, indolentes y hasta anti inmigrantes, que no les importa  la clase trabajadora. \u00a1Ay!<\/p>\n\n\n\n<p>\u25baDiplomacia y Asuntos Consulares: El p\u00fablico en general est\u00e1 siendo invitado a la apertura del curso semipresencial en Diplomacia y Asuntos Consulares, con la conferencia \u201cLa Geopol\u00edtica para comprender el Nuevo Orden Mundial\u201d que ofrecer\u00e1, gratuitamente, el catedr\u00e1tico e intelectual Iv\u00e1n Gat\u00f3n, considerado el dominicano de m\u00e1s amplio y profundo conocimiento sobre temas diplom\u00e1ticos del pa\u00eds caribe\u00f1o. Posee maestr\u00eda en estudios diplom\u00e1ticos, extracurriculares, y avanzados en varias universidades del mundo, e imparte c\u00e1tedra en 4 universidades de la RD. Este evento ser\u00e1 el pr\u00f3ximo viernes d\u00eda primero, a partir de las 7:00 p.m, en el Comisionado de Cultura, ubicado en el 541 de la calle 145. Mayor informaci\u00f3n: 646-500-1504 o www.arislico02@gmail.com \u00a1Ah! En el mismo Comisionado, al otro d\u00eda s\u00e1bado, el mismo profesor inicia un curso, durante los pr\u00f3ximos 4 s\u00e1bados con cupo limitado, desde las 12:00 hasta las  6:00 de la tarde. \u25baPrimera charla, d\u00eda 2: Organizaci\u00f3n de la Comunidad Internacional. \u25baSegunda, d\u00eda 9: Evoluci\u00f3n del Ministerio de Relaciones Exteriores. \u25baTercera, d\u00eda 16: Legislaci\u00f3n y Pr\u00e1ctica Consular. \u25baCuarta, d\u00eda 23: Pr\u00e1ctica y Redacci\u00f3n Deplom\u00e1tica.<\/p>\n\n\n\n<p>\u25baUn valor dominicano en NY: Laura de Rodr\u00edguez, directora de la Fundaci\u00f3n en Defensa de los Dominicanos en Norteam\u00e9rica y el Exterior (FDDNE) en EE.UU, con oficina principal en la RD (C: 2da. No. 13, Sector Los Arroyos, Arroyo Hondo Viejo, 809-549-4954) con su labor social ha beneficiado desde USA a cientos de personas de escasos recursos en el pa\u00eds caribe\u00f1o, desde hace varios a\u00f1os, entregando sillas de ruedas, camas para hospitales, canastillas para parturientas, \u00fatiles escolares, servicios m\u00e9dicos y funerarios, asignaci\u00f3n de becas a estudiantes meritorios, y ayudas a personas afectadas por fen\u00f3menos naturales o siniestros, m\u00e1s asesor\u00eda legal para connacionales con problemas en Dominicana. Estas ayudas se efect\u00faan a trav\u00e9s de solicitudes por parte de dominicanos residentes en EE.UU y Canad\u00e1, llamando a los tel\u00e9fonos 917-829-8406 y 917-285-7148. Si usted la ve caminar por ah\u00ed, como lo hace de costumbre, d\u00edgale \u201cLaura, usted es un valor dominicano en NY.\u201d<\/p>\n\n\n\n<p>\u25baServicio comunitario: La Oficina del Estado de NY para Personas con Discapacidades del Desarrollo (OPWDD) ya posee las tarjetas de identificaci\u00f3n para personas con discapacidades intelectuales y del habla, que permitir\u00e1 a una persona con una discapacidad del desarrollo, como el autismo, comunicar m\u00e1s f\u00e1cilmente informaci\u00f3n importante sobre su diagn\u00f3stico a la polic\u00eda y los param\u00e9dicos en caso de una emergencia. Para solicitarla visitar: https:\/\/opwdd.ny.gov\/iddidcards<\/p>\n\n\n\n<p>\u25baCultura General: El Bronx es uno de los condados que m\u00e1s ha cambiado en NY en los \u00faltimos a\u00f1os y es el tercero m\u00e1s poblado en EE.UU, con 1 mill\u00f3n 471 mil habitantes y 42 mi\u00b2. Es la cuna del rap y del hip hop; en sus calles se hablan m\u00e1s de 75 lenguas distintas, aunque el ingl\u00e9s y el espa\u00f1ol predominan. Los 3 lugares m\u00e1s visitados: El Zool\u00f3gico, Estadio de los Yankees y el Jard\u00edn Bot\u00e1nico. Fue parte de Westchester; en 1874 fue anexado NYC, creado en 1914 cuando se desarroll\u00f3 urban\u00edsticamente. Es el \u00fanico condado de NY que es parte del continente y no est\u00e1 en una isla. Es el \u00faltimo de los 62 condados fundadosque tiene el estado.<\/p>\n\n\n\n<p>\u25baTurismo en RD: Los mejores lugares tur\u00edsticos en RD: 1) Ciudad Colonial de Santo Domingo. 2) Dunas de Ban\u00ed. 3) Pen\u00ednsula de Saman\u00e1. 4) Parque Nacional Los Haitises. 5) Punta Cana. 6) San Felipe de Puerto Plata. 7) Los 27 Charcos de Damajagua. 8) Bayahibe. 9) Isla Saona. 10) Bah\u00eda de las \u00c1guilas.<\/p>\n\n\n\n<p>\u25baD\u00f3lar, euro y combustibles en RD: Hasta este domingo: \u25baCompra del d\u00f3lar 50.08 y venta 50.49 \u25baCompra euro 56.05 pesos y venta 59.66 \u25baGal\u00f3n de gasolina Premium 224.60 y regular 212.60 \u25baGasoil Premium 201.50 y regular 191.20 \u25baKerosene 176.10 \u25baGas Licuado de Petr\u00f3leo (GLP o propano) 111.60 \u25ba Gas Natural Vehicular 28.97<\/p>\n\n\n\n<p>\u25baNuestro idioma: Impostor = Que se hace pasar por otra persona o por lo que no es. Afrenta = Hecho o insulto que ofende gravemente a una persona por atentar contra su dignidad, honor, y credibilidad.<\/p>\n\n\n\n<p>\u25baCita hist\u00f3rica: \u201cEl T\u00edtulo te da derecho al trono, pero los hombres no siguen t\u00edtulos, siguen el valor.\u201d (William Wallace, uno de los h\u00e9roes nacionales m\u00e1s grandes de Escocia.)<\/p>\n\n\n\n<p>\u25baRefr\u00e1n y significado: \u201cA Pan Duro, Dientes Agudos\u201d = Para superar las dificultades, es necesario esforzarse.<\/p>\n\n\n\n<p>\u25baPara comunicarse con nosotros: santodomingoaldia@yahoo.com \u2026Tel\u00e9f. 917-858-3660<\/p>\n\n\n\n<p style=\"text-align:right\">Ram\u00f3n Mercedes<br> <em>Periodista<\/em><\/p>\n","protected":false},"excerpt":{"rendered":"<p>\u201cPeriodismo informativo y cr\u00edtico al servicio de la comunidad\u00bb \u25baLa Margaret Thatcher del PRM lleg\u00f3 a NY: Margaret Thatcher fue primera ministra de Inglaterra (1979-1990) y se le conoci\u00f3 como \u201cLa dama de hierro\u201d por su tes\u00f3n y estilo agresivo a la hora de negociar. Dos aguerridas dirigentes del PRM-NY nos confirmaron, reservando sus identidades, [&hellip;]<\/p>\n","protected":false},"author":1,"featured_media":0,"comment_status":"open","ping_status":"open","sticky":false,"template":"","format":"standard","meta":{"_bbp_topic_count":0,"_bbp_reply_count":0,"_bbp_total_topic_count":0,"_bbp_total_reply_count":0,"_bbp_voice_count":0,"_bbp_anonymous_reply_count":0,"_bbp_topic_count_hidden":0,"_bbp_reply_count_hidden":0,"_bbp_forum_subforum_count":0,"footnotes":""},"categories":[33],"tags":[],"class_list":{"0":"post-315396","1":"post","2":"type-post","3":"status-publish","4":"format-standard","6":"category-opinion"},"_links":{"self":[{"href":"https:\/\/primermomento.com\/index.php?rest_route=\/wp\/v2\/posts\/315396","targetHints":{"allow":["GET"]}}],"collection":[{"href":"https:\/\/primermomento.com\/index.php?rest_route=\/wp\/v2\/posts"}],"about":[{"href":"https:\/\/primermomento.com\/index.php?rest_route=\/wp\/v2\/types\/post"}],"author":[{"embeddable":true,"href":"https:\/\/primermomento.com\/index.php?rest_route=\/wp\/v2\/users\/1"}],"replies":[{"embeddable":true,"href":"https:\/\/primermomento.com\/index.php?rest_route=%2Fwp%2Fv2%2Fcomments&post=315396"}],"version-history":[{"count":1,"href":"https:\/\/primermomento.com\/index.php?rest_route=\/wp\/v2\/posts\/315396\/revisions"}],"predecessor-version":[{"id":315397,"href":"https:\/\/primermomento.com\/index.php?rest_route=\/wp\/v2\/posts\/315396\/revisions\/315397"}],"wp:attachment":[{"href":"https:\/\/primermomento.com\/index.php?rest_route=%2Fwp%2Fv2%2Fmedia&parent=315396"}],"wp:term":[{"taxonomy":"category","embeddable":true,"href":"https:\/\/primermomento.com\/index.php?rest_route=%2Fwp%2Fv2%2Fcategories&post=315396"},{"taxonomy":"post_tag","embeddable":true,"href":"https:\/\/primermomento.com\/index.php?rest_route=%2Fwp%2Fv2%2Ftags&post=315396"}],"curies":[{"name":"wp","href":"https:\/\/api.w.org\/{rel}","templated":true}]}}