{"id":315563,"date":"2019-03-04T09:15:21","date_gmt":"2019-03-04T13:15:21","guid":{"rendered":"http:\/\/primermomento.com\/?p=315563"},"modified":"2019-03-04T09:15:23","modified_gmt":"2019-03-04T13:15:23","slug":"cp-del-pld-se-reune-para-tratar-comicios-del-2020","status":"publish","type":"post","link":"https:\/\/primermomento.com\/?p=315563","title":{"rendered":"CP del PLD se re\u00fane para tratar comicios del 2020"},"content":{"rendered":"\n<p> SANTO DOMINGO, Rep\u00fablica Dominicana.- El Comit\u00e9 Pol\u00edtico del Partido de la  Liberaci\u00f3n Dominicana (PLD), se reunir\u00e1 hoy en esta capital con car\u00e1cter  ordinario para tratar, entre otros temas, la organizaci\u00f3n del proceso  electoral de cara a los comicios de 2020.                         <br>                          <\/p>\n\n\n\n<figure class=\"wp-block-image\"><img loading=\"lazy\" decoding=\"async\" width=\"580\" height=\"386\" src=\"http:\/\/primermomento.com\/wp-content\/uploads\/2018\/02\/comite-politico-pld.jpg\" alt=\"\" class=\"wp-image-298922\" srcset=\"https:\/\/primermomento.com\/wp-content\/uploads\/2018\/02\/comite-politico-pld.jpg 580w, https:\/\/primermomento.com\/wp-content\/uploads\/2018\/02\/comite-politico-pld-300x200.jpg 300w, https:\/\/primermomento.com\/wp-content\/uploads\/2018\/02\/comite-politico-pld-73x50.jpg 73w, https:\/\/primermomento.com\/wp-content\/uploads\/2018\/02\/comite-politico-pld-500x333.jpg 500w, https:\/\/primermomento.com\/wp-content\/uploads\/2018\/02\/comite-politico-pld-280x186.jpg 280w, https:\/\/primermomento.com\/wp-content\/uploads\/2018\/02\/comite-politico-pld-60x40.jpg 60w, https:\/\/primermomento.com\/wp-content\/uploads\/2018\/02\/comite-politico-pld-118x79.jpg 118w, https:\/\/primermomento.com\/wp-content\/uploads\/2018\/02\/comite-politico-pld-479x319.jpg 479w\" sizes=\"auto, (max-width: 580px) 100vw, 580px\" \/><\/figure>\n\n\n\n<p>El encuentro se efectuar\u00e1 en el sal\u00f3n Juan Bosch de la Oficina  Presidencial de esa organizaci\u00f3n pol\u00edtica, ubicada en la zona  universitaria de Santo Domingo, y se espera la asistencia de la  totalidad de los miembros del Comit\u00e9.<\/p>\n\n\n\n<p> Seg\u00fan una nota de prensa \nde la Direcci\u00f3n de Comunicaciones del PLD, la reuni\u00f3n tiene car\u00e1cter \nordinario, por lo tanto, los temas a tratar se unifican y presentan al \npleno del organismo para su discusi\u00f3n.<\/p>\n\n\n\n<p> El Comit\u00e9 Pol\u00edtico del PLD es el ente ejecutivo del Comit\u00e9 Central y est\u00e1 integrado por 34 miembros. <\/p>\n\n\n\n<p style=\"text-align:right\">PL<\/p>\n","protected":false},"excerpt":{"rendered":"<p>SANTO DOMINGO, Rep\u00fablica Dominicana.- El Comit\u00e9 Pol\u00edtico del Partido de la Liberaci\u00f3n Dominicana (PLD), se reunir\u00e1 hoy en esta capital con car\u00e1cter ordinario para tratar, entre otros temas, la organizaci\u00f3n del proceso electoral de cara a los comicios de 2020. El encuentro se efectuar\u00e1 en el sal\u00f3n Juan Bosch de la Oficina Presidencial de esa [&hellip;]<\/p>\n","protected":false},"author":1,"featured_media":0,"comment_status":"open","ping_status":"open","sticky":false,"template":"","format":"standard","meta":{"_bbp_topic_count":0,"_bbp_reply_count":0,"_bbp_total_topic_count":0,"_bbp_total_reply_count":0,"_bbp_voice_count":0,"_bbp_anonymous_reply_count":0,"_bbp_topic_count_hidden":0,"_bbp_reply_count_hidden":0,"_bbp_forum_subforum_count":0,"footnotes":""},"categories":[30,60],"tags":[],"class_list":{"0":"post-315563","1":"post","2":"type-post","3":"status-publish","4":"format-standard","6":"category-actualidad","7":"category-titulares-del-dia"},"_links":{"self":[{"href":"https:\/\/primermomento.com\/index.php?rest_route=\/wp\/v2\/posts\/315563","targetHints":{"allow":["GET"]}}],"collection":[{"href":"https:\/\/primermomento.com\/index.php?rest_route=\/wp\/v2\/posts"}],"about":[{"href":"https:\/\/primermomento.com\/index.php?rest_route=\/wp\/v2\/types\/post"}],"author":[{"embeddable":true,"href":"https:\/\/primermomento.com\/index.php?rest_route=\/wp\/v2\/users\/1"}],"replies":[{"embeddable":true,"href":"https:\/\/primermomento.com\/index.php?rest_route=%2Fwp%2Fv2%2Fcomments&post=315563"}],"version-history":[{"count":1,"href":"https:\/\/primermomento.com\/index.php?rest_route=\/wp\/v2\/posts\/315563\/revisions"}],"predecessor-version":[{"id":315564,"href":"https:\/\/primermomento.com\/index.php?rest_route=\/wp\/v2\/posts\/315563\/revisions\/315564"}],"wp:attachment":[{"href":"https:\/\/primermomento.com\/index.php?rest_route=%2Fwp%2Fv2%2Fmedia&parent=315563"}],"wp:term":[{"taxonomy":"category","embeddable":true,"href":"https:\/\/primermomento.com\/index.php?rest_route=%2Fwp%2Fv2%2Fcategories&post=315563"},{"taxonomy":"post_tag","embeddable":true,"href":"https:\/\/primermomento.com\/index.php?rest_route=%2Fwp%2Fv2%2Ftags&post=315563"}],"curies":[{"name":"wp","href":"https:\/\/api.w.org\/{rel}","templated":true}]}}