{"id":315565,"date":"2019-03-04T09:20:00","date_gmt":"2019-03-04T13:20:00","guid":{"rendered":"http:\/\/primermomento.com\/?p=315565"},"modified":"2019-03-04T09:21:04","modified_gmt":"2019-03-04T13:21:04","slug":"con-ausencia-de-varias-provincias-carnaval","status":"publish","type":"post","link":"https:\/\/primermomento.com\/?p=315565","title":{"rendered":"Sin participaci\u00f3n de provincias celebran carnaval 2019"},"content":{"rendered":"\n<p>SANTO DOMINGO, Rep\u00fablica Dominicana.- Con el Desfile Nacional en el malec\u00f3n de esta capital, se celebr\u00f3 el Carnaval-2019 en Santo Domingo, Rep\u00fablica Dominicana.                         <br>                          <\/p>\n\n\n\n<figure class=\"wp-block-image\"><img loading=\"lazy\" decoding=\"async\" width=\"748\" height=\"498\" src=\"http:\/\/primermomento.com\/wp-content\/uploads\/2019\/03\/y-carnaval-dominicana.jpg\" alt=\"\" class=\"wp-image-315566\" srcset=\"https:\/\/primermomento.com\/wp-content\/uploads\/2019\/03\/y-carnaval-dominicana.jpg 748w, https:\/\/primermomento.com\/wp-content\/uploads\/2019\/03\/y-carnaval-dominicana-300x200.jpg 300w, https:\/\/primermomento.com\/wp-content\/uploads\/2019\/03\/y-carnaval-dominicana-73x50.jpg 73w, https:\/\/primermomento.com\/wp-content\/uploads\/2019\/03\/y-carnaval-dominicana-500x333.jpg 500w, https:\/\/primermomento.com\/wp-content\/uploads\/2019\/03\/y-carnaval-dominicana-280x186.jpg 280w, https:\/\/primermomento.com\/wp-content\/uploads\/2019\/03\/y-carnaval-dominicana-60x40.jpg 60w, https:\/\/primermomento.com\/wp-content\/uploads\/2019\/03\/y-carnaval-dominicana-638x425.jpg 638w, https:\/\/primermomento.com\/wp-content\/uploads\/2019\/03\/y-carnaval-dominicana-118x79.jpg 118w, https:\/\/primermomento.com\/wp-content\/uploads\/2019\/03\/y-carnaval-dominicana-479x319.jpg 479w\" sizes=\"auto, (max-width: 748px) 100vw, 748px\" \/><\/figure>\n\n\n\n<p>Cientos de personas se dieron cita en el malec\u00f3n para en un d\u00eda de buen  clima disfrutar del colorido, la m\u00fasica y los disfraces de las comparsas  que participaron en el esperado desfile.<\/p>\n\n\n\n<p> A pesar de la ausencia\n de varias representaciones provinciales, durante m\u00e1s de dos horas las \nque estuvieron presentes deleitaron al p\u00fablico con sus pasos y \ncontagiosos ritmos, que hicieron a m\u00e1s de uno arrollar detr\u00e1s de ellas.<\/p>\n\n\n\n<p>\n El Ministerio de Cultura hab\u00eda anunciado que el Desfile estar\u00eda \ndedicado a la provincia de Puerto Plata, territorio que a lo largo de \nlos a\u00f1os desarroll\u00f3 una de las expresiones m\u00e1s emblem\u00e1ticas de la \ncultura nacional, pero esta decidi\u00f3 no asistir a las celebraci\u00f3n y su \nlugar lo ocup\u00f3 Barahona.<\/p>\n\n\n\n<p> El rey y la reina del Carnaval fueron  los actores Frank Perozo y Nashla Bogaert, en reconocimiento a sus  aportes al desarrollo y proyecci\u00f3n del cine dominicano, y se rindi\u00f3  homenaje a la soberana de la canci\u00f3n, la dominicana Casandra Damir\u00f3n.  <\/p>\n\n\n\n<p>Entre las comparsas presentes estuvieron las de Barahona, Ban\u00ed, Azua,  San Crist\u00f3bal, Santa Cruz de El Seibo, Hato Mayor del Rey, Mao,  Valverde, Monse\u00f1or Nouel, S\u00e1nchez Ram\u00edrez, Cotu\u00ed y Santiago de los  Caballeros. <\/p>\n\n\n\n<p style=\"text-align:right\">PL<\/p>\n\n\n\n<p><\/p>\n","protected":false},"excerpt":{"rendered":"<p>SANTO DOMINGO, Rep\u00fablica Dominicana.- Con el Desfile Nacional en el malec\u00f3n de esta capital, se celebr\u00f3 el Carnaval-2019 en Santo Domingo, Rep\u00fablica Dominicana. Cientos de personas se dieron cita en el malec\u00f3n para en un d\u00eda de buen clima disfrutar del colorido, la m\u00fasica y los disfraces de las comparsas que participaron en el esperado [&hellip;]<\/p>\n","protected":false},"author":1,"featured_media":0,"comment_status":"open","ping_status":"open","sticky":false,"template":"","format":"standard","meta":{"_bbp_topic_count":0,"_bbp_reply_count":0,"_bbp_total_topic_count":0,"_bbp_total_reply_count":0,"_bbp_voice_count":0,"_bbp_anonymous_reply_count":0,"_bbp_topic_count_hidden":0,"_bbp_reply_count_hidden":0,"_bbp_forum_subforum_count":0,"footnotes":""},"categories":[60,32],"tags":[],"class_list":{"0":"post-315565","1":"post","2":"type-post","3":"status-publish","4":"format-standard","6":"category-titulares-del-dia","7":"category-lo-ultimo"},"_links":{"self":[{"href":"https:\/\/primermomento.com\/index.php?rest_route=\/wp\/v2\/posts\/315565","targetHints":{"allow":["GET"]}}],"collection":[{"href":"https:\/\/primermomento.com\/index.php?rest_route=\/wp\/v2\/posts"}],"about":[{"href":"https:\/\/primermomento.com\/index.php?rest_route=\/wp\/v2\/types\/post"}],"author":[{"embeddable":true,"href":"https:\/\/primermomento.com\/index.php?rest_route=\/wp\/v2\/users\/1"}],"replies":[{"embeddable":true,"href":"https:\/\/primermomento.com\/index.php?rest_route=%2Fwp%2Fv2%2Fcomments&post=315565"}],"version-history":[{"count":2,"href":"https:\/\/primermomento.com\/index.php?rest_route=\/wp\/v2\/posts\/315565\/revisions"}],"predecessor-version":[{"id":315568,"href":"https:\/\/primermomento.com\/index.php?rest_route=\/wp\/v2\/posts\/315565\/revisions\/315568"}],"wp:attachment":[{"href":"https:\/\/primermomento.com\/index.php?rest_route=%2Fwp%2Fv2%2Fmedia&parent=315565"}],"wp:term":[{"taxonomy":"category","embeddable":true,"href":"https:\/\/primermomento.com\/index.php?rest_route=%2Fwp%2Fv2%2Fcategories&post=315565"},{"taxonomy":"post_tag","embeddable":true,"href":"https:\/\/primermomento.com\/index.php?rest_route=%2Fwp%2Fv2%2Ftags&post=315565"}],"curies":[{"name":"wp","href":"https:\/\/api.w.org\/{rel}","templated":true}]}}