{"id":315572,"date":"2019-03-04T09:27:53","date_gmt":"2019-03-04T13:27:53","guid":{"rendered":"http:\/\/primermomento.com\/?p=315572"},"modified":"2019-03-04T09:27:55","modified_gmt":"2019-03-04T13:27:55","slug":"gobernador-de-puerto-rico-buscara-su-reeleccion-en-comicios-de-2020","status":"publish","type":"post","link":"https:\/\/primermomento.com\/?p=315572","title":{"rendered":"Gobernador de Puerto Rico buscar\u00e1 su reelecci\u00f3n en comicios de 2020"},"content":{"rendered":"\n<p> SAN JUAN, Puerto Rico.- El gobernador de Puerto Rico, Ricardo  Rossell\u00f3 Nevares, anunci\u00f3 su candidatura a la reelecci\u00f3n para los  comicios de noviembre de 2020, con la promesa de alcanzar la anexi\u00f3n de  la Isla a Estados Unidos.                         <br>                          <\/p>\n\n\n\n<figure class=\"wp-block-image\"><img loading=\"lazy\" decoding=\"async\" width=\"748\" height=\"498\" src=\"http:\/\/primermomento.com\/wp-content\/uploads\/2019\/03\/Ricardo-Rossell\u00f3-Nevares.jpg\" alt=\"\" class=\"wp-image-315573\" srcset=\"https:\/\/primermomento.com\/wp-content\/uploads\/2019\/03\/Ricardo-Rossell\u00f3-Nevares.jpg 748w, https:\/\/primermomento.com\/wp-content\/uploads\/2019\/03\/Ricardo-Rossell\u00f3-Nevares-300x200.jpg 300w, https:\/\/primermomento.com\/wp-content\/uploads\/2019\/03\/Ricardo-Rossell\u00f3-Nevares-73x50.jpg 73w, https:\/\/primermomento.com\/wp-content\/uploads\/2019\/03\/Ricardo-Rossell\u00f3-Nevares-500x333.jpg 500w, https:\/\/primermomento.com\/wp-content\/uploads\/2019\/03\/Ricardo-Rossell\u00f3-Nevares-280x186.jpg 280w, https:\/\/primermomento.com\/wp-content\/uploads\/2019\/03\/Ricardo-Rossell\u00f3-Nevares-60x40.jpg 60w, https:\/\/primermomento.com\/wp-content\/uploads\/2019\/03\/Ricardo-Rossell\u00f3-Nevares-638x425.jpg 638w, https:\/\/primermomento.com\/wp-content\/uploads\/2019\/03\/Ricardo-Rossell\u00f3-Nevares-118x79.jpg 118w, https:\/\/primermomento.com\/wp-content\/uploads\/2019\/03\/Ricardo-Rossell\u00f3-Nevares-479x319.jpg 479w\" sizes=\"auto, (max-width: 748px) 100vw, 748px\" \/><figcaption> Ricardo  Rossell\u00f3 Nevares <\/figcaption><\/figure>\n\n\n\n<p>Bajo el lema &#8216;Visi\u00f3n 2020&#8217;, el gobernante puertorrique\u00f1o proclam\u00f3  &#8216;vamos, vamos, vamos unidos para el triunfo&#8217; ante cientos de dirigentes y  militantes del Partido Nuevo Progresista (PNP) reunidos en el Centro de  Convenciones, en el sector capitalino de Miramar.<\/p>\n\n\n\n<p> Su anuncio, \nque no caus\u00f3 sorpresas, se produce despu\u00e9s de poco m\u00e1s de dos a\u00f1os en el\n gobierno sin conseguir trazar una ruta de recuperaci\u00f3n fiscal, como \ntampoco de la cat\u00e1strofe que represent\u00f3 en septiembre de 2017 el hurac\u00e1n\n Mar\u00eda, que mantiene a unas 40 mil familias sin techo en sus casas.<\/p>\n\n\n\n<p>\n Algunos analistas consideran extempor\u00e1nea la candidatura, mas otros \nopinan que de este modo desea cortar el paso a cualquier intento de ser \nretado, en particular por el presidente del Senado, Thomas Rivera \nSchatz, o la comisionada residente en Washington, Jenniffer Gonz\u00e1lez \nCol\u00f3n, ambos presentes en el acto.<\/p>\n\n\n\n<p> Gonz\u00e1lez Col\u00f3n se dirigi\u00f3 a \nlos presentes, aludiendo a la alcaldesa de San Juan, Carmen Yul\u00edn Cruz \nSoto, del Partido Popular Democr\u00e1tico (PPD), a la que acus\u00f3 de ir a \nWashington como soberanista cuando en realidad quiere la independencia \npara Puerto Rico.<\/p>\n\n\n\n<p> Cruz Soto es vista como una potencial rival \ndel gobernador y de la propia delegada en Washington, pero no ser\u00e1 hasta\n el 22 de marzo que anuncie sus aspiraciones, ya que no se volver\u00e1 a \npostular a la alcald\u00eda de San Juan.<\/p>\n\n\n\n<p> Rossell\u00f3 Nevares anunci\u00f3 \nesta \u00faltima semana la realizaci\u00f3n de una consulta &#8216;estadidad s\u00ed o no&#8217;, \ncon lo que pretende conseguir una mayor\u00eda ficticia a favor de la anexi\u00f3n\n plena a Estados Unidos, aunque cuenta con un 42 por ciento del \nelectorado.<\/p>\n\n\n\n<p> Su promesa de ser el \u00faltimo gobernador de esta \ncolonia estadounidense, acaba de trasladarla para el pr\u00f3ximo cuatrienio,\n pese a la referencia a la palabra estadidad y uso de banderas de \nEstados Unidos, que el PNP hab\u00eda relegado en los \u00faltimos a\u00f1os para \nemplear una aparente ret\u00f3rica puertorrique\u00f1ista.<\/p>\n\n\n\n<p> Pese a que su \ngobierno se ha caracterizado por la falta de transparencia, Rossell\u00f3 \nNevares se comprometi\u00f3 a seguir rindiendo cuentas de su gesti\u00f3n de \ngobierno.<\/p>\n\n\n\n<p> Para sumar simpat\u00edas en los sectores m\u00e1s extremistas  del PNP, Rossell\u00f3 Nevares lanz\u00f3 ataques al gobierno constitucional de  Nicol\u00e1s Maduro, al comprometerse a que Puerto Rico estar\u00e1 combatiendo y  procurando por una nueva Venezuela. <\/p>\n\n\n\n<p style=\"text-align:right\">PL<\/p>\n","protected":false},"excerpt":{"rendered":"<p>SAN JUAN, Puerto Rico.- El gobernador de Puerto Rico, Ricardo Rossell\u00f3 Nevares, anunci\u00f3 su candidatura a la reelecci\u00f3n para los comicios de noviembre de 2020, con la promesa de alcanzar la anexi\u00f3n de la Isla a Estados Unidos. Bajo el lema &#8216;Visi\u00f3n 2020&#8217;, el gobernante puertorrique\u00f1o proclam\u00f3 &#8216;vamos, vamos, vamos unidos para el triunfo&#8217; ante [&hellip;]<\/p>\n","protected":false},"author":1,"featured_media":0,"comment_status":"open","ping_status":"open","sticky":false,"template":"","format":"standard","meta":{"_bbp_topic_count":0,"_bbp_reply_count":0,"_bbp_total_topic_count":0,"_bbp_total_reply_count":0,"_bbp_voice_count":0,"_bbp_anonymous_reply_count":0,"_bbp_topic_count_hidden":0,"_bbp_reply_count_hidden":0,"_bbp_forum_subforum_count":0,"footnotes":""},"categories":[60,31],"tags":[],"class_list":{"0":"post-315572","1":"post","2":"type-post","3":"status-publish","4":"format-standard","6":"category-titulares-del-dia","7":"category-estados-unidos"},"_links":{"self":[{"href":"https:\/\/primermomento.com\/index.php?rest_route=\/wp\/v2\/posts\/315572","targetHints":{"allow":["GET"]}}],"collection":[{"href":"https:\/\/primermomento.com\/index.php?rest_route=\/wp\/v2\/posts"}],"about":[{"href":"https:\/\/primermomento.com\/index.php?rest_route=\/wp\/v2\/types\/post"}],"author":[{"embeddable":true,"href":"https:\/\/primermomento.com\/index.php?rest_route=\/wp\/v2\/users\/1"}],"replies":[{"embeddable":true,"href":"https:\/\/primermomento.com\/index.php?rest_route=%2Fwp%2Fv2%2Fcomments&post=315572"}],"version-history":[{"count":1,"href":"https:\/\/primermomento.com\/index.php?rest_route=\/wp\/v2\/posts\/315572\/revisions"}],"predecessor-version":[{"id":315574,"href":"https:\/\/primermomento.com\/index.php?rest_route=\/wp\/v2\/posts\/315572\/revisions\/315574"}],"wp:attachment":[{"href":"https:\/\/primermomento.com\/index.php?rest_route=%2Fwp%2Fv2%2Fmedia&parent=315572"}],"wp:term":[{"taxonomy":"category","embeddable":true,"href":"https:\/\/primermomento.com\/index.php?rest_route=%2Fwp%2Fv2%2Fcategories&post=315572"},{"taxonomy":"post_tag","embeddable":true,"href":"https:\/\/primermomento.com\/index.php?rest_route=%2Fwp%2Fv2%2Ftags&post=315572"}],"curies":[{"name":"wp","href":"https:\/\/api.w.org\/{rel}","templated":true}]}}