{"id":315580,"date":"2019-03-04T09:36:19","date_gmt":"2019-03-04T13:36:19","guid":{"rendered":"http:\/\/primermomento.com\/?p=315580"},"modified":"2019-03-04T09:36:20","modified_gmt":"2019-03-04T13:36:20","slug":"guaido-anuncia-su-regreso-y-convoca-movilizacion-este-lunes","status":"publish","type":"post","link":"https:\/\/primermomento.com\/?p=315580","title":{"rendered":"Guaid\u00f3 anuncia su regreso y convoca movilizaci\u00f3n este lunes"},"content":{"rendered":"\n<p>CARACAS, Venezuela.- El autoproclamado presidente encargado de Venezuela, Juan Guaid\u00f3, anunci\u00f3 el fin de  semana su regreso al pa\u00eds despu\u00e9s de una visita por pa\u00edses de la regi\u00f3n  en la que recibi\u00f3 el respaldo de gobiernos vecinos y convoc\u00f3 a una  movilizaci\u00f3n en todo el pa\u00eds para este lunes.<\/p>\n\n\n\n<figure class=\"wp-block-image\"><img loading=\"lazy\" decoding=\"async\" width=\"1023\" height=\"575\" src=\"http:\/\/primermomento.com\/wp-content\/uploads\/2019\/03\/Juan-Guaido.jpg\" alt=\"\" class=\"wp-image-315581\" srcset=\"https:\/\/primermomento.com\/wp-content\/uploads\/2019\/03\/Juan-Guaido.jpg 1023w, https:\/\/primermomento.com\/wp-content\/uploads\/2019\/03\/Juan-Guaido-300x169.jpg 300w, https:\/\/primermomento.com\/wp-content\/uploads\/2019\/03\/Juan-Guaido-768x432.jpg 768w, https:\/\/primermomento.com\/wp-content\/uploads\/2019\/03\/Juan-Guaido-478x270.jpg 478w, https:\/\/primermomento.com\/wp-content\/uploads\/2019\/03\/Juan-Guaido-216x120.jpg 216w, https:\/\/primermomento.com\/wp-content\/uploads\/2019\/03\/Juan-Guaido-500x281.jpg 500w, https:\/\/primermomento.com\/wp-content\/uploads\/2019\/03\/Juan-Guaido-280x157.jpg 280w, https:\/\/primermomento.com\/wp-content\/uploads\/2019\/03\/Juan-Guaido-638x359.jpg 638w, https:\/\/primermomento.com\/wp-content\/uploads\/2019\/03\/Juan-Guaido-118x66.jpg 118w, https:\/\/primermomento.com\/wp-content\/uploads\/2019\/03\/Juan-Guaido-479x269.jpg 479w\" sizes=\"auto, (max-width: 1023px) 100vw, 1023px\" \/><figcaption> <br>El presidente encargado de  Venezuela, Juan Guaid\u00f3, realiz\u00f3 una gira internacional que lo llev\u00f3 a  Colombia, Brasil, Paraguay, Argentina y Ecuador. <\/figcaption><\/figure>\n\n\n\n<p>Despu\u00e9s de reunirse con el presidente ecuatoriano, Lenin Moreno, en \nla ciudad costera de Salinas, Guaid\u00f3 valor\u00f3 el resultado de la gira que \nincluy\u00f3 a Colombia, Brasil, Paraguay, Argentina y Ecuador, donde se \nreuni\u00f3 con presidente y venezolanos exiliados.<\/p>\n\n\n\n<p>En un video divulgado en las redes sociales, Guaid\u00f3 pidi\u00f3 a los \nvenezonalos unidad y movilizarse en la calles este lunes y ma\u00f1ana \nmartes, dos d\u00edas que coinciden con la celebraci\u00f3n del carnaval en el \npa\u00eds sudamericano.<\/p>\n\n\n\n<p>\u00abPr\u00f3ximos pasos para los venezolanos, anuncio mi regreso a casa desde\n Ecuador, pa\u00eds hermano que hoy reinicia adem\u00e1s relaciones productivas \npor nuestros pueblos\u00bb, afirm\u00f3 Guaid\u00f3 en la rueda de prensa, sin dar m\u00e1s \ndetalles.<\/p>\n\n\n\n<p>Asegur\u00f3 que, a pesar de las fechas, hay \u00abpoco que celebrar y mucho que hacer\u00bb.<\/p>\n\n\n\n<p>\u00abLa \u00fanica forma de que el tiempo juegue a favor del r\u00e9gimen es que \nperdamos la movilizaci\u00f3n. Si hoy nos mantenemos unidos todos los \nfactores, no solamente los partidos pol\u00edticos, (sino) la Asamblea \nNacional, los estudiantes, la Iglesia, los sindicados, todos los \nsectores, por supuesto que la democracia y la libertad est\u00e1 muy cerca de\n ser conquistada\u00bb, dijo Guaid\u00f3.<\/p>\n\n\n\n<p>\u00abSi nos mantenemos movilizados tambi\u00e9n tenemos garantizado yr espaldado este proceso\u00bb, enfatiz\u00f3.<\/p>\n\n\n\n<p style=\"text-align:right\">VOANEWS<\/p>\n","protected":false},"excerpt":{"rendered":"<p>CARACAS, Venezuela.- El autoproclamado presidente encargado de Venezuela, Juan Guaid\u00f3, anunci\u00f3 el fin de semana su regreso al pa\u00eds despu\u00e9s de una visita por pa\u00edses de la regi\u00f3n en la que recibi\u00f3 el respaldo de gobiernos vecinos y convoc\u00f3 a una movilizaci\u00f3n en todo el pa\u00eds para este lunes. Despu\u00e9s de reunirse con el presidente [&hellip;]<\/p>\n","protected":false},"author":1,"featured_media":0,"comment_status":"open","ping_status":"open","sticky":false,"template":"","format":"standard","meta":{"_bbp_topic_count":0,"_bbp_reply_count":0,"_bbp_total_topic_count":0,"_bbp_total_reply_count":0,"_bbp_voice_count":0,"_bbp_anonymous_reply_count":0,"_bbp_topic_count_hidden":0,"_bbp_reply_count_hidden":0,"_bbp_forum_subforum_count":0,"footnotes":""},"categories":[60,61],"tags":[],"class_list":{"0":"post-315580","1":"post","2":"type-post","3":"status-publish","4":"format-standard","6":"category-titulares-del-dia","7":"category-mundo"},"_links":{"self":[{"href":"https:\/\/primermomento.com\/index.php?rest_route=\/wp\/v2\/posts\/315580","targetHints":{"allow":["GET"]}}],"collection":[{"href":"https:\/\/primermomento.com\/index.php?rest_route=\/wp\/v2\/posts"}],"about":[{"href":"https:\/\/primermomento.com\/index.php?rest_route=\/wp\/v2\/types\/post"}],"author":[{"embeddable":true,"href":"https:\/\/primermomento.com\/index.php?rest_route=\/wp\/v2\/users\/1"}],"replies":[{"embeddable":true,"href":"https:\/\/primermomento.com\/index.php?rest_route=%2Fwp%2Fv2%2Fcomments&post=315580"}],"version-history":[{"count":1,"href":"https:\/\/primermomento.com\/index.php?rest_route=\/wp\/v2\/posts\/315580\/revisions"}],"predecessor-version":[{"id":315582,"href":"https:\/\/primermomento.com\/index.php?rest_route=\/wp\/v2\/posts\/315580\/revisions\/315582"}],"wp:attachment":[{"href":"https:\/\/primermomento.com\/index.php?rest_route=%2Fwp%2Fv2%2Fmedia&parent=315580"}],"wp:term":[{"taxonomy":"category","embeddable":true,"href":"https:\/\/primermomento.com\/index.php?rest_route=%2Fwp%2Fv2%2Fcategories&post=315580"},{"taxonomy":"post_tag","embeddable":true,"href":"https:\/\/primermomento.com\/index.php?rest_route=%2Fwp%2Fv2%2Ftags&post=315580"}],"curies":[{"name":"wp","href":"https:\/\/api.w.org\/{rel}","templated":true}]}}