{"id":315583,"date":"2019-03-04T09:40:20","date_gmt":"2019-03-04T13:40:20","guid":{"rendered":"http:\/\/primermomento.com\/?p=315583"},"modified":"2019-03-04T09:40:22","modified_gmt":"2019-03-04T13:40:22","slug":"bolton-promete-respuesta-fuerte-y-significativa-si-le-pasa-algo-a-guaido","status":"publish","type":"post","link":"https:\/\/primermomento.com\/?p=315583","title":{"rendered":"Bolton promete respuesta \u00abfuerte y significativa\u00bb si le pasa algo a Guaid\u00f3"},"content":{"rendered":"\n<p>WASHINGTON, Distrito de Columbia.- El asesor de Seguridad Nacional de Estados Unidos, John Bolton,  advirti\u00f3 que su pa\u00eds dar\u00e1 una respuesta \u00abfuerte y significativa\u00bb en caso  de amenaza o cualquier acci\u00f3n contra el presidente interino de  Venezuela Juan Guaid\u00f3, quien tiene previsto regresar el lunes a la  naci\u00f3n sudamericana.<\/p>\n\n\n\n<figure class=\"wp-block-image\"><img loading=\"lazy\" decoding=\"async\" width=\"1023\" height=\"575\" src=\"http:\/\/primermomento.com\/wp-content\/uploads\/2019\/03\/John-Bolton.jpg\" alt=\"\" class=\"wp-image-315584\" srcset=\"https:\/\/primermomento.com\/wp-content\/uploads\/2019\/03\/John-Bolton.jpg 1023w, https:\/\/primermomento.com\/wp-content\/uploads\/2019\/03\/John-Bolton-300x169.jpg 300w, https:\/\/primermomento.com\/wp-content\/uploads\/2019\/03\/John-Bolton-768x432.jpg 768w, https:\/\/primermomento.com\/wp-content\/uploads\/2019\/03\/John-Bolton-478x270.jpg 478w, https:\/\/primermomento.com\/wp-content\/uploads\/2019\/03\/John-Bolton-216x120.jpg 216w, https:\/\/primermomento.com\/wp-content\/uploads\/2019\/03\/John-Bolton-500x281.jpg 500w, https:\/\/primermomento.com\/wp-content\/uploads\/2019\/03\/John-Bolton-280x157.jpg 280w, https:\/\/primermomento.com\/wp-content\/uploads\/2019\/03\/John-Bolton-638x359.jpg 638w, https:\/\/primermomento.com\/wp-content\/uploads\/2019\/03\/John-Bolton-118x66.jpg 118w, https:\/\/primermomento.com\/wp-content\/uploads\/2019\/03\/John-Bolton-479x269.jpg 479w\" sizes=\"auto, (max-width: 1023px) 100vw, 1023px\" \/><figcaption> <br>Estados Unidos ha sido clave en  el apoyo internacional que ha recibido Juan Guaid\u00f3 desde que se  jurament\u00f3 como presidente encargado de Venezuela el pasado 23 de enero  de 2019. <\/figcaption><\/figure>\n\n\n\n<p>El fin de semana Guaid\u00f3 anunci\u00f3 su regreso a Venezuela tras visitar a\n Colombia, Brasil, Paraguay, Argentina y Ecueador. Para su retorno \nconvoc\u00f3 movilizaciones en todo el pa\u00eds en aras de seguir presionando al \npresidente en disputa Nicol\u00e1s Maduro para que deje el cargo.<\/p>\n\n\n\n<p>Maduro ha dicho que Guaid\u00f3, a quien prohibi\u00f3 salir del pa\u00eds desde el  pasado 29 de enero, \u00abtendr\u00e1 que enfrentar la justicia (&#8230;) no puede ir y  venir\u00bb. Sin embargo, no ha precisado qu\u00e9 medidas podr\u00edan tomar en su  contra.<\/p>\n\n\n\n<p> \u00abEl presidente interino de Venezuela, Juan Guaid\u00f3, anunci\u00f3 su planeado  regreso a Venezuela. Cualquier amenaza o acto en contra de su retorno  seguro ser\u00e1 recibido con una respuesta fuerte y significativa de Estados  Unidos y la comunidad internacional\u00bb, escribi\u00f3 Bolton en su cuenta en  Twitter. <\/p>\n\n\n\n<p>Estados Unidos ha sido clave en el apoyo internacional que ha \nrecibido Guaid\u00f3 desde que se jurament\u00f3 como presidente encargado de \nVenezuela el pasado 23 de enero.<\/p>\n\n\n\n<p>Venezuela vive una profunda crisis pol\u00edtica, que se agudiz\u00f3 despu\u00e9s \nque Maduro asumi\u00f3 un segundo mandato el 10 de enero pasado, pese a que \nlas elecciones de mayo de 2018 fueron calificadas de ileg\u00edtimas dentro y\n fuera del pa\u00eds.<\/p>\n\n\n\n<p>A Maduro lo respaldan entre otros pa\u00edses como Rusia, China, Siria, Corea del Norte, Turqu\u00eda, Cuba y Bolivia.<\/p>\n\n\n\n<p>Naciones como M\u00e9xico y Uruguay han solicitado que se realice un  di\u00e1logo para resolver la crisis pero ni Guaid\u00f3, ni Estados Unidos  aceptan la medida, indicando que solo retrasar\u00eda la soluci\u00f3n de la  crisis.<\/p>\n\n\n\n<p style=\"text-align:right\">VOANEWS<\/p>\n\n\n\n<p><\/p>\n","protected":false},"excerpt":{"rendered":"<p>WASHINGTON, Distrito de Columbia.- El asesor de Seguridad Nacional de Estados Unidos, John Bolton, advirti\u00f3 que su pa\u00eds dar\u00e1 una respuesta \u00abfuerte y significativa\u00bb en caso de amenaza o cualquier acci\u00f3n contra el presidente interino de Venezuela Juan Guaid\u00f3, quien tiene previsto regresar el lunes a la naci\u00f3n sudamericana. El fin de semana Guaid\u00f3 anunci\u00f3 [&hellip;]<\/p>\n","protected":false},"author":1,"featured_media":0,"comment_status":"open","ping_status":"open","sticky":false,"template":"","format":"standard","meta":{"_bbp_topic_count":0,"_bbp_reply_count":0,"_bbp_total_topic_count":0,"_bbp_total_reply_count":0,"_bbp_voice_count":0,"_bbp_anonymous_reply_count":0,"_bbp_topic_count_hidden":0,"_bbp_reply_count_hidden":0,"_bbp_forum_subforum_count":0,"footnotes":""},"categories":[60,31],"tags":[],"class_list":{"0":"post-315583","1":"post","2":"type-post","3":"status-publish","4":"format-standard","6":"category-titulares-del-dia","7":"category-estados-unidos"},"_links":{"self":[{"href":"https:\/\/primermomento.com\/index.php?rest_route=\/wp\/v2\/posts\/315583","targetHints":{"allow":["GET"]}}],"collection":[{"href":"https:\/\/primermomento.com\/index.php?rest_route=\/wp\/v2\/posts"}],"about":[{"href":"https:\/\/primermomento.com\/index.php?rest_route=\/wp\/v2\/types\/post"}],"author":[{"embeddable":true,"href":"https:\/\/primermomento.com\/index.php?rest_route=\/wp\/v2\/users\/1"}],"replies":[{"embeddable":true,"href":"https:\/\/primermomento.com\/index.php?rest_route=%2Fwp%2Fv2%2Fcomments&post=315583"}],"version-history":[{"count":1,"href":"https:\/\/primermomento.com\/index.php?rest_route=\/wp\/v2\/posts\/315583\/revisions"}],"predecessor-version":[{"id":315585,"href":"https:\/\/primermomento.com\/index.php?rest_route=\/wp\/v2\/posts\/315583\/revisions\/315585"}],"wp:attachment":[{"href":"https:\/\/primermomento.com\/index.php?rest_route=%2Fwp%2Fv2%2Fmedia&parent=315583"}],"wp:term":[{"taxonomy":"category","embeddable":true,"href":"https:\/\/primermomento.com\/index.php?rest_route=%2Fwp%2Fv2%2Fcategories&post=315583"},{"taxonomy":"post_tag","embeddable":true,"href":"https:\/\/primermomento.com\/index.php?rest_route=%2Fwp%2Fv2%2Ftags&post=315583"}],"curies":[{"name":"wp","href":"https:\/\/api.w.org\/{rel}","templated":true}]}}