{"id":315618,"date":"2019-03-04T06:01:17","date_gmt":"2019-03-04T10:01:17","guid":{"rendered":"http:\/\/primermomento.com\/?p=315618"},"modified":"2019-03-04T20:03:33","modified_gmt":"2019-03-05T00:03:33","slug":"fifa-decidira-aplicacion-del-var-en-copa-del-mundo","status":"publish","type":"post","link":"https:\/\/primermomento.com\/?p=315618","title":{"rendered":"FIFA decidir\u00e1 aplicaci\u00f3n del VAR en Copa del Mundo"},"content":{"rendered":"\n<p> ZURICH, Suiza.- La FIFA decidir\u00e1 en su pr\u00f3ximo Consejo, a celebrarse en Miami el 14 y 15 de  marzo, sobre la implementaci\u00f3n del Videoarbitraje (VAR) durante la Copa  del Mundo Femenina de Francia-2019, anunciaron hoy fuentes del  organismo.                         <br>                          <\/p>\n\n\n\n<figure class=\"wp-block-image\"><img loading=\"lazy\" decoding=\"async\" width=\"748\" height=\"498\" src=\"http:\/\/primermomento.com\/wp-content\/uploads\/2019\/03\/00eFIFAVAR.jpg\" alt=\"\" class=\"wp-image-315619\" srcset=\"https:\/\/primermomento.com\/wp-content\/uploads\/2019\/03\/00eFIFAVAR.jpg 748w, https:\/\/primermomento.com\/wp-content\/uploads\/2019\/03\/00eFIFAVAR-300x200.jpg 300w, https:\/\/primermomento.com\/wp-content\/uploads\/2019\/03\/00eFIFAVAR-73x50.jpg 73w, https:\/\/primermomento.com\/wp-content\/uploads\/2019\/03\/00eFIFAVAR-500x333.jpg 500w, https:\/\/primermomento.com\/wp-content\/uploads\/2019\/03\/00eFIFAVAR-280x186.jpg 280w, https:\/\/primermomento.com\/wp-content\/uploads\/2019\/03\/00eFIFAVAR-60x40.jpg 60w, https:\/\/primermomento.com\/wp-content\/uploads\/2019\/03\/00eFIFAVAR-638x425.jpg 638w, https:\/\/primermomento.com\/wp-content\/uploads\/2019\/03\/00eFIFAVAR-118x79.jpg 118w, https:\/\/primermomento.com\/wp-content\/uploads\/2019\/03\/00eFIFAVAR-479x319.jpg 479w\" sizes=\"auto, (max-width: 748px) 100vw, 748px\" \/><\/figure>\n\n\n\n<p>La decisi\u00f3n sali\u00f3 a relucir este lunes en la reuni\u00f3n del Comit\u00e9  Organizador para las competiciones internacionales que preside el  esloveno Aleksander Ceferin, quien a su vez funge como presidente de la  UEFA.<\/p>\n\n\n\n<p> En esa sesi\u00f3n de trabajo, el presidente de la Comisi\u00f3n de \n\u00c1rbitros del ente mundial, el italiano Pierluigi Collina, present\u00f3 un \ninforme sobre el trabajo realizado para la posible implantaci\u00f3n del VAR \nen el certamen mundialista galo.<\/p>\n\n\n\n<p> &#8216;Sobre la base del trabajo \nrealizado en los \u00faltimos meses, la FIFA est\u00e1 contenta con los pasos \ndados y el excelente trabajo realizado por el equipo de arbitraje de la \nFIFA y las \u00e1rbitras involucradas&#8217;, coment\u00f3 el secretario general adjunto\n de la FIFA, Zvonimir Boba.<\/p>\n\n\n\n<p> Asimismo, agreg\u00f3 que &#8216;confiamos en \nproponer el uso del VAR en Francia para el Consejo de la FIFA, ya que \nsomos muy positivos sobre su implantaci\u00f3n&#8217;.<\/p>\n\n\n\n<p> Por otra parte, en  el encuentro tambi\u00e9n se analizaron, entre otros asuntos, los  preparativos para el Mundial sub-20 de Polonia-2019 y el progreso  realizado en la organizaci\u00f3n de la Copa del Mundo de Qatar-2022.<\/p>\n\n\n\n<p style=\"text-align:right\">PL<br><\/p>\n","protected":false},"excerpt":{"rendered":"<p>ZURICH, Suiza.- La FIFA decidir\u00e1 en su pr\u00f3ximo Consejo, a celebrarse en Miami el 14 y 15 de marzo, sobre la implementaci\u00f3n del Videoarbitraje (VAR) durante la Copa del Mundo Femenina de Francia-2019, anunciaron hoy fuentes del organismo. La decisi\u00f3n sali\u00f3 a relucir este lunes en la reuni\u00f3n del Comit\u00e9 Organizador para las competiciones internacionales [&hellip;]<\/p>\n","protected":false},"author":1,"featured_media":0,"comment_status":"open","ping_status":"open","sticky":false,"template":"","format":"standard","meta":{"_bbp_topic_count":0,"_bbp_reply_count":0,"_bbp_total_topic_count":0,"_bbp_total_reply_count":0,"_bbp_voice_count":0,"_bbp_anonymous_reply_count":0,"_bbp_topic_count_hidden":0,"_bbp_reply_count_hidden":0,"_bbp_forum_subforum_count":0,"footnotes":""},"categories":[42,60],"tags":[],"class_list":{"0":"post-315618","1":"post","2":"type-post","3":"status-publish","4":"format-standard","6":"category-deportes","7":"category-titulares-del-dia"},"_links":{"self":[{"href":"https:\/\/primermomento.com\/index.php?rest_route=\/wp\/v2\/posts\/315618","targetHints":{"allow":["GET"]}}],"collection":[{"href":"https:\/\/primermomento.com\/index.php?rest_route=\/wp\/v2\/posts"}],"about":[{"href":"https:\/\/primermomento.com\/index.php?rest_route=\/wp\/v2\/types\/post"}],"author":[{"embeddable":true,"href":"https:\/\/primermomento.com\/index.php?rest_route=\/wp\/v2\/users\/1"}],"replies":[{"embeddable":true,"href":"https:\/\/primermomento.com\/index.php?rest_route=%2Fwp%2Fv2%2Fcomments&post=315618"}],"version-history":[{"count":1,"href":"https:\/\/primermomento.com\/index.php?rest_route=\/wp\/v2\/posts\/315618\/revisions"}],"predecessor-version":[{"id":315620,"href":"https:\/\/primermomento.com\/index.php?rest_route=\/wp\/v2\/posts\/315618\/revisions\/315620"}],"wp:attachment":[{"href":"https:\/\/primermomento.com\/index.php?rest_route=%2Fwp%2Fv2%2Fmedia&parent=315618"}],"wp:term":[{"taxonomy":"category","embeddable":true,"href":"https:\/\/primermomento.com\/index.php?rest_route=%2Fwp%2Fv2%2Fcategories&post=315618"},{"taxonomy":"post_tag","embeddable":true,"href":"https:\/\/primermomento.com\/index.php?rest_route=%2Fwp%2Fv2%2Ftags&post=315618"}],"curies":[{"name":"wp","href":"https:\/\/api.w.org\/{rel}","templated":true}]}}