{"id":315920,"date":"2019-03-13T08:36:34","date_gmt":"2019-03-13T12:36:34","guid":{"rendered":"http:\/\/primermomento.com\/?p=315920"},"modified":"2019-03-13T10:40:56","modified_gmt":"2019-03-13T14:40:56","slug":"incendio-en-centro-comercial-dominicano","status":"publish","type":"post","link":"https:\/\/primermomento.com\/?p=315920","title":{"rendered":"Incendio en Centro Comercial dominicano"},"content":{"rendered":"\n<p> SANTO DOMINGO, Rep\u00fablica Dominicana.- Un incendio se registr\u00f3 en el Centro  Comercial Acr\u00f3polis ubicado en la c\u00e9ntrica avenida Winston Churchill sin  que hasta el momento se conozcan las causas del siniestro                           <br>                         <\/p>\n\n\n\n<figure class=\"wp-block-image\"><img loading=\"lazy\" decoding=\"async\" width=\"640\" height=\"350\" src=\"http:\/\/primermomento.com\/wp-content\/uploads\/2019\/03\/incendio-acropolis.jpg\" alt=\"\" class=\"wp-image-315921\" srcset=\"https:\/\/primermomento.com\/wp-content\/uploads\/2019\/03\/incendio-acropolis.jpg 640w, https:\/\/primermomento.com\/wp-content\/uploads\/2019\/03\/incendio-acropolis-300x164.jpg 300w, https:\/\/primermomento.com\/wp-content\/uploads\/2019\/03\/incendio-acropolis-500x273.jpg 500w, https:\/\/primermomento.com\/wp-content\/uploads\/2019\/03\/incendio-acropolis-280x153.jpg 280w, https:\/\/primermomento.com\/wp-content\/uploads\/2019\/03\/incendio-acropolis-638x349.jpg 638w, https:\/\/primermomento.com\/wp-content\/uploads\/2019\/03\/incendio-acropolis-118x65.jpg 118w, https:\/\/primermomento.com\/wp-content\/uploads\/2019\/03\/incendio-acropolis-479x262.jpg 479w\" sizes=\"auto, (max-width: 640px) 100vw, 640px\" \/><\/figure>\n\n\n\n<p>El lugar, adem\u00e1s  de concurrido, tiene lugar hay varios locales de comida r\u00e1pida,  restaurantes, bares, tiendas de ropa, entre otros comercios.<\/p>\n\n\n\n<p> \nPrensa Latina constat\u00f3 como decenas de empleados y clientes fueron \nevacuados de inmediato mientras el fuego y mucho humo sal\u00eda encima de \nunos de los restaurantes de la segunda planta.<\/p>\n\n\n\n<p> Representantes de  Acr\u00f3polis informaron a la prensa que m\u00e1s adelante ofrecer\u00e1n un  comunicado oficial explicando las razones del siniestro mientras fue  cerrado un tramo de la Churchill. <\/p>\n\n\n\n<p style=\"text-align:right\">PL<\/p>\n","protected":false},"excerpt":{"rendered":"<p>SANTO DOMINGO, Rep\u00fablica Dominicana.- Un incendio se registr\u00f3 en el Centro Comercial Acr\u00f3polis ubicado en la c\u00e9ntrica avenida Winston Churchill sin que hasta el momento se conozcan las causas del siniestro El lugar, adem\u00e1s de concurrido, tiene lugar hay varios locales de comida r\u00e1pida, restaurantes, bares, tiendas de ropa, entre otros comercios. Prensa Latina constat\u00f3 [&hellip;]<\/p>\n","protected":false},"author":1,"featured_media":0,"comment_status":"open","ping_status":"open","sticky":false,"template":"","format":"standard","meta":{"_bbp_topic_count":0,"_bbp_reply_count":0,"_bbp_total_topic_count":0,"_bbp_total_reply_count":0,"_bbp_voice_count":0,"_bbp_anonymous_reply_count":0,"_bbp_topic_count_hidden":0,"_bbp_reply_count_hidden":0,"_bbp_forum_subforum_count":0,"footnotes":""},"categories":[30,60],"tags":[],"class_list":{"0":"post-315920","1":"post","2":"type-post","3":"status-publish","4":"format-standard","6":"category-actualidad","7":"category-titulares-del-dia"},"_links":{"self":[{"href":"https:\/\/primermomento.com\/index.php?rest_route=\/wp\/v2\/posts\/315920","targetHints":{"allow":["GET"]}}],"collection":[{"href":"https:\/\/primermomento.com\/index.php?rest_route=\/wp\/v2\/posts"}],"about":[{"href":"https:\/\/primermomento.com\/index.php?rest_route=\/wp\/v2\/types\/post"}],"author":[{"embeddable":true,"href":"https:\/\/primermomento.com\/index.php?rest_route=\/wp\/v2\/users\/1"}],"replies":[{"embeddable":true,"href":"https:\/\/primermomento.com\/index.php?rest_route=%2Fwp%2Fv2%2Fcomments&post=315920"}],"version-history":[{"count":1,"href":"https:\/\/primermomento.com\/index.php?rest_route=\/wp\/v2\/posts\/315920\/revisions"}],"predecessor-version":[{"id":315922,"href":"https:\/\/primermomento.com\/index.php?rest_route=\/wp\/v2\/posts\/315920\/revisions\/315922"}],"wp:attachment":[{"href":"https:\/\/primermomento.com\/index.php?rest_route=%2Fwp%2Fv2%2Fmedia&parent=315920"}],"wp:term":[{"taxonomy":"category","embeddable":true,"href":"https:\/\/primermomento.com\/index.php?rest_route=%2Fwp%2Fv2%2Fcategories&post=315920"},{"taxonomy":"post_tag","embeddable":true,"href":"https:\/\/primermomento.com\/index.php?rest_route=%2Fwp%2Fv2%2Ftags&post=315920"}],"curies":[{"name":"wp","href":"https:\/\/api.w.org\/{rel}","templated":true}]}}