{"id":316795,"date":"2019-04-13T13:05:34","date_gmt":"2019-04-13T17:05:34","guid":{"rendered":"http:\/\/primermomento.com\/?p=316795"},"modified":"2019-04-13T13:05:35","modified_gmt":"2019-04-13T17:05:35","slug":"incendio-hace-estragos-en-sierra-de-bahoruco","status":"publish","type":"post","link":"https:\/\/primermomento.com\/?p=316795","title":{"rendered":"Incendio hace estragos en sierra de Bahoruco"},"content":{"rendered":"\n<p> BAHORUCO, Rep\u00fablica Dominicana.- Un incendio de grandes proporciones hace  estragos hoy en la sierra dominicana de Bahoruco, con la p\u00e9rdida de  cientos de hect\u00e1reas de pinos, a pesar del esfuerzo por controlarlo de  Brigadas forestales, el Ej\u00e9rcito y Obras P\u00fablicas.                         <br>                          <\/p>\n\n\n\n<div class=\"wp-block-image\"><figure class=\"aligncenter\"><img loading=\"lazy\" decoding=\"async\" width=\"467\" height=\"350\" src=\"http:\/\/primermomento.com\/wp-content\/uploads\/2019\/04\/sierra-bahoruco.jpg\" alt=\"\" class=\"wp-image-316796\" srcset=\"https:\/\/primermomento.com\/wp-content\/uploads\/2019\/04\/sierra-bahoruco.jpg 467w, https:\/\/primermomento.com\/wp-content\/uploads\/2019\/04\/sierra-bahoruco-300x225.jpg 300w, https:\/\/primermomento.com\/wp-content\/uploads\/2019\/04\/sierra-bahoruco-120x90.jpg 120w, https:\/\/primermomento.com\/wp-content\/uploads\/2019\/04\/sierra-bahoruco-280x210.jpg 280w, https:\/\/primermomento.com\/wp-content\/uploads\/2019\/04\/sierra-bahoruco-118x88.jpg 118w\" sizes=\"auto, (max-width: 467px) 100vw, 467px\" \/><\/figure><\/div>\n\n\n\n<p>Seg\u00fan autoridades  del gobierno, el incendio se inici\u00f3 la v\u00edspera en la zona del  Aceitillar, provincia de Pedernales, el cual gener\u00f3 temor entre los  pobladores de la regi\u00f3n y especialistas por la rapidez y magnitud de su  propagaci\u00f3n.<\/p>\n\n\n\n<p> Unos 100 hombres llevan cerca de 12 horas en lucha \ncontra el siniestro y se siguen sumando fuerzas en aras de sofocarlo lo \nantes posible para evitar su extensi\u00f3n.<\/p>\n\n\n\n<p> Una gran humareda se ha generado en toda la zona y grandes nubes se perciben en el ambiente.<\/p>\n\n\n\n<p> Hasta el momento se cree que los incendios son provocados por personas dedicadas a la cacer\u00eda de animales silvestres. <\/p>\n\n\n\n<p style=\"text-align:right\">PL<\/p>\n","protected":false},"excerpt":{"rendered":"<p>BAHORUCO, Rep\u00fablica Dominicana.- Un incendio de grandes proporciones hace estragos hoy en la sierra dominicana de Bahoruco, con la p\u00e9rdida de cientos de hect\u00e1reas de pinos, a pesar del esfuerzo por controlarlo de Brigadas forestales, el Ej\u00e9rcito y Obras P\u00fablicas. Seg\u00fan autoridades del gobierno, el incendio se inici\u00f3 la v\u00edspera en la zona del Aceitillar, [&hellip;]<\/p>\n","protected":false},"author":1,"featured_media":0,"comment_status":"open","ping_status":"open","sticky":false,"template":"","format":"standard","meta":{"_bbp_topic_count":0,"_bbp_reply_count":0,"_bbp_total_topic_count":0,"_bbp_total_reply_count":0,"_bbp_voice_count":0,"_bbp_anonymous_reply_count":0,"_bbp_topic_count_hidden":0,"_bbp_reply_count_hidden":0,"_bbp_forum_subforum_count":0,"footnotes":""},"categories":[30,60],"tags":[],"class_list":{"0":"post-316795","1":"post","2":"type-post","3":"status-publish","4":"format-standard","6":"category-actualidad","7":"category-titulares-del-dia"},"_links":{"self":[{"href":"https:\/\/primermomento.com\/index.php?rest_route=\/wp\/v2\/posts\/316795","targetHints":{"allow":["GET"]}}],"collection":[{"href":"https:\/\/primermomento.com\/index.php?rest_route=\/wp\/v2\/posts"}],"about":[{"href":"https:\/\/primermomento.com\/index.php?rest_route=\/wp\/v2\/types\/post"}],"author":[{"embeddable":true,"href":"https:\/\/primermomento.com\/index.php?rest_route=\/wp\/v2\/users\/1"}],"replies":[{"embeddable":true,"href":"https:\/\/primermomento.com\/index.php?rest_route=%2Fwp%2Fv2%2Fcomments&post=316795"}],"version-history":[{"count":1,"href":"https:\/\/primermomento.com\/index.php?rest_route=\/wp\/v2\/posts\/316795\/revisions"}],"predecessor-version":[{"id":316797,"href":"https:\/\/primermomento.com\/index.php?rest_route=\/wp\/v2\/posts\/316795\/revisions\/316797"}],"wp:attachment":[{"href":"https:\/\/primermomento.com\/index.php?rest_route=%2Fwp%2Fv2%2Fmedia&parent=316795"}],"wp:term":[{"taxonomy":"category","embeddable":true,"href":"https:\/\/primermomento.com\/index.php?rest_route=%2Fwp%2Fv2%2Fcategories&post=316795"},{"taxonomy":"post_tag","embeddable":true,"href":"https:\/\/primermomento.com\/index.php?rest_route=%2Fwp%2Fv2%2Ftags&post=316795"}],"curies":[{"name":"wp","href":"https:\/\/api.w.org\/{rel}","templated":true}]}}