{"id":316800,"date":"2019-04-13T13:12:56","date_gmt":"2019-04-13T17:12:56","guid":{"rendered":"http:\/\/primermomento.com\/?p=316800"},"modified":"2019-04-13T13:12:58","modified_gmt":"2019-04-13T17:12:58","slug":"combustibles-mantendran-precios-durante-semana-santa","status":"publish","type":"post","link":"https:\/\/primermomento.com\/?p=316800","title":{"rendered":"Combustibles mantendr\u00e1n precios durante Semana Santa"},"content":{"rendered":"\n<p> SANTO DOMINGO, Rep\u00fablica Dominicana.- Los precios de los combustibles fueron  congelados en la Rep\u00fablica Dominicana para la Semana Santa, seg\u00fan  inform\u00f3 el Ministerio de Industria, Comercio y Mipymes (MICM) .                         <br>                          <\/p>\n\n\n\n<figure class=\"wp-block-image\"><img loading=\"lazy\" decoding=\"async\" width=\"680\" height=\"453\" src=\"http:\/\/primermomento.com\/wp-content\/uploads\/2017\/09\/gasolina-dominicana.jpg\" alt=\"\" class=\"wp-image-294117\" srcset=\"https:\/\/primermomento.com\/wp-content\/uploads\/2017\/09\/gasolina-dominicana.jpg 680w, https:\/\/primermomento.com\/wp-content\/uploads\/2017\/09\/gasolina-dominicana-300x200.jpg 300w, https:\/\/primermomento.com\/wp-content\/uploads\/2017\/09\/gasolina-dominicana-73x50.jpg 73w, https:\/\/primermomento.com\/wp-content\/uploads\/2017\/09\/gasolina-dominicana-500x333.jpg 500w, https:\/\/primermomento.com\/wp-content\/uploads\/2017\/09\/gasolina-dominicana-280x187.jpg 280w, https:\/\/primermomento.com\/wp-content\/uploads\/2017\/09\/gasolina-dominicana-60x40.jpg 60w, https:\/\/primermomento.com\/wp-content\/uploads\/2017\/09\/gasolina-dominicana-638x425.jpg 638w, https:\/\/primermomento.com\/wp-content\/uploads\/2017\/09\/gasolina-dominicana-118x79.jpg 118w, https:\/\/primermomento.com\/wp-content\/uploads\/2017\/09\/gasolina-dominicana-479x319.jpg 479w\" sizes=\"auto, (max-width: 680px) 100vw, 680px\" \/><\/figure>\n\n\n\n<p>Luego del incremento constante de los precios de los combustibles en lo  que va de a\u00f1o y sobre todo de las gasolinas, esta medida es un respiro  para el bolsillo de la poblaci\u00f3n dominicana.<\/p>\n\n\n\n<p> De acuerdo con el \nMICM, los precios del petr\u00f3leo subieron el uno por ciento este viernes \ndebido a que los recortes involuntarios de suministro de Venezuela e \nIr\u00e1n, adem\u00e1s del conflicto en Libia, apoyaron las percepciones de un \nmercado de crudo m\u00e1s restrictivo.<\/p>\n\n\n\n<p> Asimismo, agrega, los datos \necon\u00f3micos optimistas de China aliviaron las preocupaciones sobre la \ndisminuci\u00f3n de la demanda de crudo.<\/p>\n\n\n\n<p> Finalmente, la informaci\u00f3n  se\u00f1ala que el mercado del petr\u00f3leo tambi\u00e9n sigui\u00f3 al alza de los  mercados de valores luego de las fuertes ganancias de la agencia JP  Morgan Chase &amp; Coen y que el \u00edndice del d\u00f3lar cayera a su nivel m\u00e1s  bajo frente al euro en m\u00e1s de dos semanas, haciendo el crudo m\u00e1s barato  para los compradores no estadounidenses. <\/p>\n\n\n\n<p style=\"text-align:right\">PL<\/p>\n","protected":false},"excerpt":{"rendered":"<p>SANTO DOMINGO, Rep\u00fablica Dominicana.- Los precios de los combustibles fueron congelados en la Rep\u00fablica Dominicana para la Semana Santa, seg\u00fan inform\u00f3 el Ministerio de Industria, Comercio y Mipymes (MICM) . Luego del incremento constante de los precios de los combustibles en lo que va de a\u00f1o y sobre todo de las gasolinas, esta medida es [&hellip;]<\/p>\n","protected":false},"author":1,"featured_media":0,"comment_status":"open","ping_status":"open","sticky":false,"template":"","format":"standard","meta":{"_bbp_topic_count":0,"_bbp_reply_count":0,"_bbp_total_topic_count":0,"_bbp_total_reply_count":0,"_bbp_voice_count":0,"_bbp_anonymous_reply_count":0,"_bbp_topic_count_hidden":0,"_bbp_reply_count_hidden":0,"_bbp_forum_subforum_count":0,"footnotes":""},"categories":[60,32],"tags":[],"class_list":{"0":"post-316800","1":"post","2":"type-post","3":"status-publish","4":"format-standard","6":"category-titulares-del-dia","7":"category-lo-ultimo"},"_links":{"self":[{"href":"https:\/\/primermomento.com\/index.php?rest_route=\/wp\/v2\/posts\/316800","targetHints":{"allow":["GET"]}}],"collection":[{"href":"https:\/\/primermomento.com\/index.php?rest_route=\/wp\/v2\/posts"}],"about":[{"href":"https:\/\/primermomento.com\/index.php?rest_route=\/wp\/v2\/types\/post"}],"author":[{"embeddable":true,"href":"https:\/\/primermomento.com\/index.php?rest_route=\/wp\/v2\/users\/1"}],"replies":[{"embeddable":true,"href":"https:\/\/primermomento.com\/index.php?rest_route=%2Fwp%2Fv2%2Fcomments&post=316800"}],"version-history":[{"count":1,"href":"https:\/\/primermomento.com\/index.php?rest_route=\/wp\/v2\/posts\/316800\/revisions"}],"predecessor-version":[{"id":316801,"href":"https:\/\/primermomento.com\/index.php?rest_route=\/wp\/v2\/posts\/316800\/revisions\/316801"}],"wp:attachment":[{"href":"https:\/\/primermomento.com\/index.php?rest_route=%2Fwp%2Fv2%2Fmedia&parent=316800"}],"wp:term":[{"taxonomy":"category","embeddable":true,"href":"https:\/\/primermomento.com\/index.php?rest_route=%2Fwp%2Fv2%2Fcategories&post=316800"},{"taxonomy":"post_tag","embeddable":true,"href":"https:\/\/primermomento.com\/index.php?rest_route=%2Fwp%2Fv2%2Ftags&post=316800"}],"curies":[{"name":"wp","href":"https:\/\/api.w.org\/{rel}","templated":true}]}}