{"id":316825,"date":"2019-04-14T18:44:18","date_gmt":"2019-04-14T22:44:18","guid":{"rendered":"http:\/\/primermomento.com\/?p=316825"},"modified":"2019-04-14T18:44:20","modified_gmt":"2019-04-14T22:44:20","slug":"presentan-a-439-presuntos-microtraficantes-a-la-justicia","status":"publish","type":"post","link":"https:\/\/primermomento.com\/?p=316825","title":{"rendered":"Presentan a 439 presuntos microtraficantes a la justicia"},"content":{"rendered":"\n<p> SANTO DOMINGO, Rep\u00fablica Dominicana.- La Direcci\u00f3n Central Antinarc\u00f3ticos de la  Polic\u00eda dominicana, present\u00f3 a 439 presuntos microtraficantes a la  justicia, apresados en 563 operativos y 50 allanamientos llevados a cabo  en los \u00faltimos siete d\u00edas, se divulg\u00f3 hoy aqu\u00ed.                         <br>                          <\/p>\n\n\n\n<figure class=\"wp-block-image\"><img loading=\"lazy\" decoding=\"async\" width=\"640\" height=\"480\" src=\"http:\/\/primermomento.com\/wp-content\/uploads\/2017\/02\/Policia-Nacional-foto-PrimerMomento.jpg\" alt=\"\" class=\"wp-image-287482\" srcset=\"https:\/\/primermomento.com\/wp-content\/uploads\/2017\/02\/Policia-Nacional-foto-PrimerMomento.jpg 640w, https:\/\/primermomento.com\/wp-content\/uploads\/2017\/02\/Policia-Nacional-foto-PrimerMomento-300x225.jpg 300w, https:\/\/primermomento.com\/wp-content\/uploads\/2017\/02\/Policia-Nacional-foto-PrimerMomento-120x90.jpg 120w, https:\/\/primermomento.com\/wp-content\/uploads\/2017\/02\/Policia-Nacional-foto-PrimerMomento-500x375.jpg 500w, https:\/\/primermomento.com\/wp-content\/uploads\/2017\/02\/Policia-Nacional-foto-PrimerMomento-280x210.jpg 280w, https:\/\/primermomento.com\/wp-content\/uploads\/2017\/02\/Policia-Nacional-foto-PrimerMomento-638x479.jpg 638w, https:\/\/primermomento.com\/wp-content\/uploads\/2017\/02\/Policia-Nacional-foto-PrimerMomento-118x89.jpg 118w, https:\/\/primermomento.com\/wp-content\/uploads\/2017\/02\/Policia-Nacional-foto-PrimerMomento-479x359.jpg 479w\" sizes=\"auto, (max-width: 640px) 100vw, 640px\" \/><figcaption>Palacio de la Polic\u00eda Nacional. Foto archivo | Primer Momento.<\/figcaption><\/figure>\n\n\n\n<p>Seg\u00fan medios  locales de prensa, con esas acciones las autoridades evitaron la venta  de seis mil 076,20 gramos de coca\u00edna, 376 de crack, 13,50 de hero\u00edna, 14  libras de marihuana, ocho plantas de ese vegetal narc\u00f3tico y 32  pastillas de \u00e9xtasis.<\/p>\n\n\n\n<p> Asimismo, fueron decomisadas tres armas de\n fuego cortas y cuatro de fabricaci\u00f3n artesanal, 37 motocicletas, seis \nveh\u00edculos, 123 celulares y 41 balanzas utilizadas para pesar drogas y \nocho radios de comunicaci\u00f3n, as\u00ed como 579 mil 886 pesos y 200 mil 160 \nd\u00f3lares.<\/p>\n\n\n\n<p> Todo lo ocupado fue puesto bajo control del Ministerio P\u00fablico para los fines legales correspondientes.<\/p>\n\n\n\n<p style=\"text-align:right\">PL <\/p>\n","protected":false},"excerpt":{"rendered":"<p>SANTO DOMINGO, Rep\u00fablica Dominicana.- La Direcci\u00f3n Central Antinarc\u00f3ticos de la Polic\u00eda dominicana, present\u00f3 a 439 presuntos microtraficantes a la justicia, apresados en 563 operativos y 50 allanamientos llevados a cabo en los \u00faltimos siete d\u00edas, se divulg\u00f3 hoy aqu\u00ed. Seg\u00fan medios locales de prensa, con esas acciones las autoridades evitaron la venta de seis mil [&hellip;]<\/p>\n","protected":false},"author":1,"featured_media":0,"comment_status":"open","ping_status":"open","sticky":false,"template":"","format":"standard","meta":{"_bbp_topic_count":0,"_bbp_reply_count":0,"_bbp_total_topic_count":0,"_bbp_total_reply_count":0,"_bbp_voice_count":0,"_bbp_anonymous_reply_count":0,"_bbp_topic_count_hidden":0,"_bbp_reply_count_hidden":0,"_bbp_forum_subforum_count":0,"footnotes":""},"categories":[30,60],"tags":[],"class_list":{"0":"post-316825","1":"post","2":"type-post","3":"status-publish","4":"format-standard","6":"category-actualidad","7":"category-titulares-del-dia"},"_links":{"self":[{"href":"https:\/\/primermomento.com\/index.php?rest_route=\/wp\/v2\/posts\/316825","targetHints":{"allow":["GET"]}}],"collection":[{"href":"https:\/\/primermomento.com\/index.php?rest_route=\/wp\/v2\/posts"}],"about":[{"href":"https:\/\/primermomento.com\/index.php?rest_route=\/wp\/v2\/types\/post"}],"author":[{"embeddable":true,"href":"https:\/\/primermomento.com\/index.php?rest_route=\/wp\/v2\/users\/1"}],"replies":[{"embeddable":true,"href":"https:\/\/primermomento.com\/index.php?rest_route=%2Fwp%2Fv2%2Fcomments&post=316825"}],"version-history":[{"count":1,"href":"https:\/\/primermomento.com\/index.php?rest_route=\/wp\/v2\/posts\/316825\/revisions"}],"predecessor-version":[{"id":316826,"href":"https:\/\/primermomento.com\/index.php?rest_route=\/wp\/v2\/posts\/316825\/revisions\/316826"}],"wp:attachment":[{"href":"https:\/\/primermomento.com\/index.php?rest_route=%2Fwp%2Fv2%2Fmedia&parent=316825"}],"wp:term":[{"taxonomy":"category","embeddable":true,"href":"https:\/\/primermomento.com\/index.php?rest_route=%2Fwp%2Fv2%2Fcategories&post=316825"},{"taxonomy":"post_tag","embeddable":true,"href":"https:\/\/primermomento.com\/index.php?rest_route=%2Fwp%2Fv2%2Ftags&post=316825"}],"curies":[{"name":"wp","href":"https:\/\/api.w.org\/{rel}","templated":true}]}}