{"id":316827,"date":"2019-04-14T18:47:15","date_gmt":"2019-04-14T22:47:15","guid":{"rendered":"http:\/\/primermomento.com\/?p=316827"},"modified":"2019-04-14T18:47:16","modified_gmt":"2019-04-14T22:47:16","slug":"controlado-en-90-por-ciento-incendio-en-sierra-de-bahoruco","status":"publish","type":"post","link":"https:\/\/primermomento.com\/?p=316827","title":{"rendered":"Controlado en 90 por ciento incendio en sierra de Bahoruco"},"content":{"rendered":"\n<p> BAHORUCO, Rep\u00fablica Dominicana.- El incendio de grandes proporciones  ocurrido en la sierra dominicana de Bahoruco, se encuentra controlado  hoy en un 90 por ciento por la labor de 200 hombres de las brigadas  forestales, el Ej\u00e9rcito y Obras P\u00fablicas.                         <br>                          <\/p>\n\n\n\n<figure class=\"wp-block-image\"><img loading=\"lazy\" decoding=\"async\" width=\"748\" height=\"498\" src=\"http:\/\/primermomento.com\/wp-content\/uploads\/2019\/04\/bahoruco2.jpg\" alt=\"\" class=\"wp-image-316828\" srcset=\"https:\/\/primermomento.com\/wp-content\/uploads\/2019\/04\/bahoruco2.jpg 748w, https:\/\/primermomento.com\/wp-content\/uploads\/2019\/04\/bahoruco2-300x200.jpg 300w, https:\/\/primermomento.com\/wp-content\/uploads\/2019\/04\/bahoruco2-73x50.jpg 73w, https:\/\/primermomento.com\/wp-content\/uploads\/2019\/04\/bahoruco2-500x333.jpg 500w, https:\/\/primermomento.com\/wp-content\/uploads\/2019\/04\/bahoruco2-280x186.jpg 280w, https:\/\/primermomento.com\/wp-content\/uploads\/2019\/04\/bahoruco2-60x40.jpg 60w, https:\/\/primermomento.com\/wp-content\/uploads\/2019\/04\/bahoruco2-638x425.jpg 638w, https:\/\/primermomento.com\/wp-content\/uploads\/2019\/04\/bahoruco2-118x79.jpg 118w, https:\/\/primermomento.com\/wp-content\/uploads\/2019\/04\/bahoruco2-479x319.jpg 479w\" sizes=\"auto, (max-width: 748px) 100vw, 748px\" \/><\/figure>\n\n\n\n<p>Seg\u00fan informaron a la prensa el viceministro de Recursos Forestales del  Ministerio de Medio Ambiente y Recursos Naturales, Manuel Serrano y el  Director Nacional Contra Incendios, Geronimo Abreu, quienes encabezan el  operativo, si la brisa gira favorablemente en la zona, esta tarde ser\u00e1  totalmente extinguido el siniestro.<\/p>\n\n\n\n<p> Asimismo, se\u00f1alaron se efectuaron los cercos necesarios y l\u00edneas de control para impedir que el fuego se propague.<\/p>\n\n\n\n<p>\n El incendio se inici\u00f3 el pasado viernes en la zona del Aceitillar, \nprovincia de Pedernales, y gener\u00f3 temor entre los pobladores de la \nregi\u00f3n y especialistas por la rapidez y magnitud de su propagaci\u00f3n.<\/p>\n\n\n\n<p>  Las autoridades consideran que el siniestro pudo ser intencional porque  se determin\u00f3 no provino de la quema en predios agr\u00edcolas pues en la  zona es imposible realizar labores de cultivo. <\/p>\n\n\n\n<p style=\"text-align:right\"><em>P<\/em>L<\/p>\n","protected":false},"excerpt":{"rendered":"<p>BAHORUCO, Rep\u00fablica Dominicana.- El incendio de grandes proporciones ocurrido en la sierra dominicana de Bahoruco, se encuentra controlado hoy en un 90 por ciento por la labor de 200 hombres de las brigadas forestales, el Ej\u00e9rcito y Obras P\u00fablicas. Seg\u00fan informaron a la prensa el viceministro de Recursos Forestales del Ministerio de Medio Ambiente y [&hellip;]<\/p>\n","protected":false},"author":1,"featured_media":0,"comment_status":"open","ping_status":"open","sticky":false,"template":"","format":"standard","meta":{"_bbp_topic_count":0,"_bbp_reply_count":0,"_bbp_total_topic_count":0,"_bbp_total_reply_count":0,"_bbp_voice_count":0,"_bbp_anonymous_reply_count":0,"_bbp_topic_count_hidden":0,"_bbp_reply_count_hidden":0,"_bbp_forum_subforum_count":0,"footnotes":""},"categories":[32],"tags":[],"class_list":{"0":"post-316827","1":"post","2":"type-post","3":"status-publish","4":"format-standard","6":"category-lo-ultimo"},"_links":{"self":[{"href":"https:\/\/primermomento.com\/index.php?rest_route=\/wp\/v2\/posts\/316827","targetHints":{"allow":["GET"]}}],"collection":[{"href":"https:\/\/primermomento.com\/index.php?rest_route=\/wp\/v2\/posts"}],"about":[{"href":"https:\/\/primermomento.com\/index.php?rest_route=\/wp\/v2\/types\/post"}],"author":[{"embeddable":true,"href":"https:\/\/primermomento.com\/index.php?rest_route=\/wp\/v2\/users\/1"}],"replies":[{"embeddable":true,"href":"https:\/\/primermomento.com\/index.php?rest_route=%2Fwp%2Fv2%2Fcomments&post=316827"}],"version-history":[{"count":1,"href":"https:\/\/primermomento.com\/index.php?rest_route=\/wp\/v2\/posts\/316827\/revisions"}],"predecessor-version":[{"id":316829,"href":"https:\/\/primermomento.com\/index.php?rest_route=\/wp\/v2\/posts\/316827\/revisions\/316829"}],"wp:attachment":[{"href":"https:\/\/primermomento.com\/index.php?rest_route=%2Fwp%2Fv2%2Fmedia&parent=316827"}],"wp:term":[{"taxonomy":"category","embeddable":true,"href":"https:\/\/primermomento.com\/index.php?rest_route=%2Fwp%2Fv2%2Fcategories&post=316827"},{"taxonomy":"post_tag","embeddable":true,"href":"https:\/\/primermomento.com\/index.php?rest_route=%2Fwp%2Fv2%2Ftags&post=316827"}],"curies":[{"name":"wp","href":"https:\/\/api.w.org\/{rel}","templated":true}]}}