{"id":316832,"date":"2019-04-14T17:53:51","date_gmt":"2019-04-14T21:53:51","guid":{"rendered":"http:\/\/primermomento.com\/?p=316832"},"modified":"2019-04-14T18:58:33","modified_gmt":"2019-04-14T22:58:33","slug":"buscan-garantizar-seguridad-de-legisladora-tras-ataque-de-trump","status":"publish","type":"post","link":"https:\/\/primermomento.com\/?p=316832","title":{"rendered":"Buscan garantizar seguridad de legisladora tras ataque de Trump"},"content":{"rendered":"\n<p> WASHINGTON, Distrito de Columbia.- La titular de la C\u00e1mara estadounidense de  Representantes, Nancy Pelosi, inform\u00f3 hoy que pidi\u00f3 a la Polic\u00eda del  Capitolio proteger a la congresista Ilhan Omar tras un tuit del  presidente Donald Trump en su contra.                         <br>                          <\/p>\n\n\n\n<figure class=\"wp-block-image\"><img loading=\"lazy\" decoding=\"async\" width=\"748\" height=\"498\" src=\"http:\/\/primermomento.com\/wp-content\/uploads\/2019\/02\/Ilhan-Omar.jpg\" alt=\"\" class=\"wp-image-315071\" srcset=\"https:\/\/primermomento.com\/wp-content\/uploads\/2019\/02\/Ilhan-Omar.jpg 748w, https:\/\/primermomento.com\/wp-content\/uploads\/2019\/02\/Ilhan-Omar-300x200.jpg 300w, https:\/\/primermomento.com\/wp-content\/uploads\/2019\/02\/Ilhan-Omar-73x50.jpg 73w, https:\/\/primermomento.com\/wp-content\/uploads\/2019\/02\/Ilhan-Omar-500x333.jpg 500w, https:\/\/primermomento.com\/wp-content\/uploads\/2019\/02\/Ilhan-Omar-280x186.jpg 280w, https:\/\/primermomento.com\/wp-content\/uploads\/2019\/02\/Ilhan-Omar-60x40.jpg 60w, https:\/\/primermomento.com\/wp-content\/uploads\/2019\/02\/Ilhan-Omar-638x425.jpg 638w, https:\/\/primermomento.com\/wp-content\/uploads\/2019\/02\/Ilhan-Omar-118x79.jpg 118w, https:\/\/primermomento.com\/wp-content\/uploads\/2019\/02\/Ilhan-Omar-479x319.jpg 479w\" sizes=\"auto, (max-width: 748px) 100vw, 748px\" \/><figcaption>Ilhan Omar.<\/figcaption><\/figure>\n\n\n\n<p>&#8216;Despu\u00e9s del tuit  del Presidente, habl\u00e9 con el Sargento de Armas para asegurar que la  Polic\u00eda del Capitolio est\u00e9 realizando una evaluaci\u00f3n de seguridad para  salvaguardar a la congresista Omar, a su familia y su personal&#8217;, expres\u00f3  la titular en un comunicado emitido este domingo.<\/p>\n\n\n\n<p> Pelosi \nsostuvo que las autoridades de la sede del legislativo continuar\u00e1n \nmonitoreando y abordando las amenazas que enfrenta la congresista \nmusulmana, contra quien est\u00e1n arremetiendo voces conservadoras del pa\u00eds \ndebido a comentarios realizados por ella sobre los atentados del 11 de \nseptiembre de 2001.<\/p>\n\n\n\n<p> Miembros del Partido Republicano, incluyendo\n al propio jefe de la Casa Blanca, sacaron de contexto palabras \npronunciadas por Omar en marzo ante el Consejo de Relaciones \nAmericano-Isl\u00e1micas (CAIR) y las usaron como argumento para cuestionar \nsu patriotismo.<\/p>\n\n\n\n<p> Hace mucho que vivimos con la incomodidad de ser\n ciudadanos de segunda clase y, francamente, estoy cansada de eso, y \ntodos los musulmanes de este pa\u00eds deber\u00edan estar cansados de eso, \nexpres\u00f3 en ese evento la representante por Minnesota, quien es somal\u00ed \n-estadounidense.<\/p>\n\n\n\n<p> &#8216;CAIR se fund\u00f3 despu\u00e9s del 9\/11 porque \nreconocieron que algunas personas hicieron algo y que todos nosotros \nempezamos a perder el acceso a nuestras libertades civiles&#8217;, a\u00f1adi\u00f3 la \nlegisladora, una de las dos primeras mujeres musulmanas en ser elegidas \npara el Capitolio.<\/p>\n\n\n\n<p> Muchos conservadores se han enfocado solo en \nla parte en la que la congresista manifest\u00f3 que &#8216;algunas personas \nhicieron algo&#8217;, para acusarla de minimizar el ataque contra el World \nTrade Center.<\/p>\n\n\n\n<p> Trump se uni\u00f3 el viernes a las cr\u00edticas contra la \nlegisladora, al publicar un video en su cuenta de Twitter en la que \naparece Omar pronunciando solo las citadas palabras en varias ocasiones,\n mientras se intercalan im\u00e1genes de los atentados contra las Torres \nGemelas y del caos vivido en la ciudad de Nueva York.<\/p>\n\n\n\n<p> &#8216;Nunca \nolvidaremos&#8217;, escribi\u00f3 el gobernante junto al clip, que fue visto por \nmuchos miembros del partido azul como un intento del mandatario de usar \nla tragedia con fines pol\u00edticos, e incluso algunas personas consideraron\n la publicaci\u00f3n de Trump como una muestra de islamofobia.<\/p>\n\n\n\n<p> &#8216;Las \npalabras del presidente pesan una tonelada, y su ret\u00f3rica odiosa e \ninflamatoria crea un peligro real. El presidente Trump debe eliminar su \nvideo irrespetuoso y peligroso&#8217;, a\u00f1adi\u00f3 en su declaraci\u00f3n Pelosi, quien \nse encuentra realizando una visita al Reino Unido.<\/p>\n\n\n\n<p> Esta postura  del mandatario y la reacci\u00f3n de los dem\u00f3cratas en defensa de Omar se da  luego de que el pasado 6 de abril el Bur\u00f3 Federal de Investigaciones  arrest\u00f3 a un hombre identificado como Patrick Carlineo, quien amenaz\u00f3  con &#8216;asaltar y asesinar&#8217; a la legisladora. <\/p>\n\n\n\n<p style=\"text-align:right\">PL<\/p>\n","protected":false},"excerpt":{"rendered":"<p>WASHINGTON, Distrito de Columbia.- La titular de la C\u00e1mara estadounidense de Representantes, Nancy Pelosi, inform\u00f3 hoy que pidi\u00f3 a la Polic\u00eda del Capitolio proteger a la congresista Ilhan Omar tras un tuit del presidente Donald Trump en su contra. &#8216;Despu\u00e9s del tuit del Presidente, habl\u00e9 con el Sargento de Armas para asegurar que la Polic\u00eda [&hellip;]<\/p>\n","protected":false},"author":1,"featured_media":0,"comment_status":"open","ping_status":"open","sticky":false,"template":"","format":"standard","meta":{"_bbp_topic_count":0,"_bbp_reply_count":0,"_bbp_total_topic_count":0,"_bbp_total_reply_count":0,"_bbp_voice_count":0,"_bbp_anonymous_reply_count":0,"_bbp_topic_count_hidden":0,"_bbp_reply_count_hidden":0,"_bbp_forum_subforum_count":0,"footnotes":""},"categories":[60,31],"tags":[],"class_list":{"0":"post-316832","1":"post","2":"type-post","3":"status-publish","4":"format-standard","6":"category-titulares-del-dia","7":"category-estados-unidos"},"_links":{"self":[{"href":"https:\/\/primermomento.com\/index.php?rest_route=\/wp\/v2\/posts\/316832","targetHints":{"allow":["GET"]}}],"collection":[{"href":"https:\/\/primermomento.com\/index.php?rest_route=\/wp\/v2\/posts"}],"about":[{"href":"https:\/\/primermomento.com\/index.php?rest_route=\/wp\/v2\/types\/post"}],"author":[{"embeddable":true,"href":"https:\/\/primermomento.com\/index.php?rest_route=\/wp\/v2\/users\/1"}],"replies":[{"embeddable":true,"href":"https:\/\/primermomento.com\/index.php?rest_route=%2Fwp%2Fv2%2Fcomments&post=316832"}],"version-history":[{"count":1,"href":"https:\/\/primermomento.com\/index.php?rest_route=\/wp\/v2\/posts\/316832\/revisions"}],"predecessor-version":[{"id":316833,"href":"https:\/\/primermomento.com\/index.php?rest_route=\/wp\/v2\/posts\/316832\/revisions\/316833"}],"wp:attachment":[{"href":"https:\/\/primermomento.com\/index.php?rest_route=%2Fwp%2Fv2%2Fmedia&parent=316832"}],"wp:term":[{"taxonomy":"category","embeddable":true,"href":"https:\/\/primermomento.com\/index.php?rest_route=%2Fwp%2Fv2%2Fcategories&post=316832"},{"taxonomy":"post_tag","embeddable":true,"href":"https:\/\/primermomento.com\/index.php?rest_route=%2Fwp%2Fv2%2Ftags&post=316832"}],"curies":[{"name":"wp","href":"https:\/\/api.w.org\/{rel}","templated":true}]}}