{"id":316838,"date":"2019-04-15T14:40:05","date_gmt":"2019-04-15T18:40:05","guid":{"rendered":"http:\/\/primermomento.com\/?p=316838"},"modified":"2019-04-15T14:40:07","modified_gmt":"2019-04-15T18:40:07","slug":"catedral-de-notre-dame-arde-en-llamas","status":"publish","type":"post","link":"https:\/\/primermomento.com\/?p=316838","title":{"rendered":"Catedral de Notre Dame arde en llamas"},"content":{"rendered":"\n<p>PARIS, Francia.- La catedral medieval de Notre-Dame arde en el centro de Par\u00eds.<\/p>\n\n\n\n<figure class=\"wp-block-image\"><img loading=\"lazy\" decoding=\"async\" width=\"1023\" height=\"575\" src=\"http:\/\/primermomento.com\/wp-content\/uploads\/2019\/04\/catedral-Notre-Dame..jpg\" alt=\"\" class=\"wp-image-316839\" srcset=\"https:\/\/primermomento.com\/wp-content\/uploads\/2019\/04\/catedral-Notre-Dame..jpg 1023w, https:\/\/primermomento.com\/wp-content\/uploads\/2019\/04\/catedral-Notre-Dame.-300x169.jpg 300w, https:\/\/primermomento.com\/wp-content\/uploads\/2019\/04\/catedral-Notre-Dame.-768x432.jpg 768w, https:\/\/primermomento.com\/wp-content\/uploads\/2019\/04\/catedral-Notre-Dame.-478x270.jpg 478w, https:\/\/primermomento.com\/wp-content\/uploads\/2019\/04\/catedral-Notre-Dame.-216x120.jpg 216w, https:\/\/primermomento.com\/wp-content\/uploads\/2019\/04\/catedral-Notre-Dame.-500x281.jpg 500w, https:\/\/primermomento.com\/wp-content\/uploads\/2019\/04\/catedral-Notre-Dame.-280x157.jpg 280w, https:\/\/primermomento.com\/wp-content\/uploads\/2019\/04\/catedral-Notre-Dame.-638x359.jpg 638w, https:\/\/primermomento.com\/wp-content\/uploads\/2019\/04\/catedral-Notre-Dame.-118x66.jpg 118w, https:\/\/primermomento.com\/wp-content\/uploads\/2019\/04\/catedral-Notre-Dame.-479x269.jpg 479w\" sizes=\"auto, (max-width: 1023px) 100vw, 1023px\" \/><figcaption> <br>Hasta el momento se desconocen las causas del incendio que est\u00e1 destruyendo la emblem\u00e1tica catedral en Par\u00eds. <\/figcaption><\/figure>\n\n\n\n<p>El lunes por la tarde los bomberos desalojararon el \u00e1rea alrededor de\n uno de los lugares m\u00e1s visitados de la ciudad para poder atender el \nsiniestro. La catedral de Notre Dame se encontraba en proceso de \nrenovaci\u00f3n.<br>\n<br>\nSe pod\u00eda ver humo saliendo de la parte superior de la catedral g\u00f3tica, \nmientras ard\u00edan las llamas junto a sus dos campanarios. Minutos despu\u00e9s \nla ic\u00f3nica torre desapareci\u00f3 tras el humo negro.<\/p>\n\n\n\n<p>El pico de la catedral del siglo XII est\u00e1 experimentando un proyecto \nde renovaci\u00f3n de 6 millones de euros (6,8 millones de d\u00f3lares).<br>\n<br>\nNo qued\u00f3 inmediatamente claro qu\u00e9 hab\u00eda provocado el incendio. La \ntelevisi\u00f3n francesa inform\u00f3 que la polic\u00eda estaba tratando el incidente \ncomo un accidente, pero algunas fuentes se\u00f1alan que el incendio podr\u00eda \nser producto de los trabajos de renovaci\u00f3n.<\/p>\n\n\n\n<p>Situada en la caIle de la Cite, en el centro de Par\u00eds, la catedral \ng\u00f3tica se encuentra entre las m\u00e1s famosas de la Edad Media y se \nconstruy\u00f3 sobre las ruinas de dos iglesias anteriores.<\/p>\n\n\n\n<p>Debido al incendio, el presidente de Francia, Emmanuel Macron,  posterg\u00f3 un discurso televisado en el que presentar\u00eda su plan para  abordar las quejas de los ciudadanos que dieron lugar a las protestas  del chaleco amarillo que han sacudido a Francia desde noviembre.<\/p>\n\n\n\n<p style=\"text-align:right\">VOANEWS<br><\/p>\n","protected":false},"excerpt":{"rendered":"<p>PARIS, Francia.- La catedral medieval de Notre-Dame arde en el centro de Par\u00eds. El lunes por la tarde los bomberos desalojararon el \u00e1rea alrededor de uno de los lugares m\u00e1s visitados de la ciudad para poder atender el siniestro. La catedral de Notre Dame se encontraba en proceso de renovaci\u00f3n. Se pod\u00eda ver humo saliendo [&hellip;]<\/p>\n","protected":false},"author":1,"featured_media":0,"comment_status":"open","ping_status":"open","sticky":false,"template":"","format":"standard","meta":{"_bbp_topic_count":0,"_bbp_reply_count":0,"_bbp_total_topic_count":0,"_bbp_total_reply_count":0,"_bbp_voice_count":0,"_bbp_anonymous_reply_count":0,"_bbp_topic_count_hidden":0,"_bbp_reply_count_hidden":0,"_bbp_forum_subforum_count":0,"footnotes":""},"categories":[30,60],"tags":[],"class_list":{"0":"post-316838","1":"post","2":"type-post","3":"status-publish","4":"format-standard","6":"category-actualidad","7":"category-titulares-del-dia"},"_links":{"self":[{"href":"https:\/\/primermomento.com\/index.php?rest_route=\/wp\/v2\/posts\/316838","targetHints":{"allow":["GET"]}}],"collection":[{"href":"https:\/\/primermomento.com\/index.php?rest_route=\/wp\/v2\/posts"}],"about":[{"href":"https:\/\/primermomento.com\/index.php?rest_route=\/wp\/v2\/types\/post"}],"author":[{"embeddable":true,"href":"https:\/\/primermomento.com\/index.php?rest_route=\/wp\/v2\/users\/1"}],"replies":[{"embeddable":true,"href":"https:\/\/primermomento.com\/index.php?rest_route=%2Fwp%2Fv2%2Fcomments&post=316838"}],"version-history":[{"count":1,"href":"https:\/\/primermomento.com\/index.php?rest_route=\/wp\/v2\/posts\/316838\/revisions"}],"predecessor-version":[{"id":316840,"href":"https:\/\/primermomento.com\/index.php?rest_route=\/wp\/v2\/posts\/316838\/revisions\/316840"}],"wp:attachment":[{"href":"https:\/\/primermomento.com\/index.php?rest_route=%2Fwp%2Fv2%2Fmedia&parent=316838"}],"wp:term":[{"taxonomy":"category","embeddable":true,"href":"https:\/\/primermomento.com\/index.php?rest_route=%2Fwp%2Fv2%2Fcategories&post=316838"},{"taxonomy":"post_tag","embeddable":true,"href":"https:\/\/primermomento.com\/index.php?rest_route=%2Fwp%2Fv2%2Ftags&post=316838"}],"curies":[{"name":"wp","href":"https:\/\/api.w.org\/{rel}","templated":true}]}}