{"id":316843,"date":"2019-04-15T14:49:04","date_gmt":"2019-04-15T18:49:04","guid":{"rendered":"http:\/\/primermomento.com\/?p=316843"},"modified":"2019-04-15T14:49:05","modified_gmt":"2019-04-15T18:49:05","slug":"comenzara-plan-de-reforestacion-en-sierra-de-bahoruco","status":"publish","type":"post","link":"https:\/\/primermomento.com\/?p=316843","title":{"rendered":"Comenzar\u00e1 Plan de Reforestacion en sierra de Bahoruco"},"content":{"rendered":"\n<p> SANTO DOMINGO, Rep\u00fablica Dominicana.- El ministro de Medio Ambiente y Recursos  Naturales, \u00c1ngel Est\u00e9vez, dispuso comenzar un  Plan de Reforestaci\u00f3n  en la parte alta de la Sierra de Bahoruco, con especies propias de la  zona.                         <br>                          <\/p>\n\n\n\n<figure class=\"wp-block-image\"><img loading=\"lazy\" decoding=\"async\" width=\"600\" height=\"338\" src=\"http:\/\/primermomento.com\/wp-content\/uploads\/2019\/04\/\u00c1ngel-Est\u00e9vez.jpg\" alt=\"\" class=\"wp-image-316844\" srcset=\"https:\/\/primermomento.com\/wp-content\/uploads\/2019\/04\/\u00c1ngel-Est\u00e9vez.jpg 600w, https:\/\/primermomento.com\/wp-content\/uploads\/2019\/04\/\u00c1ngel-Est\u00e9vez-300x169.jpg 300w, https:\/\/primermomento.com\/wp-content\/uploads\/2019\/04\/\u00c1ngel-Est\u00e9vez-478x270.jpg 478w, https:\/\/primermomento.com\/wp-content\/uploads\/2019\/04\/\u00c1ngel-Est\u00e9vez-500x282.jpg 500w, https:\/\/primermomento.com\/wp-content\/uploads\/2019\/04\/\u00c1ngel-Est\u00e9vez-280x158.jpg 280w, https:\/\/primermomento.com\/wp-content\/uploads\/2019\/04\/\u00c1ngel-Est\u00e9vez-118x66.jpg 118w, https:\/\/primermomento.com\/wp-content\/uploads\/2019\/04\/\u00c1ngel-Est\u00e9vez-479x270.jpg 479w\" sizes=\"auto, (max-width: 600px) 100vw, 600px\" \/><figcaption> \u00c1ngel Est\u00e9vez <\/figcaption><\/figure>\n\n\n\n<p>De acuerdo con  una nota de prensa del mencionado ministerio, la reforestaci\u00f3n en la  zona se efectuar\u00e1 como parte del prop\u00f3sito de restauraci\u00f3n ecol\u00f3gica en  \u00e1reas donde se fueron suspendidas hace  meses  el cultivo de frutos  menores.<\/p>\n\n\n\n<p> El ministro explic\u00f3 que esa iniciativa forma parte del \nPlan Nacional de Reforestaci\u00f3n que desarrollar\u00e1 la instituci\u00f3n ambiental\n en todo el pa\u00eds, el cual contempla sembrar en esta zona unos cuatro \nmillones de \u00e1rboles en una extensi\u00f3n de cinco mil 30 hect\u00e1reas.<\/p>\n\n\n\n<p> \nLa informaci\u00f3n refiere que durante un recorrido por el sur del Parque \nNacional, en Pedernales, Est\u00e9vez se reuni\u00f3 con varios agricultores a \nquienes record\u00f3 existe una disposici\u00f3n de Medio Ambiente la cual proh\u00edbe\n  el cultivo de rubros de ciclo corto y de otros renglones en \u00e1reas \nprotegidas.<\/p>\n\n\n\n<p> Junto al titular de la cartera de Medio Ambiente y  Recursos Naturales hicieron el recorrido el viceministro de \u00c1reas  Protegidas, Daneris Santa, representantes del Ministerio P\u00fablico y  efectivos del Servicio Nacional de Protecci\u00f3n Ambiental, as\u00ed como el  encargado del Parque Nacional Sierra de Bahoruco, Andr\u00e9s Heredia. <\/p>\n\n\n\n<p style=\"text-align:right\">PL<\/p>\n","protected":false},"excerpt":{"rendered":"<p>SANTO DOMINGO, Rep\u00fablica Dominicana.- El ministro de Medio Ambiente y Recursos Naturales, \u00c1ngel Est\u00e9vez, dispuso comenzar un Plan de Reforestaci\u00f3n en la parte alta de la Sierra de Bahoruco, con especies propias de la zona. De acuerdo con una nota de prensa del mencionado ministerio, la reforestaci\u00f3n en la zona se efectuar\u00e1 como parte del [&hellip;]<\/p>\n","protected":false},"author":1,"featured_media":0,"comment_status":"open","ping_status":"open","sticky":false,"template":"","format":"standard","meta":{"_bbp_topic_count":0,"_bbp_reply_count":0,"_bbp_total_topic_count":0,"_bbp_total_reply_count":0,"_bbp_voice_count":0,"_bbp_anonymous_reply_count":0,"_bbp_topic_count_hidden":0,"_bbp_reply_count_hidden":0,"_bbp_forum_subforum_count":0,"footnotes":""},"categories":[60,32],"tags":[],"class_list":{"0":"post-316843","1":"post","2":"type-post","3":"status-publish","4":"format-standard","6":"category-titulares-del-dia","7":"category-lo-ultimo"},"_links":{"self":[{"href":"https:\/\/primermomento.com\/index.php?rest_route=\/wp\/v2\/posts\/316843","targetHints":{"allow":["GET"]}}],"collection":[{"href":"https:\/\/primermomento.com\/index.php?rest_route=\/wp\/v2\/posts"}],"about":[{"href":"https:\/\/primermomento.com\/index.php?rest_route=\/wp\/v2\/types\/post"}],"author":[{"embeddable":true,"href":"https:\/\/primermomento.com\/index.php?rest_route=\/wp\/v2\/users\/1"}],"replies":[{"embeddable":true,"href":"https:\/\/primermomento.com\/index.php?rest_route=%2Fwp%2Fv2%2Fcomments&post=316843"}],"version-history":[{"count":1,"href":"https:\/\/primermomento.com\/index.php?rest_route=\/wp\/v2\/posts\/316843\/revisions"}],"predecessor-version":[{"id":316845,"href":"https:\/\/primermomento.com\/index.php?rest_route=\/wp\/v2\/posts\/316843\/revisions\/316845"}],"wp:attachment":[{"href":"https:\/\/primermomento.com\/index.php?rest_route=%2Fwp%2Fv2%2Fmedia&parent=316843"}],"wp:term":[{"taxonomy":"category","embeddable":true,"href":"https:\/\/primermomento.com\/index.php?rest_route=%2Fwp%2Fv2%2Fcategories&post=316843"},{"taxonomy":"post_tag","embeddable":true,"href":"https:\/\/primermomento.com\/index.php?rest_route=%2Fwp%2Fv2%2Ftags&post=316843"}],"curies":[{"name":"wp","href":"https:\/\/api.w.org\/{rel}","templated":true}]}}