{"id":316866,"date":"2019-04-15T15:25:32","date_gmt":"2019-04-15T19:25:32","guid":{"rendered":"http:\/\/primermomento.com\/?p=316866"},"modified":"2019-04-15T15:28:25","modified_gmt":"2019-04-15T19:28:25","slug":"deploran-atropellos-policiales-contra-camarografos","status":"publish","type":"post","link":"https:\/\/primermomento.com\/?p=316866","title":{"rendered":"BAN\u00cd | Gremios deploran atropellos contra  camar\u00f3grafos"},"content":{"rendered":"\n<p> BAN\u00cd, Rep\u00fablica Dominicana.- El secretario general del Colegio de Periodistas, seccional regional sur central que conforman las provincias Peravia, Azua y Ocoa y la secretaria general del Sindicato Nacional de Trabajadores de la Prensa, filial Peravia, en rueda de prensa deploraron hoy los actos de abuso de poder perpetrados contra miembros del SNTP, Peravia, denunciados este lunes por miembros de este gremio y otros ciudadanos.<\/p>\n\n\n\n<figure class=\"wp-block-image\"><img loading=\"lazy\" decoding=\"async\" width=\"1024\" height=\"678\" src=\"http:\/\/primermomento.com\/wp-content\/uploads\/2019\/04\/f89a1ac9-f1aa-4dea-b583-3aa8ff86e826-1024x678.jpg\" alt=\"\" class=\"wp-image-316867\" srcset=\"https:\/\/primermomento.com\/wp-content\/uploads\/2019\/04\/f89a1ac9-f1aa-4dea-b583-3aa8ff86e826-1024x678.jpg 1024w, https:\/\/primermomento.com\/wp-content\/uploads\/2019\/04\/f89a1ac9-f1aa-4dea-b583-3aa8ff86e826-300x199.jpg 300w, https:\/\/primermomento.com\/wp-content\/uploads\/2019\/04\/f89a1ac9-f1aa-4dea-b583-3aa8ff86e826-768x508.jpg 768w, https:\/\/primermomento.com\/wp-content\/uploads\/2019\/04\/f89a1ac9-f1aa-4dea-b583-3aa8ff86e826-500x331.jpg 500w, https:\/\/primermomento.com\/wp-content\/uploads\/2019\/04\/f89a1ac9-f1aa-4dea-b583-3aa8ff86e826-280x185.jpg 280w, https:\/\/primermomento.com\/wp-content\/uploads\/2019\/04\/f89a1ac9-f1aa-4dea-b583-3aa8ff86e826-60x40.jpg 60w, https:\/\/primermomento.com\/wp-content\/uploads\/2019\/04\/f89a1ac9-f1aa-4dea-b583-3aa8ff86e826-638x422.jpg 638w, https:\/\/primermomento.com\/wp-content\/uploads\/2019\/04\/f89a1ac9-f1aa-4dea-b583-3aa8ff86e826-118x78.jpg 118w, https:\/\/primermomento.com\/wp-content\/uploads\/2019\/04\/f89a1ac9-f1aa-4dea-b583-3aa8ff86e826-479x317.jpg 479w, https:\/\/primermomento.com\/wp-content\/uploads\/2019\/04\/f89a1ac9-f1aa-4dea-b583-3aa8ff86e826-153x100.jpg 153w, https:\/\/primermomento.com\/wp-content\/uploads\/2019\/04\/f89a1ac9-f1aa-4dea-b583-3aa8ff86e826.jpg 1280w\" sizes=\"auto, (max-width: 1024px) 100vw, 1024px\" \/><figcaption>Alfredo Cabrera, Stephanie Mart\u00ednez y Anabellys Reyes<\/figcaption><\/figure>\n\n\n\n<p>El periodista Alfredo Cabrera y la comunicadora Stephanie Mart\u00ednez, manifestaron su total rechazo a los atropellos de los que han sido v\u00edctimas miembros del SNTP, filial Peravia, de parte de agentes de la Polic\u00eda Nacional.<\/p>\n\n\n\n<p>Los miembros del Sindicato Nacional de Trabajadores de la Prensa, filial Peravia, que denunciaron abuso de poder en su contra por parte de agentes de la uniformada son Maiki Lara, camar\u00f3grafo y control m\u00e1ster de Peravia Visi\u00f3n y Visi\u00f3n 3000, canales estos de Tr\u00e9bol cable y Eddy Concepci\u00f3n, camar\u00f3grafo local.<\/p>\n\n\n\n<p>Ambos aseguran haber sido maltratados por agentes de la Polic\u00eda que en el caso de Concepci\u00f3n, hasta le sustrajeron el dinero que portaba al momento de la detenci\u00f3n.<\/p>\n\n\n\n<p>Ante las denuncias, de inmediato el Sindicato Nacional de Trabajadores de la Prensa, filial Peravia, y el CDP se pronunciaron en contra de estos actos y en total apoyo a los miembros gremiales antes citados.<\/p>\n\n\n\n<p>En la conferencia de prensa participaron adem\u00e1s de los gremialistas antes citados los periodistas Anabellys Reyes y Tom\u00e1s Arias, directivos del SNTP y en el caso de Reyes, tambi\u00e9n de la directiva del Colegio de Periodistas.<\/p>\n\n\n\n<p>De igual modo, la periodista Carmen Iris Sierra, los comunicadores Luisana Lora y Jos\u00e9 Ortiz as\u00ed como los camar\u00f3grafos Wilkin Ventura, Cristian Mejia y Eddy Concepci\u00f3n.<\/p>\n\n\n\n<p><strong>CDP Y SNTP UNIDOS CONTRA LA USURPACI\u00d3N PERIOD\u00cdSTICA<\/strong><\/p>\n\n\n\n<p>En otro orden y ante la reciente advertencia que formulara el Colegio de Periodistas, seccional regional sur central que integran las demarcaciones Peravia, Ocoa y Azua, presidido por Alfredo Cabrera, en torno a que ser\u00e1n sometidos a la justicia todas aquellas personas que se digan ser periodistas sin tener la preparaci\u00f3n de lugar, la secretaria general del SNTP, Peravia, dijo que este gremio respalda rotundamente esta cruzada y se une a la misma.<\/p>\n\n\n\n<p>Sin embargo, aclar\u00f3 que este gremio representa a todo el trabajador de la prensa, ll\u00e1mese, periodistas, camar\u00f3grafos, fot\u00f3grafos, editores, control m\u00e1ster, manejadores de p\u00e1gina web, choferes y hasta mensajeros de prensa.<\/p>\n","protected":false},"excerpt":{"rendered":"<p>BAN\u00cd, Rep\u00fablica Dominicana.- El secretario general del Colegio de Periodistas, seccional regional sur central que conforman las provincias Peravia, Azua y Ocoa y la secretaria general del Sindicato Nacional de Trabajadores de la Prensa, filial Peravia, en rueda de prensa deploraron hoy los actos de abuso de poder perpetrados contra miembros del SNTP, Peravia, denunciados [&hellip;]<\/p>\n","protected":false},"author":1,"featured_media":0,"comment_status":"open","ping_status":"open","sticky":false,"template":"","format":"standard","meta":{"_bbp_topic_count":0,"_bbp_reply_count":0,"_bbp_total_topic_count":0,"_bbp_total_reply_count":0,"_bbp_voice_count":0,"_bbp_anonymous_reply_count":0,"_bbp_topic_count_hidden":0,"_bbp_reply_count_hidden":0,"_bbp_forum_subforum_count":0,"footnotes":""},"categories":[30,60],"tags":[],"class_list":{"0":"post-316866","1":"post","2":"type-post","3":"status-publish","4":"format-standard","6":"category-actualidad","7":"category-titulares-del-dia"},"_links":{"self":[{"href":"https:\/\/primermomento.com\/index.php?rest_route=\/wp\/v2\/posts\/316866","targetHints":{"allow":["GET"]}}],"collection":[{"href":"https:\/\/primermomento.com\/index.php?rest_route=\/wp\/v2\/posts"}],"about":[{"href":"https:\/\/primermomento.com\/index.php?rest_route=\/wp\/v2\/types\/post"}],"author":[{"embeddable":true,"href":"https:\/\/primermomento.com\/index.php?rest_route=\/wp\/v2\/users\/1"}],"replies":[{"embeddable":true,"href":"https:\/\/primermomento.com\/index.php?rest_route=%2Fwp%2Fv2%2Fcomments&post=316866"}],"version-history":[{"count":4,"href":"https:\/\/primermomento.com\/index.php?rest_route=\/wp\/v2\/posts\/316866\/revisions"}],"predecessor-version":[{"id":316871,"href":"https:\/\/primermomento.com\/index.php?rest_route=\/wp\/v2\/posts\/316866\/revisions\/316871"}],"wp:attachment":[{"href":"https:\/\/primermomento.com\/index.php?rest_route=%2Fwp%2Fv2%2Fmedia&parent=316866"}],"wp:term":[{"taxonomy":"category","embeddable":true,"href":"https:\/\/primermomento.com\/index.php?rest_route=%2Fwp%2Fv2%2Fcategories&post=316866"},{"taxonomy":"post_tag","embeddable":true,"href":"https:\/\/primermomento.com\/index.php?rest_route=%2Fwp%2Fv2%2Ftags&post=316866"}],"curies":[{"name":"wp","href":"https:\/\/api.w.org\/{rel}","templated":true}]}}