{"id":318237,"date":"2019-06-08T11:07:35","date_gmt":"2019-06-08T15:07:35","guid":{"rendered":"http:\/\/primermomento.com\/?p=318237"},"modified":"2019-06-08T20:10:05","modified_gmt":"2019-06-09T00:10:05","slug":"los-oceanos-estan-bajo-una-amenza-sin-precedentes-alerta-onu","status":"publish","type":"post","link":"https:\/\/primermomento.com\/?p=318237","title":{"rendered":"Los oc\u00e9anos est\u00e1n bajo una amenza sin precedentes, alerta ONU"},"content":{"rendered":"\n<p> NACIONES UNIDAS, Nueva York.- Los oc\u00e9anos est\u00e1n bajo una amenaza sin  precedentes y su biodiversidad se ecuentra en peligro debido a la  contaminaci\u00f3n y el cambio clim\u00e1tico, alert\u00f3 hoy el secretario general de  la ONU, Ant\u00f3nio Guterres.                         <br>                          <\/p>\n\n\n\n<figure class=\"wp-block-image\"><img loading=\"lazy\" decoding=\"async\" width=\"748\" height=\"498\" src=\"http:\/\/primermomento.com\/wp-content\/uploads\/2019\/06\/oceanos-onu.jpg\" alt=\"\" class=\"wp-image-318238\" srcset=\"https:\/\/primermomento.com\/wp-content\/uploads\/2019\/06\/oceanos-onu.jpg 748w, https:\/\/primermomento.com\/wp-content\/uploads\/2019\/06\/oceanos-onu-300x200.jpg 300w, https:\/\/primermomento.com\/wp-content\/uploads\/2019\/06\/oceanos-onu-73x50.jpg 73w, https:\/\/primermomento.com\/wp-content\/uploads\/2019\/06\/oceanos-onu-500x333.jpg 500w, https:\/\/primermomento.com\/wp-content\/uploads\/2019\/06\/oceanos-onu-280x186.jpg 280w, https:\/\/primermomento.com\/wp-content\/uploads\/2019\/06\/oceanos-onu-60x40.jpg 60w, https:\/\/primermomento.com\/wp-content\/uploads\/2019\/06\/oceanos-onu-638x425.jpg 638w, https:\/\/primermomento.com\/wp-content\/uploads\/2019\/06\/oceanos-onu-118x79.jpg 118w, https:\/\/primermomento.com\/wp-content\/uploads\/2019\/06\/oceanos-onu-479x319.jpg 479w\" sizes=\"auto, (max-width: 748px) 100vw, 748px\" \/><\/figure>\n\n\n\n<p>En su mensaje por el D\u00eda Mundial de los Oc\u00e9anos, expres\u00f3 que oc\u00e9anos y  mares &#8216;nos conectan y sustentan&#8217;, son el hogar de numerosas especies y  una defensa vital contra la emergencia clim\u00e1tica global.<\/p>\n\n\n\n<p> Sin embargo, advirti\u00f3, en los \u00faltimos 150 a\u00f1os, casi la mitad de todos los corales vivos se han perdido.<\/p>\n\n\n\n<p>\n En tanto, la contaminaci\u00f3n por pl\u00e1stico se ha multiplicado por 10 \ndurante las \u00faltimas cuatro d\u00e9cadas, y un tercio de las poblaciones de \npeces ahora est\u00e1n sobreexplotadas, agreg\u00f3.<\/p>\n\n\n\n<p> &#8216;Las zonas muertas, \ndesiertos submarinos donde la vida no puede sobrevivir debido a la falta\n de ox\u00edgeno, est\u00e1n creciendo r\u00e1pidamente en extensi\u00f3n y n\u00famero.&#8217; <\/p>\n\n\n\n<p>Adem\u00e1s,\n recalc\u00f3 Guterres, los efectos de la contaminaci\u00f3n y el cambio clim\u00e1tico\n en los oc\u00e9anos tienen un impacto desproporcionado sobre las mujeres, \nque durante mucho tiempo no pudieron compartir por igual sus beneficios.<\/p>\n\n\n\n<p>\n En la actualidad, las mujeres representan la mitad de la fuerza laboral\n que se dedica a la captura y recolecci\u00f3n de peces, aunque reciben un \npago sustancialmente menor que los hombres, observ\u00f3.<\/p>\n\n\n\n<p> A menudo, \nellas son relegadas al trabajar en la industria de procesamiento de \npescado o en otros sectores relacionados como el transporte mar\u00edtimo, el\n turismo costero o la ciencia, lament\u00f3 el secretario general de la ONU.<\/p>\n\n\n\n<p>\n Por eso, llam\u00f3 a enfrentar la desigualdad de g\u00e9nero, lo cual resulta \nesencial para lograr los objetivos y metas relacionados con los oc\u00e9anos \nincluidos en la Agenda 2030 para el Desarrollo Sostenible.<\/p>\n\n\n\n<p> \nAsimismo, inst\u00f3 a los Gobiernos, organizaciones internacionales, \nempresas privadas, comunidades e individuos a promover la igualdad de \ng\u00e9nero y los derechos de las mujeres y las ni\u00f1as como una contribuci\u00f3n \ncrucial para enfrentar los desaf\u00edos del oc\u00e9ano.<\/p>\n\n\n\n<p> &#8216;Tambi\u00e9n debemos\n actuar en una variedad de sectores para abordar las demandas \nconflictivas de la industria, la pesca, el transporte mar\u00edtimo, la \nminer\u00eda y el turismo que est\u00e1n creando niveles insostenibles de estr\u00e9s \nen los ecosistemas marinos y costeros.&#8217; <\/p>\n\n\n\n<p>Mientras se acerca la  pr\u00f3ximo conferencia de las Naciones Unidas sobre los oc\u00e9anos, a  celebrarse en Lisboa en el 2020, hagamos todo lo posible para proteger y  preservar este recurso esencial para el desarrollo sostenible, convoc\u00f3  Guterres. <\/p>\n\n\n\n<p style=\"text-align:right\"><em>PL<\/em><\/p>\n","protected":false},"excerpt":{"rendered":"<p>NACIONES UNIDAS, Nueva York.- Los oc\u00e9anos est\u00e1n bajo una amenaza sin precedentes y su biodiversidad se ecuentra en peligro debido a la contaminaci\u00f3n y el cambio clim\u00e1tico, alert\u00f3 hoy el secretario general de la ONU, Ant\u00f3nio Guterres. En su mensaje por el D\u00eda Mundial de los Oc\u00e9anos, expres\u00f3 que oc\u00e9anos y mares &#8216;nos conectan y [&hellip;]<\/p>\n","protected":false},"author":1,"featured_media":0,"comment_status":"open","ping_status":"open","sticky":false,"template":"","format":"standard","meta":{"_bbp_topic_count":0,"_bbp_reply_count":0,"_bbp_total_topic_count":0,"_bbp_total_reply_count":0,"_bbp_voice_count":0,"_bbp_anonymous_reply_count":0,"_bbp_topic_count_hidden":0,"_bbp_reply_count_hidden":0,"_bbp_forum_subforum_count":0,"footnotes":""},"categories":[37,60],"tags":[],"class_list":{"0":"post-318237","1":"post","2":"type-post","3":"status-publish","4":"format-standard","6":"category-ciencia-tecnologia","7":"category-titulares-del-dia"},"_links":{"self":[{"href":"https:\/\/primermomento.com\/index.php?rest_route=\/wp\/v2\/posts\/318237","targetHints":{"allow":["GET"]}}],"collection":[{"href":"https:\/\/primermomento.com\/index.php?rest_route=\/wp\/v2\/posts"}],"about":[{"href":"https:\/\/primermomento.com\/index.php?rest_route=\/wp\/v2\/types\/post"}],"author":[{"embeddable":true,"href":"https:\/\/primermomento.com\/index.php?rest_route=\/wp\/v2\/users\/1"}],"replies":[{"embeddable":true,"href":"https:\/\/primermomento.com\/index.php?rest_route=%2Fwp%2Fv2%2Fcomments&post=318237"}],"version-history":[{"count":1,"href":"https:\/\/primermomento.com\/index.php?rest_route=\/wp\/v2\/posts\/318237\/revisions"}],"predecessor-version":[{"id":318239,"href":"https:\/\/primermomento.com\/index.php?rest_route=\/wp\/v2\/posts\/318237\/revisions\/318239"}],"wp:attachment":[{"href":"https:\/\/primermomento.com\/index.php?rest_route=%2Fwp%2Fv2%2Fmedia&parent=318237"}],"wp:term":[{"taxonomy":"category","embeddable":true,"href":"https:\/\/primermomento.com\/index.php?rest_route=%2Fwp%2Fv2%2Fcategories&post=318237"},{"taxonomy":"post_tag","embeddable":true,"href":"https:\/\/primermomento.com\/index.php?rest_route=%2Fwp%2Fv2%2Ftags&post=318237"}],"curies":[{"name":"wp","href":"https:\/\/api.w.org\/{rel}","templated":true}]}}