{"id":318688,"date":"2019-06-25T03:00:17","date_gmt":"2019-06-25T07:00:17","guid":{"rendered":"http:\/\/primermomento.com\/?p=318688"},"modified":"2019-06-25T14:05:06","modified_gmt":"2019-06-25T18:05:06","slug":"derrota-ante-haiti-confirma-dudas-sobre-seleccion-tica-de-futbol","status":"publish","type":"post","link":"https:\/\/primermomento.com\/?p=318688","title":{"rendered":"Derrota ante Hait\u00ed confirma dudas sobre selecci\u00f3n tica de f\u00fatbol"},"content":{"rendered":"\n<p>SAN JOS\u00c9, Costa Rica.- Pese al  buen trabajo de los jugadores en el primer tiempo, la derrota final 1-2  ante Hait\u00ed confirma hoy las dudas de aficionados y expertos sobre el  desempe\u00f1o de la selecci\u00f3n de f\u00fatbol de Costa Rica.                         <br>                         <\/p>\n\n\n\n<figure class=\"wp-block-image\"><img loading=\"lazy\" decoding=\"async\" width=\"748\" height=\"498\" src=\"http:\/\/primermomento.com\/wp-content\/uploads\/2019\/06\/CopaOroCostaRicaHaiti1-2.jpg\" alt=\"\" class=\"wp-image-318689\" srcset=\"https:\/\/primermomento.com\/wp-content\/uploads\/2019\/06\/CopaOroCostaRicaHaiti1-2.jpg 748w, https:\/\/primermomento.com\/wp-content\/uploads\/2019\/06\/CopaOroCostaRicaHaiti1-2-300x200.jpg 300w, https:\/\/primermomento.com\/wp-content\/uploads\/2019\/06\/CopaOroCostaRicaHaiti1-2-73x50.jpg 73w, https:\/\/primermomento.com\/wp-content\/uploads\/2019\/06\/CopaOroCostaRicaHaiti1-2-500x333.jpg 500w, https:\/\/primermomento.com\/wp-content\/uploads\/2019\/06\/CopaOroCostaRicaHaiti1-2-280x186.jpg 280w, https:\/\/primermomento.com\/wp-content\/uploads\/2019\/06\/CopaOroCostaRicaHaiti1-2-60x40.jpg 60w, https:\/\/primermomento.com\/wp-content\/uploads\/2019\/06\/CopaOroCostaRicaHaiti1-2-638x425.jpg 638w, https:\/\/primermomento.com\/wp-content\/uploads\/2019\/06\/CopaOroCostaRicaHaiti1-2-118x79.jpg 118w, https:\/\/primermomento.com\/wp-content\/uploads\/2019\/06\/CopaOroCostaRicaHaiti1-2-479x319.jpg 479w\" sizes=\"auto, (max-width: 748px) 100vw, 748px\" \/><\/figure>\n\n\n\n<p> Toda la prensa tica comenta hoy ese resultado, pues coloca a la  Tricolor, como llaman aqu\u00ed al equipo nacional por los colores -azul,  rojo y blanco- de la bandera, contra la pared al tener que enfrentar al  dif\u00edcil y favorito conjunto de M\u00e9xico en cuartos de final de la Copa Oro  de la Confederaci\u00f3n de Norte, Centroam\u00e9rica y el Caribe de F\u00fatbol  (Concacaf).<\/p>\n\n\n\n<p> Los ticos llegaron al partido ante Hait\u00ed en el Red \nBull Arena de Nueva Yersey, Estados Unidos, con el cartel de favoritos \npara quedar de primero en la fase eliminatoria del Grupo B y enfrentar \nen cuartos de final a Canad\u00e1, segundo del A y as\u00ed tener un mejor camino \nhacia la semifinal, al evitar a M\u00e9xico.<\/p>\n\n\n\n<p> Pero, siempre hay peros \npara el juego de la Tricolor en los \u00faltimos a\u00f1os -tras el equipo de lujo\n que logr\u00f3 el octavo lugar en la Copa del Mundo de Brasil en 2014-, \nacentuado bajo la conducci\u00f3n del t\u00e9cnico uruguayo Gustavo Matosas, a \nquien responsabilizan por la derrota de anoche, por mantener un esquema \nque se ve\u00eda era ineficaz ante el contraataque haitiano.<\/p>\n\n\n\n<p> Matosas \nno supo leer la intenci\u00f3n del rival y no realiz\u00f3 los cambios necesarios \npara mantener la ventaja o al menos el empate, son algunas de los \nse\u00f1alamientos, al tiempo que atribuyen a los jugadores la falta de \ndefinici\u00f3n en el buen momento de la selecci\u00f3n para sentenciar el partido\n con los goles que se les escaparon a sus atacantes y volantes.<\/p>\n\n\n\n<p> \nIncluso y a pesar de que la Concacaf vari\u00f3 su decisi\u00f3n inicial de que el\n gol tico era en realidad un autogol del haitiano Djimy Bend Alexis, la \nanotaci\u00f3n tica fue por ese desvio del joven defensa derecho ante \ncabezazo del veterano atacante \u00c1lvaro Sabor\u00edo, en su sexta participaci\u00f3n\n en Copa Oro.<\/p>\n\n\n\n<p> Alexis ser\u00eda despu\u00e9s el h\u00e9roe de Hait\u00ed, al anotar \nal minuto 81 el gol que le dar\u00eda el triunfo a su pa\u00eds y el pase invicto a\n cuartos de final, para enfrentar a Canad\u00e1 el s\u00e1bado por el boleto a \nsemifinal.<\/p>\n\n\n\n<p> Despu\u00e9s del minuto 60, los jugadores ticos se vieron \nsuperados por la velocidad de sus rivales y pese a tener casi un 70 por \nciento de posesi\u00f3n del bal\u00f3n fueron incapaces de contener la \ncontraofensiva haitiana, que marc\u00f3 el primero gracias a una falta de \npenal de Francisco Calvo y el segundo por una excelente jugada de \nEtienne, culminada por Alexis.<\/p>\n\n\n\n<p> La derrota y sobre todo el  desempe\u00f1o de la Tricolor confirmaron las dudas sobre el estado actual de  los jugadores ticos -buena parte de ellos ya veteranos- y sobre la  posibilidad de que los j\u00f3venes integrantes de la Selecci\u00f3n Nacional  puedan traer las glorias de aquellos en la venidera Copa del Mundo Qatar  2022, para la cual ni ha comenzado la clasificaci\u00f3n. <\/p>\n\n\n\n<p style=\"text-align:right\"> Alejandro G\u00f3mez\/<em>PL<\/em><\/p>\n","protected":false},"excerpt":{"rendered":"<p>SAN JOS\u00c9, Costa Rica.- Pese al buen trabajo de los jugadores en el primer tiempo, la derrota final 1-2 ante Hait\u00ed confirma hoy las dudas de aficionados y expertos sobre el desempe\u00f1o de la selecci\u00f3n de f\u00fatbol de Costa Rica. Toda la prensa tica comenta hoy ese resultado, pues coloca a la Tricolor, como llaman [&hellip;]<\/p>\n","protected":false},"author":1,"featured_media":0,"comment_status":"open","ping_status":"open","sticky":false,"template":"","format":"standard","meta":{"_bbp_topic_count":0,"_bbp_reply_count":0,"_bbp_total_topic_count":0,"_bbp_total_reply_count":0,"_bbp_voice_count":0,"_bbp_anonymous_reply_count":0,"_bbp_topic_count_hidden":0,"_bbp_reply_count_hidden":0,"_bbp_forum_subforum_count":0,"footnotes":""},"categories":[42,60],"tags":[],"class_list":{"0":"post-318688","1":"post","2":"type-post","3":"status-publish","4":"format-standard","6":"category-deportes","7":"category-titulares-del-dia"},"_links":{"self":[{"href":"https:\/\/primermomento.com\/index.php?rest_route=\/wp\/v2\/posts\/318688","targetHints":{"allow":["GET"]}}],"collection":[{"href":"https:\/\/primermomento.com\/index.php?rest_route=\/wp\/v2\/posts"}],"about":[{"href":"https:\/\/primermomento.com\/index.php?rest_route=\/wp\/v2\/types\/post"}],"author":[{"embeddable":true,"href":"https:\/\/primermomento.com\/index.php?rest_route=\/wp\/v2\/users\/1"}],"replies":[{"embeddable":true,"href":"https:\/\/primermomento.com\/index.php?rest_route=%2Fwp%2Fv2%2Fcomments&post=318688"}],"version-history":[{"count":1,"href":"https:\/\/primermomento.com\/index.php?rest_route=\/wp\/v2\/posts\/318688\/revisions"}],"predecessor-version":[{"id":318690,"href":"https:\/\/primermomento.com\/index.php?rest_route=\/wp\/v2\/posts\/318688\/revisions\/318690"}],"wp:attachment":[{"href":"https:\/\/primermomento.com\/index.php?rest_route=%2Fwp%2Fv2%2Fmedia&parent=318688"}],"wp:term":[{"taxonomy":"category","embeddable":true,"href":"https:\/\/primermomento.com\/index.php?rest_route=%2Fwp%2Fv2%2Fcategories&post=318688"},{"taxonomy":"post_tag","embeddable":true,"href":"https:\/\/primermomento.com\/index.php?rest_route=%2Fwp%2Fv2%2Ftags&post=318688"}],"curies":[{"name":"wp","href":"https:\/\/api.w.org\/{rel}","templated":true}]}}