{"id":320745,"date":"2019-09-09T17:45:35","date_gmt":"2019-09-09T21:45:35","guid":{"rendered":"http:\/\/primermomento.com\/?p=320745"},"modified":"2019-09-09T20:40:31","modified_gmt":"2019-09-10T00:40:31","slug":"precandidatos-a-diputados-realizan-encuentro-en-ma","status":"publish","type":"post","link":"https:\/\/primermomento.com\/?p=320745","title":{"rendered":"Precandidatos a diputados realizan encuentro en Massachusetts"},"content":{"rendered":"\n<p>SALEM, Massachusetts.- Dirigentes \ndel proyecto Luis Abinader Presidente (LAP) en Massachusetts realizaron \nun encuentro con seis precandidatos a Diputados en la circunscripci\u00f3n #1\n de Ultramar, a fin de que tratar sobre las primarias nacionales del \nPartido Revolucionario Moderno (PRM) el 6 de octubre y las de Ultramar \nel 20 de octubre. <\/p>\n\n\n\n<figure class=\"wp-block-image\"><img loading=\"lazy\" decoding=\"async\" width=\"960\" height=\"720\" src=\"http:\/\/primermomento.com\/wp-content\/uploads\/2019\/09\/precandidatos-Diputados-Ultramar-Massachusetts.jpg\" alt=\"\" class=\"wp-image-320746\" srcset=\"https:\/\/primermomento.com\/wp-content\/uploads\/2019\/09\/precandidatos-Diputados-Ultramar-Massachusetts.jpg 960w, https:\/\/primermomento.com\/wp-content\/uploads\/2019\/09\/precandidatos-Diputados-Ultramar-Massachusetts-300x225.jpg 300w, https:\/\/primermomento.com\/wp-content\/uploads\/2019\/09\/precandidatos-Diputados-Ultramar-Massachusetts-768x576.jpg 768w, https:\/\/primermomento.com\/wp-content\/uploads\/2019\/09\/precandidatos-Diputados-Ultramar-Massachusetts-120x90.jpg 120w, https:\/\/primermomento.com\/wp-content\/uploads\/2019\/09\/precandidatos-Diputados-Ultramar-Massachusetts-500x375.jpg 500w, https:\/\/primermomento.com\/wp-content\/uploads\/2019\/09\/precandidatos-Diputados-Ultramar-Massachusetts-280x210.jpg 280w, https:\/\/primermomento.com\/wp-content\/uploads\/2019\/09\/precandidatos-Diputados-Ultramar-Massachusetts-638x479.jpg 638w, https:\/\/primermomento.com\/wp-content\/uploads\/2019\/09\/precandidatos-Diputados-Ultramar-Massachusetts-118x89.jpg 118w, https:\/\/primermomento.com\/wp-content\/uploads\/2019\/09\/precandidatos-Diputados-Ultramar-Massachusetts-479x359.jpg 479w\" sizes=\"auto, (max-width: 960px) 100vw, 960px\" \/><\/figure>\n\n\n\n<p>En\n el encuentro llamado \u201cel Cookout del Cambio\u201d en referencia a comida al \naire libre, participaron los precandidatos Rafaela G\u00f3mez, Francisco Roa,\n Cintia de la Cruz, Norberto Rodr\u00edguez, Nelson Maloney y Daniel J\u00e1quez. \nEl encuentro se celebr\u00f3 el s\u00e1bado en el 167 de la avenida Fort en Salem,\n una ciudad ubicada en el condado de Essex de Massachusetts, tambi\u00e9n \nllamada \u00abCiudad de las Brujas\u00bb a causa de los juicios que tuvieron lugar\n entre los a\u00f1os 1692 y 1693, est\u00e1 situada en la costa atl\u00e1ntica \nestadounidense, a 25 km al norte de Boston.<\/p>\n\n\n\n<p>Alfredo\n Arias Collado, coordinador de la regi\u00f3n norte de LAP, inform\u00f3 que hubo \nmucho entusiasmo entre los asistentes del encuentro, donde cada uno de \nlos precandidatos tuvo la oportunidad de exponer sus ideas y promesas en\n caso de ganar las tres posiciones de Diputados de Ultramar por la \ncircunscripci\u00f3n #1 que comprende los estados de New York, Massachusetts,\n Rhode Island, New Jersey, Pensilvania, Washington DC y Connecticut. <\/p>\n\n\n\n<p>Adem\u00e1s\n de Arias Collado, organizaron el encuentro Di\u00f3genes Reyes, coordinador \nde LAP en el estado de Massachusetts; Julia Pimentel, directora \nejecutiva; Miguel Mart\u00ednez, secretario general del PRM; Evarista \nGonz\u00e1lez, coordinadora de Lynn; Agustina Matos, directora ejecutiva de \nLynn; Angela P\u00e9rez, Coordinadora de la Mujer en Lynn; Apolinar Lugo, \ncoordinador de Lowell; Jaime Liberato, coordinador adjunto de Lowell; \nCarlos Reyes, director ejecutivo de Lowell.<\/p>\n\n\n\n<p>Tambi\u00e9n,\n Yoan Del Orbe, directora de finanzas; Francisco Moronta, coordinador de\n los empresarios; Amaury Reyes subcoordinador de Lynn; Pablo Hern\u00e1ndez, \ndirector de prensa; Manuel Ponciano, subdirector de prensa; Antonio \nL\u00f3pez, coordinador de Lawrence; F\u00e9lix Mart\u00ednez, subcoordinador de \nLawrence; Abel Reyes, director ejecutivo de Lawrence; Thomas Pujols, \ncoordinador de Nashua; Fausto Morel, sub-Coordinador de Nashua. <\/p>\n\n\n\n<p>Adem\u00e1s,\n Richard Garc\u00eda, director ejecutivo de Nashua; Enmanuel L\u00f3pez, \ncoordinador de Haverhill; Edward Pimentel, coordinador de Worcester; \nPascual Sigoellen, director ejecutivo; Daysi G\u00f3mez, directora electoral \nLAP; Rafael Saint Hilare, asesor del comando de LAP.<\/p>\n\n\n\n<p>\u00abNuestro\n PRM demuestra cada vez m\u00e1s que a pesar de ser un partido joven est\u00e1 \nfuertemente fortalecido y listo para que Luis Abinader sea elegido como \nel presidente dominicano en mayo del 2020 a fin de cambiar esta mafia \nmorada que ha sumido a la Rep\u00fablica Dominicana en un antro de \ncorrupci\u00f3n, delincuencia y desempleo, entre otros muchos males. Todo eso\n va a cambiar pronto\u00bb, manifest\u00f3 Alfredo Arias Collado.<\/p>\n","protected":false},"excerpt":{"rendered":"<p>SALEM, Massachusetts.- Dirigentes del proyecto Luis Abinader Presidente (LAP) en Massachusetts realizaron un encuentro con seis precandidatos a Diputados en la circunscripci\u00f3n #1 de Ultramar, a fin de que tratar sobre las primarias nacionales del Partido Revolucionario Moderno (PRM) el 6 de octubre y las de Ultramar el 20 de octubre. En el encuentro llamado [&hellip;]<\/p>\n","protected":false},"author":1,"featured_media":0,"comment_status":"open","ping_status":"open","sticky":false,"template":"","format":"standard","meta":{"_bbp_topic_count":0,"_bbp_reply_count":0,"_bbp_total_topic_count":0,"_bbp_total_reply_count":0,"_bbp_voice_count":0,"_bbp_anonymous_reply_count":0,"_bbp_topic_count_hidden":0,"_bbp_reply_count_hidden":0,"_bbp_forum_subforum_count":0,"footnotes":""},"categories":[30,60],"tags":[],"class_list":{"0":"post-320745","1":"post","2":"type-post","3":"status-publish","4":"format-standard","6":"category-actualidad","7":"category-titulares-del-dia"},"_links":{"self":[{"href":"https:\/\/primermomento.com\/index.php?rest_route=\/wp\/v2\/posts\/320745","targetHints":{"allow":["GET"]}}],"collection":[{"href":"https:\/\/primermomento.com\/index.php?rest_route=\/wp\/v2\/posts"}],"about":[{"href":"https:\/\/primermomento.com\/index.php?rest_route=\/wp\/v2\/types\/post"}],"author":[{"embeddable":true,"href":"https:\/\/primermomento.com\/index.php?rest_route=\/wp\/v2\/users\/1"}],"replies":[{"embeddable":true,"href":"https:\/\/primermomento.com\/index.php?rest_route=%2Fwp%2Fv2%2Fcomments&post=320745"}],"version-history":[{"count":2,"href":"https:\/\/primermomento.com\/index.php?rest_route=\/wp\/v2\/posts\/320745\/revisions"}],"predecessor-version":[{"id":320757,"href":"https:\/\/primermomento.com\/index.php?rest_route=\/wp\/v2\/posts\/320745\/revisions\/320757"}],"wp:attachment":[{"href":"https:\/\/primermomento.com\/index.php?rest_route=%2Fwp%2Fv2%2Fmedia&parent=320745"}],"wp:term":[{"taxonomy":"category","embeddable":true,"href":"https:\/\/primermomento.com\/index.php?rest_route=%2Fwp%2Fv2%2Fcategories&post=320745"},{"taxonomy":"post_tag","embeddable":true,"href":"https:\/\/primermomento.com\/index.php?rest_route=%2Fwp%2Fv2%2Ftags&post=320745"}],"curies":[{"name":"wp","href":"https:\/\/api.w.org\/{rel}","templated":true}]}}