{"id":321067,"date":"2019-09-20T11:16:14","date_gmt":"2019-09-20T15:16:14","guid":{"rendered":"http:\/\/primermomento.com\/?p=321067"},"modified":"2019-09-20T11:16:15","modified_gmt":"2019-09-20T15:16:15","slug":"las-dos-unidades-de-punta-catalina-van-a-operar-en-enero","status":"publish","type":"post","link":"https:\/\/primermomento.com\/?p=321067","title":{"rendered":"Las dos unidades de Punta Catalina van a operar en enero"},"content":{"rendered":"\n<p>SANTO DOMINGO, Rep\u00fablica Dominicana.- Para diciembre de este a\u00f1o o enero del pr\u00f3ximo (2020) se prev\u00e9 que las dos unidades de la Central Termoel\u00e9ctrica Punta Catalina (CTPC) est\u00e9n en operaci\u00f3n supliendo entre 30% y 35% de la demanda total del sistema el\u00e9ctrico nacional, indic\u00f3 el administrador general de la central, Jaime Aristy Escuder.<\/p>\n\n\n\n<figure class=\"wp-block-image\"><img loading=\"lazy\" decoding=\"async\" width=\"800\" height=\"450\" src=\"http:\/\/primermomento.com\/wp-content\/uploads\/2019\/09\/Jaime-Aristy-Escuder.jpg\" alt=\"\" class=\"wp-image-321068\" srcset=\"https:\/\/primermomento.com\/wp-content\/uploads\/2019\/09\/Jaime-Aristy-Escuder.jpg 800w, https:\/\/primermomento.com\/wp-content\/uploads\/2019\/09\/Jaime-Aristy-Escuder-300x169.jpg 300w, https:\/\/primermomento.com\/wp-content\/uploads\/2019\/09\/Jaime-Aristy-Escuder-768x432.jpg 768w, https:\/\/primermomento.com\/wp-content\/uploads\/2019\/09\/Jaime-Aristy-Escuder-478x270.jpg 478w, https:\/\/primermomento.com\/wp-content\/uploads\/2019\/09\/Jaime-Aristy-Escuder-500x281.jpg 500w, https:\/\/primermomento.com\/wp-content\/uploads\/2019\/09\/Jaime-Aristy-Escuder-280x158.jpg 280w, https:\/\/primermomento.com\/wp-content\/uploads\/2019\/09\/Jaime-Aristy-Escuder-638x359.jpg 638w, https:\/\/primermomento.com\/wp-content\/uploads\/2019\/09\/Jaime-Aristy-Escuder-118x66.jpg 118w, https:\/\/primermomento.com\/wp-content\/uploads\/2019\/09\/Jaime-Aristy-Escuder-479x269.jpg 479w\" sizes=\"auto, (max-width: 800px) 100vw, 800px\" \/><figcaption>Jaime Aristy Escuder<\/figcaption><\/figure>\n\n\n\n<p>Escuder explic\u00f3 que antes de finalizar este mes la segunda unidad comenzar\u00e1 a sincronizarse y que en los pr\u00f3ximos d\u00edas la unidad 1 entrar\u00e1 en operaci\u00f3n comercial.<\/p>\n\n\n\n<p>Reiter\u00f3 que esta ser\u00e1 la generadora m\u00e1s competitiva del sector el\u00e9ctrico y que impactar\u00e1 positivamente sobre las finanzas p\u00fablicas.<\/p>\n\n\n\n<p>Al hacer una presentaci\u00f3n durante un foro sobre energ\u00eda sostenible, Escuder indic\u00f3 que la disminuci\u00f3n del d\u00e9ficit de las distribuidoras por reducci\u00f3n del precio de sus compras en el mercado Spot se estima entre US$110 y US$200 millones, dependiendo del escenario de precios de combustibles.<\/p>\n\n\n\n<p>En general, el impacto positivo anual de la entrada de la CTPC podr\u00eda oscilar entre US$350 y US$440 millones, lo que representar\u00eda desde 0.4% hasta 0.5% del producto interno bruto (PIB), explic\u00f3 Escuder.<\/p>\n\n\n\n<p><strong>Impacto primera unidad<\/strong><\/p>\n\n\n\n<p>Escuder destac\u00f3 adem\u00e1s que desde su entrada (en fase de prueba) la unidad 1 de Punta Catalina es la unidad de generaci\u00f3n de electricidad que m\u00e1s aportes ha hecho al sistema el\u00e9ctrico nacional interconectado.<\/p>\n\n\n\n<p>Dijo que desde agosto se ha convertido en la principal generadora de electricidad y que est\u00e1 aportando entre el 15 y el 16% de la demanda.<\/p>\n\n\n\n<p>\u00abCuando Punta Catalina est\u00e1 adentro no hay ninguna otra planta de electricidad que genere m\u00e1s electricidad. Eso solamente es con una unidad\u00bb, enfatiz\u00f3.<\/p>\n\n\n\n<p>Con la entrada plena de esta central se espera solventar el d\u00e9ficit de generaci\u00f3n, pues aunque las generadoras dicen tener energ\u00eda disponible, el Gobierno alega que es muy cara.<\/p>\n","protected":false},"excerpt":{"rendered":"<p>SANTO DOMINGO, Rep\u00fablica Dominicana.- Para diciembre de este a\u00f1o o enero del pr\u00f3ximo (2020) se prev\u00e9 que las dos unidades de la Central Termoel\u00e9ctrica Punta Catalina (CTPC) est\u00e9n en operaci\u00f3n supliendo entre 30% y 35% de la demanda total del sistema el\u00e9ctrico nacional, indic\u00f3 el administrador general de la central, Jaime Aristy Escuder. Escuder explic\u00f3 [&hellip;]<\/p>\n","protected":false},"author":1,"featured_media":0,"comment_status":"open","ping_status":"open","sticky":false,"template":"","format":"standard","meta":{"_bbp_topic_count":0,"_bbp_reply_count":0,"_bbp_total_topic_count":0,"_bbp_total_reply_count":0,"_bbp_voice_count":0,"_bbp_anonymous_reply_count":0,"_bbp_topic_count_hidden":0,"_bbp_reply_count_hidden":0,"_bbp_forum_subforum_count":0,"footnotes":""},"categories":[60,32],"tags":[],"class_list":{"0":"post-321067","1":"post","2":"type-post","3":"status-publish","4":"format-standard","6":"category-titulares-del-dia","7":"category-lo-ultimo"},"_links":{"self":[{"href":"https:\/\/primermomento.com\/index.php?rest_route=\/wp\/v2\/posts\/321067","targetHints":{"allow":["GET"]}}],"collection":[{"href":"https:\/\/primermomento.com\/index.php?rest_route=\/wp\/v2\/posts"}],"about":[{"href":"https:\/\/primermomento.com\/index.php?rest_route=\/wp\/v2\/types\/post"}],"author":[{"embeddable":true,"href":"https:\/\/primermomento.com\/index.php?rest_route=\/wp\/v2\/users\/1"}],"replies":[{"embeddable":true,"href":"https:\/\/primermomento.com\/index.php?rest_route=%2Fwp%2Fv2%2Fcomments&post=321067"}],"version-history":[{"count":1,"href":"https:\/\/primermomento.com\/index.php?rest_route=\/wp\/v2\/posts\/321067\/revisions"}],"predecessor-version":[{"id":321069,"href":"https:\/\/primermomento.com\/index.php?rest_route=\/wp\/v2\/posts\/321067\/revisions\/321069"}],"wp:attachment":[{"href":"https:\/\/primermomento.com\/index.php?rest_route=%2Fwp%2Fv2%2Fmedia&parent=321067"}],"wp:term":[{"taxonomy":"category","embeddable":true,"href":"https:\/\/primermomento.com\/index.php?rest_route=%2Fwp%2Fv2%2Fcategories&post=321067"},{"taxonomy":"post_tag","embeddable":true,"href":"https:\/\/primermomento.com\/index.php?rest_route=%2Fwp%2Fv2%2Ftags&post=321067"}],"curies":[{"name":"wp","href":"https:\/\/api.w.org\/{rel}","templated":true}]}}