{"id":321173,"date":"2019-09-24T15:41:39","date_gmt":"2019-09-24T19:41:39","guid":{"rendered":"http:\/\/primermomento.com\/?p=321173"},"modified":"2019-09-24T15:41:40","modified_gmt":"2019-09-24T19:41:40","slug":"celebran-antigua-tradicion-en-la-republica-dominicana","status":"publish","type":"post","link":"https:\/\/primermomento.com\/?p=321173","title":{"rendered":"Celebran antigua tradici\u00f3n en la Rep\u00fablica Dominicana"},"content":{"rendered":"\n<p>  SANTO DOMINGO, Rep\u00fablica Dominicana.- Los dominicanos celebran hoy una de sus  m\u00e1s antiguas tradiciones, el d\u00eda de Nuestra Se\u00f1ora de Las Mercedes,  patrona de esta naci\u00f3n caribe\u00f1a.                         <br>                          <\/p>\n\n\n\n<figure class=\"wp-block-image\"><img loading=\"lazy\" decoding=\"async\" width=\"748\" height=\"498\" src=\"http:\/\/primermomento.com\/wp-content\/uploads\/2019\/09\/dsh-virgen-de-las-Mercedes-R-Dominicana.jpeg\" alt=\"\" class=\"wp-image-321174\" srcset=\"https:\/\/primermomento.com\/wp-content\/uploads\/2019\/09\/dsh-virgen-de-las-Mercedes-R-Dominicana.jpeg 748w, https:\/\/primermomento.com\/wp-content\/uploads\/2019\/09\/dsh-virgen-de-las-Mercedes-R-Dominicana-300x200.jpeg 300w, https:\/\/primermomento.com\/wp-content\/uploads\/2019\/09\/dsh-virgen-de-las-Mercedes-R-Dominicana-73x50.jpeg 73w, https:\/\/primermomento.com\/wp-content\/uploads\/2019\/09\/dsh-virgen-de-las-Mercedes-R-Dominicana-500x333.jpeg 500w, https:\/\/primermomento.com\/wp-content\/uploads\/2019\/09\/dsh-virgen-de-las-Mercedes-R-Dominicana-280x186.jpeg 280w, https:\/\/primermomento.com\/wp-content\/uploads\/2019\/09\/dsh-virgen-de-las-Mercedes-R-Dominicana-60x40.jpeg 60w, https:\/\/primermomento.com\/wp-content\/uploads\/2019\/09\/dsh-virgen-de-las-Mercedes-R-Dominicana-638x425.jpeg 638w, https:\/\/primermomento.com\/wp-content\/uploads\/2019\/09\/dsh-virgen-de-las-Mercedes-R-Dominicana-118x79.jpeg 118w, https:\/\/primermomento.com\/wp-content\/uploads\/2019\/09\/dsh-virgen-de-las-Mercedes-R-Dominicana-479x319.jpeg 479w\" sizes=\"auto, (max-width: 748px) 100vw, 748px\" \/><\/figure>\n\n\n\n<p>La ley establece que cada 24 de septiembre recesan las actividades  laborales para posibilitar las distintas actividades religiosas y  festivas por la fecha.<\/p>\n\n\n\n<p> Apuntes hist\u00f3ricos refieren que el culto a\n la virgen se remonta a los primeros a\u00f1os de la colonizaci\u00f3n espa\u00f1ola \ncuando su imagen fue tra\u00edda por los religiosos mercedarios acompa\u00f1antes \nde Crist\u00f3bal Colon en su segundo viaje a Am\u00e9rica.<\/p>\n\n\n\n<p> Por muchos \na\u00f1os la creencia popular atribuy\u00f3 a Las Mercedes su intervenci\u00f3n en una \nbatalla entre ind\u00edgenas y espa\u00f1oles, a quienes se apareci\u00f3 en el \ncampamento para asegurarles la victoria.<\/p>\n\n\n\n<p> Desde entonces, los \ncolonizadores comenzaron a rendir tributo en el lugar donde estaba su \ncampamento: el Santo Cerro de la actual provincia de La Vega, donde se \nconcentran centenares de fieles cada a\u00f1o.<\/p>\n\n\n\n<p> Con el surgimiento del  Estado dominicano en 1844, la Virgen de Las Mercedes fue declarada  patrona nacional, y aument\u00f3 la devoci\u00f3n hacia ella, que tambi\u00e9n se  extiende por otros pa\u00edses de Am\u00e9rica Latina.<\/p>\n\n\n\n<p style=\"text-align:right\"><em>PL <\/em><\/p>\n","protected":false},"excerpt":{"rendered":"<p>SANTO DOMINGO, Rep\u00fablica Dominicana.- Los dominicanos celebran hoy una de sus m\u00e1s antiguas tradiciones, el d\u00eda de Nuestra Se\u00f1ora de Las Mercedes, patrona de esta naci\u00f3n caribe\u00f1a. La ley establece que cada 24 de septiembre recesan las actividades laborales para posibilitar las distintas actividades religiosas y festivas por la fecha. Apuntes hist\u00f3ricos refieren que el [&hellip;]<\/p>\n","protected":false},"author":1,"featured_media":0,"comment_status":"open","ping_status":"open","sticky":false,"template":"","format":"standard","meta":{"_bbp_topic_count":0,"_bbp_reply_count":0,"_bbp_total_topic_count":0,"_bbp_total_reply_count":0,"_bbp_voice_count":0,"_bbp_anonymous_reply_count":0,"_bbp_topic_count_hidden":0,"_bbp_reply_count_hidden":0,"_bbp_forum_subforum_count":0,"footnotes":""},"categories":[30,60],"tags":[],"class_list":{"0":"post-321173","1":"post","2":"type-post","3":"status-publish","4":"format-standard","6":"category-actualidad","7":"category-titulares-del-dia"},"_links":{"self":[{"href":"https:\/\/primermomento.com\/index.php?rest_route=\/wp\/v2\/posts\/321173","targetHints":{"allow":["GET"]}}],"collection":[{"href":"https:\/\/primermomento.com\/index.php?rest_route=\/wp\/v2\/posts"}],"about":[{"href":"https:\/\/primermomento.com\/index.php?rest_route=\/wp\/v2\/types\/post"}],"author":[{"embeddable":true,"href":"https:\/\/primermomento.com\/index.php?rest_route=\/wp\/v2\/users\/1"}],"replies":[{"embeddable":true,"href":"https:\/\/primermomento.com\/index.php?rest_route=%2Fwp%2Fv2%2Fcomments&post=321173"}],"version-history":[{"count":1,"href":"https:\/\/primermomento.com\/index.php?rest_route=\/wp\/v2\/posts\/321173\/revisions"}],"predecessor-version":[{"id":321175,"href":"https:\/\/primermomento.com\/index.php?rest_route=\/wp\/v2\/posts\/321173\/revisions\/321175"}],"wp:attachment":[{"href":"https:\/\/primermomento.com\/index.php?rest_route=%2Fwp%2Fv2%2Fmedia&parent=321173"}],"wp:term":[{"taxonomy":"category","embeddable":true,"href":"https:\/\/primermomento.com\/index.php?rest_route=%2Fwp%2Fv2%2Fcategories&post=321173"},{"taxonomy":"post_tag","embeddable":true,"href":"https:\/\/primermomento.com\/index.php?rest_route=%2Fwp%2Fv2%2Ftags&post=321173"}],"curies":[{"name":"wp","href":"https:\/\/api.w.org\/{rel}","templated":true}]}}