{"id":323651,"date":"2019-12-12T15:07:49","date_gmt":"2019-12-12T19:07:49","guid":{"rendered":"http:\/\/primermomento.com\/?p=323651"},"modified":"2019-12-12T15:07:50","modified_gmt":"2019-12-12T19:07:50","slug":"canciller-celebra-reconocimiento-de-la-bachata-por-unesco","status":"publish","type":"post","link":"https:\/\/primermomento.com\/?p=323651","title":{"rendered":"Canciller celebra reconocimiento de la Bachata por Unesco"},"content":{"rendered":"\n<p> SANTO DOMINGO, Rep\u00fablica Dominicana.- El ministro de Relaciones Exteriores  dominicano, Miguel Vargas, celebr\u00f3 hoy la inscripci\u00f3n de la bachata,  m\u00fasica y baile, en la Lista Representativa del Patrimonio Cultural  Inmaterial de la Humanidad de Unesco.                         <br>                          <\/p>\n\n\n\n<figure class=\"wp-block-image size-large\"><img loading=\"lazy\" decoding=\"async\" width=\"748\" height=\"498\" src=\"http:\/\/primermomento.com\/wp-content\/uploads\/2019\/12\/joa-dominicana-bachata-declarada-patrimonio.jpg\" alt=\"\" class=\"wp-image-323652\" srcset=\"https:\/\/primermomento.com\/wp-content\/uploads\/2019\/12\/joa-dominicana-bachata-declarada-patrimonio.jpg 748w, https:\/\/primermomento.com\/wp-content\/uploads\/2019\/12\/joa-dominicana-bachata-declarada-patrimonio-300x200.jpg 300w, https:\/\/primermomento.com\/wp-content\/uploads\/2019\/12\/joa-dominicana-bachata-declarada-patrimonio-73x50.jpg 73w, https:\/\/primermomento.com\/wp-content\/uploads\/2019\/12\/joa-dominicana-bachata-declarada-patrimonio-500x333.jpg 500w, https:\/\/primermomento.com\/wp-content\/uploads\/2019\/12\/joa-dominicana-bachata-declarada-patrimonio-280x186.jpg 280w, https:\/\/primermomento.com\/wp-content\/uploads\/2019\/12\/joa-dominicana-bachata-declarada-patrimonio-60x40.jpg 60w, https:\/\/primermomento.com\/wp-content\/uploads\/2019\/12\/joa-dominicana-bachata-declarada-patrimonio-638x425.jpg 638w, https:\/\/primermomento.com\/wp-content\/uploads\/2019\/12\/joa-dominicana-bachata-declarada-patrimonio-118x79.jpg 118w, https:\/\/primermomento.com\/wp-content\/uploads\/2019\/12\/joa-dominicana-bachata-declarada-patrimonio-479x319.jpg 479w\" sizes=\"auto, (max-width: 748px) 100vw, 748px\" \/><\/figure>\n\n\n\n<p>De acuerdo con una nota de prensa el ministro expres\u00f3 que &#8216;nos sentimos  regocijados por este reconocimiento a nuestro ritmo, alcanzado, en gran  medida, por la ardua labor del Ministerio de Relaciones Exteriores  (Mirex)&#8217;.<\/p>\n\n\n\n<p> Asimismo, resalt\u00f3 las gestiones del embajador \ndominicano ante la Unesco, Jos\u00e9 Antonio Rodr\u00edguez y el esfuerzo \ndesplegado por cada uno de los miembros del Mirex involucrados en el \ntema para que, en tan solo dos a\u00f1os y por unanimidad, se haya producido \nla declaratoria.<\/p>\n\n\n\n<p> Vargas agreg\u00f3 que la bachata se suma al \nmerengue, tambi\u00e9n declarado Patrimonio Inmaterial de la Humanidad por la\n Unesco, en 2016.<\/p>\n\n\n\n<p> Ambas distinciones constituyen un impulso a  estas expresiones musicales criollas, que proyectan la imagen y los  valores de la dominicanidad e impulsan la industria cultural, concluy\u00f3.<\/p>\n\n\n\n<p class=\"has-text-align-right\"><em>PL <\/em><\/p>\n","protected":false},"excerpt":{"rendered":"<p>SANTO DOMINGO, Rep\u00fablica Dominicana.- El ministro de Relaciones Exteriores dominicano, Miguel Vargas, celebr\u00f3 hoy la inscripci\u00f3n de la bachata, m\u00fasica y baile, en la Lista Representativa del Patrimonio Cultural Inmaterial de la Humanidad de Unesco. De acuerdo con una nota de prensa el ministro expres\u00f3 que &#8216;nos sentimos regocijados por este reconocimiento a nuestro ritmo, [&hellip;]<\/p>\n","protected":false},"author":1,"featured_media":0,"comment_status":"open","ping_status":"open","sticky":false,"template":"","format":"standard","meta":{"_bbp_topic_count":0,"_bbp_reply_count":0,"_bbp_total_topic_count":0,"_bbp_total_reply_count":0,"_bbp_voice_count":0,"_bbp_anonymous_reply_count":0,"_bbp_topic_count_hidden":0,"_bbp_reply_count_hidden":0,"_bbp_forum_subforum_count":0,"footnotes":""},"categories":[60,32],"tags":[],"class_list":{"0":"post-323651","1":"post","2":"type-post","3":"status-publish","4":"format-standard","6":"category-titulares-del-dia","7":"category-lo-ultimo"},"_links":{"self":[{"href":"https:\/\/primermomento.com\/index.php?rest_route=\/wp\/v2\/posts\/323651","targetHints":{"allow":["GET"]}}],"collection":[{"href":"https:\/\/primermomento.com\/index.php?rest_route=\/wp\/v2\/posts"}],"about":[{"href":"https:\/\/primermomento.com\/index.php?rest_route=\/wp\/v2\/types\/post"}],"author":[{"embeddable":true,"href":"https:\/\/primermomento.com\/index.php?rest_route=\/wp\/v2\/users\/1"}],"replies":[{"embeddable":true,"href":"https:\/\/primermomento.com\/index.php?rest_route=%2Fwp%2Fv2%2Fcomments&post=323651"}],"version-history":[{"count":1,"href":"https:\/\/primermomento.com\/index.php?rest_route=\/wp\/v2\/posts\/323651\/revisions"}],"predecessor-version":[{"id":323653,"href":"https:\/\/primermomento.com\/index.php?rest_route=\/wp\/v2\/posts\/323651\/revisions\/323653"}],"wp:attachment":[{"href":"https:\/\/primermomento.com\/index.php?rest_route=%2Fwp%2Fv2%2Fmedia&parent=323651"}],"wp:term":[{"taxonomy":"category","embeddable":true,"href":"https:\/\/primermomento.com\/index.php?rest_route=%2Fwp%2Fv2%2Fcategories&post=323651"},{"taxonomy":"post_tag","embeddable":true,"href":"https:\/\/primermomento.com\/index.php?rest_route=%2Fwp%2Fv2%2Ftags&post=323651"}],"curies":[{"name":"wp","href":"https:\/\/api.w.org\/{rel}","templated":true}]}}